{"id":5385,"date":"2025-09-23T18:04:04","date_gmt":"2025-09-23T18:04:04","guid":{"rendered":"https:\/\/elregionaldigital.info\/?p=5385"},"modified":"2025-10-21T18:05:16","modified_gmt":"2025-10-21T18:05:16","slug":"patrullajes-del-grupo-motorizado-linces-de-la-guardia-estatal-disminuyen-delitos-en-zonas-comerciales","status":"publish","type":"post","link":"https:\/\/elregionaldigital.info\/?p=5385","title":{"rendered":"Patrullajes del Grupo Motorizado \u201cLinces\u201d de la Guardia Estatal disminuyen delitos en zonas comerciales"},"content":{"rendered":"\n<p>Septiembre 23 de 2025<\/p>\n\n\n\n<p>Ciudad Victoria, Tamaulipas.- La agilidad y velocidad que el patrullaje a bordo de motocicletas permite a integrantes del Grupo Motorizado \u201cLinces\u201d de la Guardia Estatal ha permitido la reducci\u00f3n de la incidencia delictiva, principalmente en zonas comerciales.<\/p>\n\n\n\n<p>De acuerdo al polic\u00eda \u201cA\u201d, Miguel Alejandro De Leija Reyes, perteneciente a este agrupamiento, representantes del ramo empresarial de Ciudad Victoria han reconocido los resultados obtenidos de los recorridos de seguridad y vigilancia, ya que permite la respuesta del personal de la Guardia Estatal sin interferir con la movilidad de peatones y automovilistas.<\/p>\n\n\n\n<p>\u201cHan agradecido el servicio\u201d, han agradecido el patrullaje que se realiza, as\u00ed estar m\u00e1s constantes en los negocios, manifest\u00f3.<\/p>\n\n\n\n<p>Adem\u00e1s de recorrer el primer cuadro de la ciudad, el agrupamiento participa en diferentes acciones operativas y de proximidad en otros sectores donde se solicita su intervenci\u00f3n, reforzando la confianza de la poblaci\u00f3n y la cultura de la denuncia a trav\u00e9s de los medios oficiales: 911 y 089.<\/p>\n\n\n\n<figure class=\"wp-block-image\"><a href=\"https:\/\/www.tamaulipas.gob.mx\/wp-content\/uploads\/2025\/09\/SSP-303-2025.-Patrullajes-del-Grupo-Motorizado-Linces-de-la-Guardia-Estatal-disminuyen-delitos-en-zonas-comerciales-2.jpeg\"><img decoding=\"async\" src=\"https:\/\/www.tamaulipas.gob.mx\/wp-content\/uploads\/2025\/09\/SSP-303-2025.-Patrullajes-del-Grupo-Motorizado-Linces-de-la-Guardia-Estatal-disminuyen-delitos-en-zonas-comerciales-2-850x500.jpeg\" alt=\"\"\/><\/a><\/figure>\n","protected":false},"excerpt":{"rendered":"<p>Septiembre 23 de 2025 Ciudad Victoria, Tamaulipas.- La agilidad y velocidad que el patrullaje a bordo de motocicletas permite a integrantes del Grupo Motorizado \u201cLinces\u201d de la Guardia Estatal ha permitido la reducci\u00f3n de la incidencia delictiva, principalmente en zonas comerciales. De acuerdo al polic\u00eda \u201cA\u201d, Miguel Alejandro De Leija Reyes, perteneciente a este agrupamiento, [&hellip;]<\/p>\n","protected":false},"author":1,"featured_media":5386,"comment_status":"open","ping_status":"open","sticky":false,"template":"","format":"standard","meta":{"footnotes":""},"categories":[2],"tags":[],"class_list":["post-5385","post","type-post","status-publish","format-standard","has-post-thumbnail","hentry","category-tamaulipas"],"blog_post_layout_featured_media_urls":{"thumbnail":["https:\/\/elregionaldigital.info\/wp-content\/uploads\/2025\/10\/SSP-303-2025.-Patrullajes-del-Grupo-Motorizado-Linces-de-la-Guardia-Estatal-disminuyen-delitos-en-zonas-comerciales-3-850x500-1-150x150.jpeg",150,150,true],"full":["https:\/\/elregionaldigital.info\/wp-content\/uploads\/2025\/10\/SSP-303-2025.-Patrullajes-del-Grupo-Motorizado-Linces-de-la-Guardia-Estatal-disminuyen-delitos-en-zonas-comerciales-3-850x500-1.jpeg",850,500,false]},"categories_names":{"2":{"name":"Tamaulipas","link":"https:\/\/elregionaldigital.info\/?cat=2"}},"tags_names":[],"comments_number":"0","wpmagazine_modules_lite_featured_media_urls":{"thumbnail":["https:\/\/elregionaldigital.info\/wp-content\/uploads\/2025\/10\/SSP-303-2025.-Patrullajes-del-Grupo-Motorizado-Linces-de-la-Guardia-Estatal-disminuyen-delitos-en-zonas-comerciales-3-850x500-1-150x150.jpeg",150,150,true],"cvmm-medium":["https:\/\/elregionaldigital.info\/wp-content\/uploads\/2025\/10\/SSP-303-2025.-Patrullajes-del-Grupo-Motorizado-Linces-de-la-Guardia-Estatal-disminuyen-delitos-en-zonas-comerciales-3-850x500-1-300x300.jpeg",300,300,true],"cvmm-medium-plus":["https:\/\/elregionaldigital.info\/wp-content\/uploads\/2025\/10\/SSP-303-2025.-Patrullajes-del-Grupo-Motorizado-Linces-de-la-Guardia-Estatal-disminuyen-delitos-en-zonas-comerciales-3-850x500-1-305x207.jpeg",305,207,true],"cvmm-portrait":["https:\/\/elregionaldigital.info\/wp-content\/uploads\/2025\/10\/SSP-303-2025.-Patrullajes-del-Grupo-Motorizado-Linces-de-la-Guardia-Estatal-disminuyen-delitos-en-zonas-comerciales-3-850x500-1-400x500.jpeg",400,500,true],"cvmm-medium-square":["https:\/\/elregionaldigital.info\/wp-content\/uploads\/2025\/10\/SSP-303-2025.-Patrullajes-del-Grupo-Motorizado-Linces-de-la-Guardia-Estatal-disminuyen-delitos-en-zonas-comerciales-3-850x500-1-600x500.jpeg",600,500,true],"cvmm-large":["https:\/\/elregionaldigital.info\/wp-content\/uploads\/2025\/10\/SSP-303-2025.-Patrullajes-del-Grupo-Motorizado-Linces-de-la-Guardia-Estatal-disminuyen-delitos-en-zonas-comerciales-3-850x500-1.jpeg",850,500,false],"cvmm-small":["https:\/\/elregionaldigital.info\/wp-content\/uploads\/2025\/10\/SSP-303-2025.-Patrullajes-del-Grupo-Motorizado-Linces-de-la-Guardia-Estatal-disminuyen-delitos-en-zonas-comerciales-3-850x500-1-130x95.jpeg",130,95,true],"full":["https:\/\/elregionaldigital.info\/wp-content\/uploads\/2025\/10\/SSP-303-2025.-Patrullajes-del-Grupo-Motorizado-Linces-de-la-Guardia-Estatal-disminuyen-delitos-en-zonas-comerciales-3-850x500-1.jpeg",850,500,false]},"_links":{"self":[{"href":"https:\/\/elregionaldigital.info\/index.php?rest_route=\/wp\/v2\/posts\/5385","targetHints":{"allow":["GET"]}}],"collection":[{"href":"https:\/\/elregionaldigital.info\/index.php?rest_route=\/wp\/v2\/posts"}],"about":[{"href":"https:\/\/elregionaldigital.info\/index.php?rest_route=\/wp\/v2\/types\/post"}],"author":[{"embeddable":true,"href":"https:\/\/elregionaldigital.info\/index.php?rest_route=\/wp\/v2\/users\/1"}],"replies":[{"embeddable":true,"href":"https:\/\/elregionaldigital.info\/index.php?rest_route=%2Fwp%2Fv2%2Fcomments&post=5385"}],"version-history":[{"count":1,"href":"https:\/\/elregionaldigital.info\/index.php?rest_route=\/wp\/v2\/posts\/5385\/revisions"}],"predecessor-version":[{"id":5387,"href":"https:\/\/elregionaldigital.info\/index.php?rest_route=\/wp\/v2\/posts\/5385\/revisions\/5387"}],"wp:featuredmedia":[{"embeddable":true,"href":"https:\/\/elregionaldigital.info\/index.php?rest_route=\/wp\/v2\/media\/5386"}],"wp:attachment":[{"href":"https:\/\/elregionaldigital.info\/index.php?rest_route=%2Fwp%2Fv2%2Fmedia&parent=5385"}],"wp:term":[{"taxonomy":"category","embeddable":true,"href":"https:\/\/elregionaldigital.info\/index.php?rest_route=%2Fwp%2Fv2%2Fcategories&post=5385"},{"taxonomy":"post_tag","embeddable":true,"href":"https:\/\/elregionaldigital.info\/index.php?rest_route=%2Fwp%2Fv2%2Ftags&post=5385"}],"curies":[{"name":"wp","href":"https:\/\/api.w.org\/{rel}","templated":true}]}}