{"id":5374,"date":"2025-10-10T17:51:28","date_gmt":"2025-10-10T17:51:28","guid":{"rendered":"https:\/\/elregionaldigital.info\/?p=5374"},"modified":"2025-10-21T17:52:35","modified_gmt":"2025-10-21T17:52:35","slug":"proteccion-civil-tamaulipas-emite-aviso-por-presencia-y-continuidad-de-lluvias-en-la-entidad","status":"publish","type":"post","link":"https:\/\/elregionaldigital.info\/?p=5374","title":{"rendered":"Protecci\u00f3n Civil Tamaulipas emite aviso por presencia y continuidad de lluvias en la entidad"},"content":{"rendered":"\n<p>Octubre 10 de 2025<\/p>\n\n\n\n<p>Ciudad Victoria, Tamaulipas.- La Coordinaci\u00f3n Estatal de Protecci\u00f3n Civil informa a la ciudadan\u00eda, sobre la presencia y continuidad de lluvias de moderadas a fuertes que se registran durante este d\u00eda en diversas regiones del estado, derivadas del ingreso de humedad del Golfo de M\u00e9xico y una zona de inestabilidad atmosf\u00e9rica.<\/p>\n\n\n\n<p>De acuerdo con el Servicio Meteorol\u00f3gico Nacional, las precipitaciones afectan principalmente las zonas centro y sur del estado, incluyendo los municipios de Ciudad Victoria, Hidalgo, Padilla, G\u00fc\u00e9mez, Llera, El Mante, Soto La Marina, Abasolo, Jim\u00e9nez, Tampico, Madero y Altamira, sin descartar lluvias dispersas en la regi\u00f3n norte.<\/p>\n\n\n\n<p>Se prev\u00e9 que las precipitaciones est\u00e9n acompa\u00f1adas de actividad el\u00e9ctrica moderada y rachas de viento, entre los 30 y 50 km. por hora, por lo que se recomienda a la poblaci\u00f3n mantenerse alerta ante posibles inundaciones en zonas bajas, encharcamientos, crecidas repentinas de r\u00edos o arroyos y baja visibilidad en carreteras.<\/p>\n\n\n\n<p>El coordinador estatal de Protecci\u00f3n Civil, Luis Gerardo Gonz\u00e1lez de la Fuente, exhort\u00f3 a la poblaci\u00f3n a tomar precauciones y seguir las recomendaciones de la dependencia, enfatizando que \u201cla prevenci\u00f3n y la atenci\u00f3n oportuna son fundamentales para reducir riesgos ante las condiciones de lluvia que actualmente se presentan en la entidad.\u201d<\/p>\n\n\n\n<p>Asimismo, inform\u00f3 que este temporal de lluvias concluir\u00e1 durante el transcurso del d\u00eda s\u00e1bado 11 de octubre, esper\u00e1ndose una disminuci\u00f3n gradual en la intensidad de las precipitaciones y una mejora en las condiciones meteorol\u00f3gicas para el resto del fin de semana.<\/p>\n\n\n\n<p>Recomendaciones a la poblaci\u00f3n:<\/p>\n\n\n\n<p>\u2022Evitar cruzar corrientes de agua o zonas inundadas.<\/p>\n\n\n\n<p>\u2022Limpiar y recoger basura en las vialidades convergentes a sus zonas habitacionales.<\/p>\n\n\n\n<p>\u2022No arrojar basura en drenes, alcantarillas ni cauces naturales.<\/p>\n\n\n\n<p>\u2022Resguardar objetos sueltos que puedan ser desplazados por el viento.<\/p>\n\n\n\n<p>\u2022Mantener precauci\u00f3n al conducir bajo condiciones de lluvia y disminuir la velocidad.<br>\u2022Estar atentos a los avisos oficiales emitidos por Protecci\u00f3n Civil Tamaulipas y autoridades municipales.<\/p>\n\n\n\n<p>\u2022Reportar cualquier emergencia al 911.<\/p>\n\n\n\n<p>Los Consejos Municipales de Protecci\u00f3n Civil se mantienen en vigilancia permanente y listos para brindar apoyo a la poblaci\u00f3n en caso de ser necesario.<\/p>\n\n\n\n<p>\u201cEl Gobierno del Estado, a trav\u00e9s de Protecci\u00f3n Civil Tamaulipas, mantiene el monitoreo constante de las condiciones meteorol\u00f3gicas y trabaja en coordinaci\u00f3n con autoridades municipales y federales para salvaguardar la integridad de las y los tamaulipecos\u201d, se\u00f1al\u00f3 Gonzalez de la Fuente.<\/p>\n\n\n\n<figure class=\"wp-block-image is-style-default\"><a href=\"https:\/\/www.tamaulipas.gob.mx\/wp-content\/uploads\/2025\/10\/CPC-015-2025.-Proteccion-Civil-Tamaulipas-emite-aviso-por-presencia-y-continuidad-de-lluvias-en-la-entidad-1.jpeg\"><img decoding=\"async\" src=\"https:\/\/www.tamaulipas.gob.mx\/wp-content\/uploads\/2025\/10\/CPC-015-2025.-Proteccion-Civil-Tamaulipas-emite-aviso-por-presencia-y-continuidad-de-lluvias-en-la-entidad-1-830x500.jpeg\" alt=\"\"\/><\/a><\/figure>\n","protected":false},"excerpt":{"rendered":"<p>Octubre 10 de 2025 Ciudad Victoria, Tamaulipas.- La Coordinaci\u00f3n Estatal de Protecci\u00f3n Civil informa a la ciudadan\u00eda, sobre la presencia y continuidad de lluvias de moderadas a fuertes que se registran durante este d\u00eda en diversas regiones del estado, derivadas del ingreso de humedad del Golfo de M\u00e9xico y una zona de inestabilidad atmosf\u00e9rica. De [&hellip;]<\/p>\n","protected":false},"author":1,"featured_media":5375,"comment_status":"open","ping_status":"open","sticky":false,"template":"","format":"standard","meta":{"footnotes":""},"categories":[2],"tags":[],"class_list":["post-5374","post","type-post","status-publish","format-standard","has-post-thumbnail","hentry","category-tamaulipas"],"blog_post_layout_featured_media_urls":{"thumbnail":["https:\/\/elregionaldigital.info\/wp-content\/uploads\/2025\/10\/CPC-015-2025.-Proteccion-Civil-Tamaulipas-emite-aviso-por-presencia-y-continuidad-de-lluvias-en-la-entidad-3-850x500-1-150x150.jpeg",150,150,true],"full":["https:\/\/elregionaldigital.info\/wp-content\/uploads\/2025\/10\/CPC-015-2025.-Proteccion-Civil-Tamaulipas-emite-aviso-por-presencia-y-continuidad-de-lluvias-en-la-entidad-3-850x500-1.jpeg",850,500,false]},"categories_names":{"2":{"name":"Tamaulipas","link":"https:\/\/elregionaldigital.info\/?cat=2"}},"tags_names":[],"comments_number":"0","wpmagazine_modules_lite_featured_media_urls":{"thumbnail":["https:\/\/elregionaldigital.info\/wp-content\/uploads\/2025\/10\/CPC-015-2025.-Proteccion-Civil-Tamaulipas-emite-aviso-por-presencia-y-continuidad-de-lluvias-en-la-entidad-3-850x500-1-150x150.jpeg",150,150,true],"cvmm-medium":["https:\/\/elregionaldigital.info\/wp-content\/uploads\/2025\/10\/CPC-015-2025.-Proteccion-Civil-Tamaulipas-emite-aviso-por-presencia-y-continuidad-de-lluvias-en-la-entidad-3-850x500-1-300x300.jpeg",300,300,true],"cvmm-medium-plus":["https:\/\/elregionaldigital.info\/wp-content\/uploads\/2025\/10\/CPC-015-2025.-Proteccion-Civil-Tamaulipas-emite-aviso-por-presencia-y-continuidad-de-lluvias-en-la-entidad-3-850x500-1-305x207.jpeg",305,207,true],"cvmm-portrait":["https:\/\/elregionaldigital.info\/wp-content\/uploads\/2025\/10\/CPC-015-2025.-Proteccion-Civil-Tamaulipas-emite-aviso-por-presencia-y-continuidad-de-lluvias-en-la-entidad-3-850x500-1-400x500.jpeg",400,500,true],"cvmm-medium-square":["https:\/\/elregionaldigital.info\/wp-content\/uploads\/2025\/10\/CPC-015-2025.-Proteccion-Civil-Tamaulipas-emite-aviso-por-presencia-y-continuidad-de-lluvias-en-la-entidad-3-850x500-1-600x500.jpeg",600,500,true],"cvmm-large":["https:\/\/elregionaldigital.info\/wp-content\/uploads\/2025\/10\/CPC-015-2025.-Proteccion-Civil-Tamaulipas-emite-aviso-por-presencia-y-continuidad-de-lluvias-en-la-entidad-3-850x500-1.jpeg",850,500,false],"cvmm-small":["https:\/\/elregionaldigital.info\/wp-content\/uploads\/2025\/10\/CPC-015-2025.-Proteccion-Civil-Tamaulipas-emite-aviso-por-presencia-y-continuidad-de-lluvias-en-la-entidad-3-850x500-1-130x95.jpeg",130,95,true],"full":["https:\/\/elregionaldigital.info\/wp-content\/uploads\/2025\/10\/CPC-015-2025.-Proteccion-Civil-Tamaulipas-emite-aviso-por-presencia-y-continuidad-de-lluvias-en-la-entidad-3-850x500-1.jpeg",850,500,false]},"_links":{"self":[{"href":"https:\/\/elregionaldigital.info\/index.php?rest_route=\/wp\/v2\/posts\/5374","targetHints":{"allow":["GET"]}}],"collection":[{"href":"https:\/\/elregionaldigital.info\/index.php?rest_route=\/wp\/v2\/posts"}],"about":[{"href":"https:\/\/elregionaldigital.info\/index.php?rest_route=\/wp\/v2\/types\/post"}],"author":[{"embeddable":true,"href":"https:\/\/elregionaldigital.info\/index.php?rest_route=\/wp\/v2\/users\/1"}],"replies":[{"embeddable":true,"href":"https:\/\/elregionaldigital.info\/index.php?rest_route=%2Fwp%2Fv2%2Fcomments&post=5374"}],"version-history":[{"count":1,"href":"https:\/\/elregionaldigital.info\/index.php?rest_route=\/wp\/v2\/posts\/5374\/revisions"}],"predecessor-version":[{"id":5376,"href":"https:\/\/elregionaldigital.info\/index.php?rest_route=\/wp\/v2\/posts\/5374\/revisions\/5376"}],"wp:featuredmedia":[{"embeddable":true,"href":"https:\/\/elregionaldigital.info\/index.php?rest_route=\/wp\/v2\/media\/5375"}],"wp:attachment":[{"href":"https:\/\/elregionaldigital.info\/index.php?rest_route=%2Fwp%2Fv2%2Fmedia&parent=5374"}],"wp:term":[{"taxonomy":"category","embeddable":true,"href":"https:\/\/elregionaldigital.info\/index.php?rest_route=%2Fwp%2Fv2%2Fcategories&post=5374"},{"taxonomy":"post_tag","embeddable":true,"href":"https:\/\/elregionaldigital.info\/index.php?rest_route=%2Fwp%2Fv2%2Ftags&post=5374"}],"curies":[{"name":"wp","href":"https:\/\/api.w.org\/{rel}","templated":true}]}}