{"id":5340,"date":"2025-10-06T18:48:23","date_gmt":"2025-10-06T18:48:23","guid":{"rendered":"https:\/\/elregionaldigital.info\/?p=5340"},"modified":"2025-10-17T18:51:20","modified_gmt":"2025-10-17T18:51:20","slug":"sinaloa-realiza-con-exito-el-trail-running-cosala-participaron-600-corredores","status":"publish","type":"post","link":"https:\/\/elregionaldigital.info\/?p=5340","title":{"rendered":"Sinaloa realiza con \u00e9xito el Trail Running Cosal\u00e1; participaron 600 corredores"},"content":{"rendered":"\n<p>octubre 6, 2025<\/p>\n\n\n\n<p>Este domingo se llev\u00f3 a cabo con \u00e9xito la&nbsp;<strong>edici\u00f3n 2025<\/strong>&nbsp;del&nbsp;<strong>Trail Running Cosal\u00e1<\/strong>&nbsp;en Sinaloa.<\/p>\n\n\n\n<p>Alrededor de&nbsp;<strong>600 participantes<\/strong>&nbsp;disfrutaron de una ruta que atraves\u00f3 las monta\u00f1as, r\u00edos y paisajes naturales del Pueblo M\u00e1gico de la Sierra sinaloense.<\/p>\n\n\n\n<p>Corredores locales y for\u00e1neos vivieron una experiencia \u00fanica de deporte, naturaleza y convivencia familiar, consolidando a&nbsp;<strong>Cosal\u00e1<\/strong>&nbsp;como uno de los&nbsp;<strong>destinos<\/strong>&nbsp;m\u00e1s atractivos para la pr\u00e1ctica del&nbsp;<strong>senderismo<\/strong>&nbsp;y las&nbsp;<strong>competencias<\/strong>&nbsp;<strong>al aire libre<\/strong>.<\/p>\n\n\n\n<p>El&nbsp;<strong>Trail Running Cosal\u00e1<\/strong>&nbsp;cont\u00f3 con el respaldo del Gobierno de Sinaloa, encabezado por&nbsp;<strong>Rub\u00e9n Rocha Moya<\/strong>, a trav\u00e9s del Instituto Sinaloense de Cultura F\u00edsica y el Deporte (ISDE), en coordinaci\u00f3n con autoridades municipales.<\/p>\n\n\n\n<p>La presidenta municipal de Cosal\u00e1, Carla \u00darsula Corrales Corrales, se dijo contenta de recibir esta gran cantidad de atletas que, a su vez, se convierten en turistas y pueden disfrutar de las bondades de este Pueblo M\u00e1gico.<\/p>\n\n\n\n<blockquote class=\"wp-block-quote is-layout-flow wp-block-quote-is-layout-flow\">\n<p>Nos llena de alegr\u00eda ver a tantas personas disfrutar de nuestra tierra, de sus paisajes y de su gente. Este tipo de eventos no solo promueven la actividad f\u00edsica, sino tambi\u00e9n el turismo y la convivencia familiar. Agradecemos profundamente al Gobierno del Estado de Sinaloa, que encabeza el doctor Rub\u00e9n Rocha Moya, por todo el apoyo brindado a trav\u00e9s del Instituto Sinaloense de Cultura F\u00edsica y el Deporte para la realizaci\u00f3n de este importante Trail Running, que significa mucho para nuestro municipio\u201d, expres\u00f3 Corrales Corrales.<\/p>\n<\/blockquote>\n\n\n\n<p>El&nbsp;<strong>Trail Running Cosal\u00e1 2025<\/strong>&nbsp;no solo represent\u00f3 una oportunidad para la activaci\u00f3n f\u00edsica, sino tambi\u00e9n una ventana para que visitantes y habitantes disfrutaran del encanto hist\u00f3rico y natural del municipio, que contin\u00faa posicion\u00e1ndose como un referente del turismo deportivo en el noroeste del pa\u00eds.<\/p>\n\n\n\n<figure class=\"wp-block-image size-large\"><img loading=\"lazy\" decoding=\"async\" width=\"1024\" height=\"631\" src=\"https:\/\/elregionaldigital.info\/wp-content\/uploads\/2025\/10\/image-3-1024x631.png\" alt=\"\" class=\"wp-image-5341\" srcset=\"https:\/\/elregionaldigital.info\/wp-content\/uploads\/2025\/10\/image-3-1024x631.png 1024w, https:\/\/elregionaldigital.info\/wp-content\/uploads\/2025\/10\/image-3-300x185.png 300w, https:\/\/elregionaldigital.info\/wp-content\/uploads\/2025\/10\/image-3-768x474.png 768w, https:\/\/elregionaldigital.info\/wp-content\/uploads\/2025\/10\/image-3.png 1200w\" sizes=\"auto, (max-width: 1024px) 100vw, 1024px\" \/><\/figure>\n","protected":false},"excerpt":{"rendered":"<p>octubre 6, 2025 Este domingo se llev\u00f3 a cabo con \u00e9xito la&nbsp;edici\u00f3n 2025&nbsp;del&nbsp;Trail Running Cosal\u00e1&nbsp;en Sinaloa. Alrededor de&nbsp;600 participantes&nbsp;disfrutaron de una ruta que atraves\u00f3 las monta\u00f1as, r\u00edos y paisajes naturales del Pueblo M\u00e1gico de la Sierra sinaloense. Corredores locales y for\u00e1neos vivieron una experiencia \u00fanica de deporte, naturaleza y convivencia familiar, consolidando a&nbsp;Cosal\u00e1&nbsp;como uno de [&hellip;]<\/p>\n","protected":false},"author":1,"featured_media":5341,"comment_status":"open","ping_status":"open","sticky":false,"template":"","format":"standard","meta":{"footnotes":""},"categories":[5],"tags":[],"class_list":["post-5340","post","type-post","status-publish","format-standard","has-post-thumbnail","hentry","category-nacional"],"blog_post_layout_featured_media_urls":{"thumbnail":["https:\/\/elregionaldigital.info\/wp-content\/uploads\/2025\/10\/image-3-150x150.png",150,150,true],"full":["https:\/\/elregionaldigital.info\/wp-content\/uploads\/2025\/10\/image-3.png",1200,740,false]},"categories_names":{"5":{"name":"Nacional","link":"https:\/\/elregionaldigital.info\/?cat=5"}},"tags_names":[],"comments_number":"0","wpmagazine_modules_lite_featured_media_urls":{"thumbnail":["https:\/\/elregionaldigital.info\/wp-content\/uploads\/2025\/10\/image-3-150x150.png",150,150,true],"cvmm-medium":["https:\/\/elregionaldigital.info\/wp-content\/uploads\/2025\/10\/image-3-300x300.png",300,300,true],"cvmm-medium-plus":["https:\/\/elregionaldigital.info\/wp-content\/uploads\/2025\/10\/image-3-305x207.png",305,207,true],"cvmm-portrait":["https:\/\/elregionaldigital.info\/wp-content\/uploads\/2025\/10\/image-3-400x600.png",400,600,true],"cvmm-medium-square":["https:\/\/elregionaldigital.info\/wp-content\/uploads\/2025\/10\/image-3-600x600.png",600,600,true],"cvmm-large":["https:\/\/elregionaldigital.info\/wp-content\/uploads\/2025\/10\/image-3-1024x740.png",1024,740,true],"cvmm-small":["https:\/\/elregionaldigital.info\/wp-content\/uploads\/2025\/10\/image-3-130x95.png",130,95,true],"full":["https:\/\/elregionaldigital.info\/wp-content\/uploads\/2025\/10\/image-3.png",1200,740,false]},"_links":{"self":[{"href":"https:\/\/elregionaldigital.info\/index.php?rest_route=\/wp\/v2\/posts\/5340","targetHints":{"allow":["GET"]}}],"collection":[{"href":"https:\/\/elregionaldigital.info\/index.php?rest_route=\/wp\/v2\/posts"}],"about":[{"href":"https:\/\/elregionaldigital.info\/index.php?rest_route=\/wp\/v2\/types\/post"}],"author":[{"embeddable":true,"href":"https:\/\/elregionaldigital.info\/index.php?rest_route=\/wp\/v2\/users\/1"}],"replies":[{"embeddable":true,"href":"https:\/\/elregionaldigital.info\/index.php?rest_route=%2Fwp%2Fv2%2Fcomments&post=5340"}],"version-history":[{"count":1,"href":"https:\/\/elregionaldigital.info\/index.php?rest_route=\/wp\/v2\/posts\/5340\/revisions"}],"predecessor-version":[{"id":5342,"href":"https:\/\/elregionaldigital.info\/index.php?rest_route=\/wp\/v2\/posts\/5340\/revisions\/5342"}],"wp:featuredmedia":[{"embeddable":true,"href":"https:\/\/elregionaldigital.info\/index.php?rest_route=\/wp\/v2\/media\/5341"}],"wp:attachment":[{"href":"https:\/\/elregionaldigital.info\/index.php?rest_route=%2Fwp%2Fv2%2Fmedia&parent=5340"}],"wp:term":[{"taxonomy":"category","embeddable":true,"href":"https:\/\/elregionaldigital.info\/index.php?rest_route=%2Fwp%2Fv2%2Fcategories&post=5340"},{"taxonomy":"post_tag","embeddable":true,"href":"https:\/\/elregionaldigital.info\/index.php?rest_route=%2Fwp%2Fv2%2Ftags&post=5340"}],"curies":[{"name":"wp","href":"https:\/\/api.w.org\/{rel}","templated":true}]}}