{"id":5334,"date":"2025-10-14T18:43:22","date_gmt":"2025-10-14T18:43:22","guid":{"rendered":"https:\/\/elregionaldigital.info\/?p=5334"},"modified":"2025-10-17T18:46:05","modified_gmt":"2025-10-17T18:46:05","slug":"por-que-se-van-a-paro-los-trabajadores-del-sat-este-14-de-octubre","status":"publish","type":"post","link":"https:\/\/elregionaldigital.info\/?p=5334","title":{"rendered":"\u00bfPor qu\u00e9 se van a paro los trabajadores del SAT este 14 de octubre?"},"content":{"rendered":"\n<p>octubre 14, 2025<\/p>\n\n\n\n<p>Este martes 14 de octubre de 2025 trabajadores del&nbsp;<strong>Servicio de Administraci\u00f3n Tributaria<\/strong>&nbsp;(<strong>SAT<\/strong>) llevar\u00e1n a cabo un&nbsp;<strong>paro nacional a partir de las 08:00 h<\/strong>,<\/p>\n\n\n\n<p>Lo anterior se debe ante la falta de un&nbsp;<strong>incremento salarial&nbsp;<\/strong>y condiciones laborales deficientes, tales como largas jornadas de trabajo.<\/p>\n\n\n\n<p>Dicha protesta laboral se realizar\u00e1 bajo la modalidad pac\u00edfica de \u201cbrazos ca\u00eddos\u201d, lo que significa que ser\u00e1 en sus lugares de trabajo, por lo que llevar\u00e1n vestimenta en color negro o rojo.<\/p>\n\n\n\n<p>Los trabajadores del&nbsp;<strong>SAT<\/strong>&nbsp;exigen que se aplique el incremento de 12 por ciento<strong>&nbsp;<\/strong>efectuado al salario m\u00ednimo general vigente desde el 1 de enero de 2025, lo que eleva el salario diario general a 278.80 pesos.<\/p>\n\n\n\n<p>En pliego petitorio, detallaron que sus condiciones laborales se han deteriorado y exigieron a las autoridades prestar \u201catenci\u00f3n a las necesidades del personal\u201d, adem\u00e1s del estado f\u00edsico en el que se encuentran los inmuebles e instalaciones del \u00f3rgano desconcentrado de la Secretar\u00eda de Hacienda y Cr\u00e9dito P\u00fablico (<strong>SHCP<\/strong>).<\/p>\n\n\n\n<p>En la&nbsp;<strong>Ciudad de M\u00e9xico<\/strong>, se prev\u00e9 que las siguientes oficinas no dar\u00e1n servicio a partir de las 08:00 h de este martes 14 de octubre:<\/p>\n\n\n\n<ul class=\"wp-block-list\">\n<li>M\u00f3dulo del Valle: F\u00e9lix Cuevas 301, colonia Del Valle, Benito Ju\u00e1rez.<\/li>\n\n\n\n<li>M\u00f3dulo Distrito Federal 1: Bah\u00eda de Santa B\u00e1rbara 23, colonia Ver\u00f3nica Anzures, Miguel Hidalgo.<\/li>\n\n\n\n<li>M\u00f3dulo Distrito Federal 2: Avenida Paseo de la Reforma Norte 10, colonia Tabacalera, Cuauht\u00e9moc.<\/li>\n\n\n\n<li>M\u00f3dulo Distrito Federal 3: Viaducto R\u00edo de la Piedad 507, colonia Granjas M\u00e9xico, Iztacalco.<\/li>\n\n\n\n<li>M\u00f3dulo Distrito Federal 4: Avenida San Lorenzo 104, colonia San Lorenzo la Cebada, Xochimilco.<\/li>\n\n\n\n<li>M\u00f3dulo Oasis: Avenida Miguel \u00c1ngel de Quevedo 227, colonia Romero de Terreros, Coyoac\u00e1n.<\/li>\n<\/ul>\n\n\n\n<p>Autoridades de la Ciudad de M\u00e9xico no descartaron que los trabajadores del Servicio de Administraci\u00f3n Tributaria&nbsp; lleven a cabo el bloqueo de vialidad en las vialidades inmediatas a sus oficinas.<\/p>\n\n\n\n<p>Hasta el momento, ninguna autoridad del&nbsp;<strong>Gobierno de M\u00e9xico<\/strong>&nbsp;no ha dado un posicionamiento este paro nacional.<\/p>\n\n\n\n<figure class=\"wp-block-image size-large\"><img loading=\"lazy\" decoding=\"async\" width=\"1024\" height=\"683\" src=\"https:\/\/elregionaldigital.info\/wp-content\/uploads\/2025\/10\/image-1-1024x683.png\" alt=\"\" class=\"wp-image-5335\" srcset=\"https:\/\/elregionaldigital.info\/wp-content\/uploads\/2025\/10\/image-1-1024x683.png 1024w, https:\/\/elregionaldigital.info\/wp-content\/uploads\/2025\/10\/image-1-300x200.png 300w, https:\/\/elregionaldigital.info\/wp-content\/uploads\/2025\/10\/image-1-768x512.png 768w, https:\/\/elregionaldigital.info\/wp-content\/uploads\/2025\/10\/image-1-1536x1024.png 1536w, https:\/\/elregionaldigital.info\/wp-content\/uploads\/2025\/10\/image-1.png 1920w\" sizes=\"auto, (max-width: 1024px) 100vw, 1024px\" \/><\/figure>\n","protected":false},"excerpt":{"rendered":"<p>octubre 14, 2025 Este martes 14 de octubre de 2025 trabajadores del&nbsp;Servicio de Administraci\u00f3n Tributaria&nbsp;(SAT) llevar\u00e1n a cabo un&nbsp;paro nacional a partir de las 08:00 h, Lo anterior se debe ante la falta de un&nbsp;incremento salarial&nbsp;y condiciones laborales deficientes, tales como largas jornadas de trabajo. Dicha protesta laboral se realizar\u00e1 bajo la modalidad pac\u00edfica de [&hellip;]<\/p>\n","protected":false},"author":1,"featured_media":5335,"comment_status":"open","ping_status":"open","sticky":false,"template":"","format":"standard","meta":{"footnotes":""},"categories":[5],"tags":[],"class_list":["post-5334","post","type-post","status-publish","format-standard","has-post-thumbnail","hentry","category-nacional"],"blog_post_layout_featured_media_urls":{"thumbnail":["https:\/\/elregionaldigital.info\/wp-content\/uploads\/2025\/10\/image-1-150x150.png",150,150,true],"full":["https:\/\/elregionaldigital.info\/wp-content\/uploads\/2025\/10\/image-1.png",1920,1280,false]},"categories_names":{"5":{"name":"Nacional","link":"https:\/\/elregionaldigital.info\/?cat=5"}},"tags_names":[],"comments_number":"0","wpmagazine_modules_lite_featured_media_urls":{"thumbnail":["https:\/\/elregionaldigital.info\/wp-content\/uploads\/2025\/10\/image-1-150x150.png",150,150,true],"cvmm-medium":["https:\/\/elregionaldigital.info\/wp-content\/uploads\/2025\/10\/image-1-300x300.png",300,300,true],"cvmm-medium-plus":["https:\/\/elregionaldigital.info\/wp-content\/uploads\/2025\/10\/image-1-305x207.png",305,207,true],"cvmm-portrait":["https:\/\/elregionaldigital.info\/wp-content\/uploads\/2025\/10\/image-1-400x600.png",400,600,true],"cvmm-medium-square":["https:\/\/elregionaldigital.info\/wp-content\/uploads\/2025\/10\/image-1-600x600.png",600,600,true],"cvmm-large":["https:\/\/elregionaldigital.info\/wp-content\/uploads\/2025\/10\/image-1-1024x1024.png",1024,1024,true],"cvmm-small":["https:\/\/elregionaldigital.info\/wp-content\/uploads\/2025\/10\/image-1-130x95.png",130,95,true],"full":["https:\/\/elregionaldigital.info\/wp-content\/uploads\/2025\/10\/image-1.png",1920,1280,false]},"_links":{"self":[{"href":"https:\/\/elregionaldigital.info\/index.php?rest_route=\/wp\/v2\/posts\/5334","targetHints":{"allow":["GET"]}}],"collection":[{"href":"https:\/\/elregionaldigital.info\/index.php?rest_route=\/wp\/v2\/posts"}],"about":[{"href":"https:\/\/elregionaldigital.info\/index.php?rest_route=\/wp\/v2\/types\/post"}],"author":[{"embeddable":true,"href":"https:\/\/elregionaldigital.info\/index.php?rest_route=\/wp\/v2\/users\/1"}],"replies":[{"embeddable":true,"href":"https:\/\/elregionaldigital.info\/index.php?rest_route=%2Fwp%2Fv2%2Fcomments&post=5334"}],"version-history":[{"count":1,"href":"https:\/\/elregionaldigital.info\/index.php?rest_route=\/wp\/v2\/posts\/5334\/revisions"}],"predecessor-version":[{"id":5336,"href":"https:\/\/elregionaldigital.info\/index.php?rest_route=\/wp\/v2\/posts\/5334\/revisions\/5336"}],"wp:featuredmedia":[{"embeddable":true,"href":"https:\/\/elregionaldigital.info\/index.php?rest_route=\/wp\/v2\/media\/5335"}],"wp:attachment":[{"href":"https:\/\/elregionaldigital.info\/index.php?rest_route=%2Fwp%2Fv2%2Fmedia&parent=5334"}],"wp:term":[{"taxonomy":"category","embeddable":true,"href":"https:\/\/elregionaldigital.info\/index.php?rest_route=%2Fwp%2Fv2%2Fcategories&post=5334"},{"taxonomy":"post_tag","embeddable":true,"href":"https:\/\/elregionaldigital.info\/index.php?rest_route=%2Fwp%2Fv2%2Ftags&post=5334"}],"curies":[{"name":"wp","href":"https:\/\/api.w.org\/{rel}","templated":true}]}}