{"id":5314,"date":"2025-10-12T16:00:03","date_gmt":"2025-10-12T16:00:03","guid":{"rendered":"https:\/\/elregionaldigital.info\/?p=5314"},"modified":"2025-10-13T16:00:42","modified_gmt":"2025-10-13T16:00:42","slug":"abre-la-uat-licenciatura-en-linea-en-educacion-y-tecnologias-emergentes","status":"publish","type":"post","link":"https:\/\/elregionaldigital.info\/?p=5314","title":{"rendered":"Abre la UAT licenciatura en l\u00ednea en Educaci\u00f3n y Tecnolog\u00edas Emergentes"},"content":{"rendered":"\n<p>12 de octubre del 2025<\/p>\n\n\n\n<p><strong>&#8220;<\/strong>&nbsp;La Universidad Aut\u00f3noma de Tamaulipas (UAT) invita a cursar la Licenciatura en Educaci\u00f3n y Tecnolog\u00edas Emergentes que se impartir\u00e1 cien por ciento en l\u00ednea a trav\u00e9s de la Facultad de Ciencias de la Educaci\u00f3n y Humanidades (FCEH).&nbsp;<strong>&#8220;<\/strong><\/p>\n\n\n\n<p>\u200b<\/p>\n\n\n\n<p>Ciudad Victoria, Tam.; 12 de octubre de 2025.<\/p>\n\n\n\n<p>La nueva carrera es un innovador programa acad\u00e9mico que marca un nuevo cap\u00edtulo en la educaci\u00f3n superior a distancia y consolida el compromiso de la UAT con la transformaci\u00f3n digital y la inclusi\u00f3n educativa, ofreciendo una opci\u00f3n de formaci\u00f3n flexible, moderna y alineada con las demandas del futuro.<\/p>\n\n\n\n<p>El programa consta de nueve periodos semestrales, y est\u00e1 dise\u00f1ado para formar profesionales altamente capacitados en innovaci\u00f3n did\u00e1ctica, integraci\u00f3n de tecnolog\u00edas emergentes y uso de herramientas digitales de vanguardia para la soluci\u00f3n de desaf\u00edos actuales en los procesos de ense\u00f1anza-aprendizaje.<\/p>\n\n\n\n<p>Busca preparar a una generaci\u00f3n de expertos capaces de dise\u00f1ar, gestionar y evaluar proyectos educativos innovadores, adaptativos y sostenibles en entornos virtuales, con una visi\u00f3n \u00e9tica, humanista y de compromiso social.<\/p>\n\n\n\n<p>Entre las asignaturas clave del plan de estudios destacan Inteligencia Artificial en la Educaci\u00f3n, Pedagog\u00edas Disruptivas y Gesti\u00f3n de Proyectos Virtuales, pilares que impulsan la formaci\u00f3n de l\u00edderes en el uso responsable y creativo de la tecnolog\u00eda para el aprendizaje.<\/p>\n\n\n\n<p>Las preinscripciones se encuentran abiertas y permanecer\u00e1n as\u00ed hasta el 28 de octubre. Como parte del proceso formativo inicial, se desarrollar\u00e1 un curso proped\u00e9utico en l\u00ednea, del 18 al 21 de noviembre, para familiarizar a los aspirantes con las herramientas digitales y el modelo educativo virtual que caracteriza a esta licenciatura.<\/p>\n\n\n\n<p>El examen de admisi\u00f3n (EXANI II) se aplicar\u00e1 en l\u00ednea el 20 de noviembre, brindando mayor accesibilidad a estudiantes de diferentes regiones.<\/p>\n\n\n\n<p>Para informes e inscripciones, comunicarse al correo electr\u00f3nico escolares.fceh@uat.edu.mx o v\u00eda WhatsApp al 834 428 4617. Tambi\u00e9n est\u00e1n disponibles los tel\u00e9fonos 834 318 1723 y 834 318 1700, extensiones 2306 y 2318, adem\u00e1s pueden consultar las redes sociales oficiales de la UAT y de la Facultad de Ciencias de la Educaci\u00f3n y Humanidades.<\/p>\n\n\n\n<p>\u200b&nbsp;<\/p>\n\n\n\n<figure class=\"wp-block-image\"><img decoding=\"async\" src=\"https:\/\/www.uat.edu.mx\/noticias\/PublishingImages\/2024\/05\/carrera%20en%20linea_GEX212.jpg\" alt=\"\"\/><\/figure>\n","protected":false},"excerpt":{"rendered":"<p>12 de octubre del 2025 &#8220;&nbsp;La Universidad Aut\u00f3noma de Tamaulipas (UAT) invita a cursar la Licenciatura en Educaci\u00f3n y Tecnolog\u00edas Emergentes que se impartir\u00e1 cien por ciento en l\u00ednea a trav\u00e9s de la Facultad de Ciencias de la Educaci\u00f3n y Humanidades (FCEH).&nbsp;&#8220; \u200b Ciudad Victoria, Tam.; 12 de octubre de 2025. La nueva carrera es [&hellip;]<\/p>\n","protected":false},"author":1,"featured_media":5315,"comment_status":"open","ping_status":"open","sticky":false,"template":"","format":"standard","meta":{"footnotes":""},"categories":[4],"tags":[],"class_list":["post-5314","post","type-post","status-publish","format-standard","has-post-thumbnail","hentry","category-universidades"],"blog_post_layout_featured_media_urls":{"thumbnail":["https:\/\/elregionaldigital.info\/wp-content\/uploads\/2025\/10\/4-2-150x150.jpg",150,150,true],"full":["https:\/\/elregionaldigital.info\/wp-content\/uploads\/2025\/10\/4-2.jpg",900,600,false]},"categories_names":{"4":{"name":"Universidades","link":"https:\/\/elregionaldigital.info\/?cat=4"}},"tags_names":[],"comments_number":"0","wpmagazine_modules_lite_featured_media_urls":{"thumbnail":["https:\/\/elregionaldigital.info\/wp-content\/uploads\/2025\/10\/4-2-150x150.jpg",150,150,true],"cvmm-medium":["https:\/\/elregionaldigital.info\/wp-content\/uploads\/2025\/10\/4-2-300x300.jpg",300,300,true],"cvmm-medium-plus":["https:\/\/elregionaldigital.info\/wp-content\/uploads\/2025\/10\/4-2-305x207.jpg",305,207,true],"cvmm-portrait":["https:\/\/elregionaldigital.info\/wp-content\/uploads\/2025\/10\/4-2-400x600.jpg",400,600,true],"cvmm-medium-square":["https:\/\/elregionaldigital.info\/wp-content\/uploads\/2025\/10\/4-2-600x600.jpg",600,600,true],"cvmm-large":["https:\/\/elregionaldigital.info\/wp-content\/uploads\/2025\/10\/4-2.jpg",900,600,false],"cvmm-small":["https:\/\/elregionaldigital.info\/wp-content\/uploads\/2025\/10\/4-2-130x95.jpg",130,95,true],"full":["https:\/\/elregionaldigital.info\/wp-content\/uploads\/2025\/10\/4-2.jpg",900,600,false]},"_links":{"self":[{"href":"https:\/\/elregionaldigital.info\/index.php?rest_route=\/wp\/v2\/posts\/5314","targetHints":{"allow":["GET"]}}],"collection":[{"href":"https:\/\/elregionaldigital.info\/index.php?rest_route=\/wp\/v2\/posts"}],"about":[{"href":"https:\/\/elregionaldigital.info\/index.php?rest_route=\/wp\/v2\/types\/post"}],"author":[{"embeddable":true,"href":"https:\/\/elregionaldigital.info\/index.php?rest_route=\/wp\/v2\/users\/1"}],"replies":[{"embeddable":true,"href":"https:\/\/elregionaldigital.info\/index.php?rest_route=%2Fwp%2Fv2%2Fcomments&post=5314"}],"version-history":[{"count":1,"href":"https:\/\/elregionaldigital.info\/index.php?rest_route=\/wp\/v2\/posts\/5314\/revisions"}],"predecessor-version":[{"id":5316,"href":"https:\/\/elregionaldigital.info\/index.php?rest_route=\/wp\/v2\/posts\/5314\/revisions\/5316"}],"wp:featuredmedia":[{"embeddable":true,"href":"https:\/\/elregionaldigital.info\/index.php?rest_route=\/wp\/v2\/media\/5315"}],"wp:attachment":[{"href":"https:\/\/elregionaldigital.info\/index.php?rest_route=%2Fwp%2Fv2%2Fmedia&parent=5314"}],"wp:term":[{"taxonomy":"category","embeddable":true,"href":"https:\/\/elregionaldigital.info\/index.php?rest_route=%2Fwp%2Fv2%2Fcategories&post=5314"},{"taxonomy":"post_tag","embeddable":true,"href":"https:\/\/elregionaldigital.info\/index.php?rest_route=%2Fwp%2Fv2%2Ftags&post=5314"}],"curies":[{"name":"wp","href":"https:\/\/api.w.org\/{rel}","templated":true}]}}