{"id":5268,"date":"2025-09-27T16:47:42","date_gmt":"2025-09-27T16:47:42","guid":{"rendered":"https:\/\/elregionaldigital.info\/?p=5268"},"modified":"2025-09-29T16:48:14","modified_gmt":"2025-09-29T16:48:14","slug":"danna-y-ana-sofia-destacadas-estudiantes-y-deportistas-de-la-uat","status":"publish","type":"post","link":"https:\/\/elregionaldigital.info\/?p=5268","title":{"rendered":"Danna y Ana Sof\u00eda: destacadas estudiantes y deportistas de la UAT"},"content":{"rendered":"\n<p>27 de septiembre del 2025<\/p>\n\n\n\n<p><strong>&#8220;<\/strong>&nbsp;Las historias de Danna Ram\u00edrez Mart\u00ednez y Ana Sof\u00eda Valdez Mart\u00ednez coinciden en la disciplina y el esfuerzo que las ha llevado a destacar en el deporte y en la academia como estudiantes de la Universidad Aut\u00f3noma de Tamaulipas (UAT).&nbsp;<strong>&#8220;<\/strong><\/p>\n\n\n\n<p>\u200b<\/p>\n\n\n\n<p>Ciudad Victoria, Tam.; 27 de septiembre de 2025.<\/p>\n\n\n\n<p>Las alumnas de la Facultad de Enfermer\u00eda Victoria han trascendido como atletas de alto rendimiento en las disciplinas de esgrima y fisicoculturismo, representando con gran orgullo a la UAT en competencias estatales y nacionales.<\/p>\n\n\n\n<p>En entrevista, Danna Ram\u00edrez coment\u00f3 que practica la disciplina de esgrima en la modalidad de sable femenil, y entre sus principales logros se encuentra el haber representado a Tamaulipas en la Olimpiada Nacional 2025, en M\u00e9rida, Yucat\u00e1n, donde la delegaci\u00f3n tamaulipeca logr\u00f3 una destacada actuaci\u00f3n que le vali\u00f3 el segundo lugar nacional; as\u00ed como haber sido integrante del equipo tamaulipeco que gan\u00f3 medalla de plata, en la categor\u00eda juvenil, en el Nacional Clasificatorio de Esgrima 2024, en la Ciudad de M\u00e9xico.<\/p>\n\n\n\n<p>La joven universitaria agradeci\u00f3 a la UAT por el apoyo para lograr sus metas en el deporte que lleva ocho a\u00f1os practicando. \u201cEs una satisfacci\u00f3n muy grande representar a tu estado y a la UAT a nivel nacional, porque entre muchos deportistas destacas y te llevas ese m\u00e9rito, y nadie m\u00e1s que t\u00fa sabes el sacrificio y la dedicaci\u00f3n que le has puesto&#8221;.<\/p>\n\n\n\n<p>Por su parte, Ana Sof\u00eda Valdez habl\u00f3 del orgullo que es representar a la UAT en competencias estatales y nacionales, y de los esfuerzos para conseguir resultados positivos en su carrera.<\/p>\n\n\n\n<p>La estudiante de Enfermer\u00eda Victoria es Campeona Absoluta en Bikini Wellness, del torneo Mr. Tamaulipas Principiantes y Novatos 2025, celebrado en esta capital, y que fue selectivo para el Mr. M\u00e9xico, realizado del 28 de febrero al 2 de marzo, en el Palacio de los Deportes.<\/p>\n\n\n\n<p>\u201cCompito en fisicoculturismo. Ya tengo varios a\u00f1os en el gimnasio y apenas este a\u00f1o me anim\u00e9 a competir. La primera competencia fue un estatal en febrero y gan\u00e9 un primer lugar. Me sent\u00ed muy nerviosa, pero se logr\u00f3. La segunda fue en Miramar, en abril, y mi \u00faltima fue en mayo, saqu\u00e9 un segundo y un tercer lugar en dos categor\u00edas&#8221;.<\/p>\n\n\n\n<p>Ana Sof\u00eda participar\u00e1 el pr\u00f3ximo a\u00f1o en la competencia de Playa Miramar, para ganar el pase al nacional en M\u00e9xico en agosto. \u201cSe siente muy bien representar a la Universidad, estoy muy agradecida con todos los que me han apoyado. Y tambi\u00e9n agradezco a mi familia y a muchos maestros que me han inspirado para seguir&#8221;, concluy\u00f3.<\/p>\n\n\n\n<p>\u200b&nbsp;<\/p>\n\n\n\n<figure class=\"wp-block-image\"><img decoding=\"async\" src=\"https:\/\/www.uat.edu.mx\/noticias\/PublishingImages\/2024\/05\/1_DJV203.jpg\" alt=\"\"\/><\/figure>\n","protected":false},"excerpt":{"rendered":"<p>27 de septiembre del 2025 &#8220;&nbsp;Las historias de Danna Ram\u00edrez Mart\u00ednez y Ana Sof\u00eda Valdez Mart\u00ednez coinciden en la disciplina y el esfuerzo que las ha llevado a destacar en el deporte y en la academia como estudiantes de la Universidad Aut\u00f3noma de Tamaulipas (UAT).&nbsp;&#8220; \u200b Ciudad Victoria, Tam.; 27 de septiembre de 2025. Las [&hellip;]<\/p>\n","protected":false},"author":1,"featured_media":5269,"comment_status":"open","ping_status":"open","sticky":false,"template":"","format":"standard","meta":{"footnotes":""},"categories":[4],"tags":[],"class_list":["post-5268","post","type-post","status-publish","format-standard","has-post-thumbnail","hentry","category-universidades"],"blog_post_layout_featured_media_urls":{"thumbnail":["https:\/\/elregionaldigital.info\/wp-content\/uploads\/2025\/09\/2-1-150x150.jpg",150,150,true],"full":["https:\/\/elregionaldigital.info\/wp-content\/uploads\/2025\/09\/2-1.jpg",900,599,false]},"categories_names":{"4":{"name":"Universidades","link":"https:\/\/elregionaldigital.info\/?cat=4"}},"tags_names":[],"comments_number":"0","wpmagazine_modules_lite_featured_media_urls":{"thumbnail":["https:\/\/elregionaldigital.info\/wp-content\/uploads\/2025\/09\/2-1-150x150.jpg",150,150,true],"cvmm-medium":["https:\/\/elregionaldigital.info\/wp-content\/uploads\/2025\/09\/2-1-300x300.jpg",300,300,true],"cvmm-medium-plus":["https:\/\/elregionaldigital.info\/wp-content\/uploads\/2025\/09\/2-1-305x207.jpg",305,207,true],"cvmm-portrait":["https:\/\/elregionaldigital.info\/wp-content\/uploads\/2025\/09\/2-1-400x599.jpg",400,599,true],"cvmm-medium-square":["https:\/\/elregionaldigital.info\/wp-content\/uploads\/2025\/09\/2-1-600x599.jpg",600,599,true],"cvmm-large":["https:\/\/elregionaldigital.info\/wp-content\/uploads\/2025\/09\/2-1.jpg",900,599,false],"cvmm-small":["https:\/\/elregionaldigital.info\/wp-content\/uploads\/2025\/09\/2-1-130x95.jpg",130,95,true],"full":["https:\/\/elregionaldigital.info\/wp-content\/uploads\/2025\/09\/2-1.jpg",900,599,false]},"_links":{"self":[{"href":"https:\/\/elregionaldigital.info\/index.php?rest_route=\/wp\/v2\/posts\/5268","targetHints":{"allow":["GET"]}}],"collection":[{"href":"https:\/\/elregionaldigital.info\/index.php?rest_route=\/wp\/v2\/posts"}],"about":[{"href":"https:\/\/elregionaldigital.info\/index.php?rest_route=\/wp\/v2\/types\/post"}],"author":[{"embeddable":true,"href":"https:\/\/elregionaldigital.info\/index.php?rest_route=\/wp\/v2\/users\/1"}],"replies":[{"embeddable":true,"href":"https:\/\/elregionaldigital.info\/index.php?rest_route=%2Fwp%2Fv2%2Fcomments&post=5268"}],"version-history":[{"count":1,"href":"https:\/\/elregionaldigital.info\/index.php?rest_route=\/wp\/v2\/posts\/5268\/revisions"}],"predecessor-version":[{"id":5270,"href":"https:\/\/elregionaldigital.info\/index.php?rest_route=\/wp\/v2\/posts\/5268\/revisions\/5270"}],"wp:featuredmedia":[{"embeddable":true,"href":"https:\/\/elregionaldigital.info\/index.php?rest_route=\/wp\/v2\/media\/5269"}],"wp:attachment":[{"href":"https:\/\/elregionaldigital.info\/index.php?rest_route=%2Fwp%2Fv2%2Fmedia&parent=5268"}],"wp:term":[{"taxonomy":"category","embeddable":true,"href":"https:\/\/elregionaldigital.info\/index.php?rest_route=%2Fwp%2Fv2%2Fcategories&post=5268"},{"taxonomy":"post_tag","embeddable":true,"href":"https:\/\/elregionaldigital.info\/index.php?rest_route=%2Fwp%2Fv2%2Ftags&post=5268"}],"curies":[{"name":"wp","href":"https:\/\/api.w.org\/{rel}","templated":true}]}}