{"id":5262,"date":"2025-09-25T15:29:31","date_gmt":"2025-09-25T15:29:31","guid":{"rendered":"https:\/\/elregionaldigital.info\/?p=5262"},"modified":"2025-09-26T15:30:06","modified_gmt":"2025-09-26T15:30:06","slug":"sostiene-rector-encuentro-con-universitarios-de-valle-hermoso","status":"publish","type":"post","link":"https:\/\/elregionaldigital.info\/?p=5262","title":{"rendered":"Sostiene rector encuentro con universitarios de Valle Hermoso"},"content":{"rendered":"\n<p>25 de septiembre del 2025<\/p>\n\n\n\n<p><strong>&#8220;<\/strong>&nbsp;El rector de la Universidad Aut\u00f3noma de Tamaulipas (UAT), D\u00e1maso Anaya Alvarado, sostuvo un encuentro con las y los universitarios de la Unidad Acad\u00e9mica Multidisciplinaria Valle Hermoso (UAMVH), reafirmando su compromiso de fortalecer el di\u00e1logo con la comunidad de la casa de estudios.&nbsp;<strong>&#8220;<\/strong><\/p>\n\n\n\n<p>\u200b<\/p>\n\n\n\n<p>Cd. Valle Hermoso, Tam.; 25 de septiembre de 2025.<\/p>\n\n\n\n<p>Mediante la jornada \u201cUn d\u00eda con tu rector&#8221;, la comunidad universitaria de Valle Hermoso, encabezada por su director, Jes\u00fas Roberto Garc\u00eda Sandoval, recibi\u00f3 la visita del rector, quien conoci\u00f3 de primera mano los proyectos, logros y necesidades de la instituci\u00f3n.<\/p>\n\n\n\n<p>En un amplio recorrido por las instalaciones, D\u00e1maso Anaya convivi\u00f3 con los estudiantes, quienes le compartieron los logros en competencias deportivas nacionales, la participaci\u00f3n de sus agrupaciones art\u00edsticas y culturales, y actividades de vinculaci\u00f3n social.<\/p>\n\n\n\n<p>El rector visit\u00f3 diversos espacios donde constat\u00f3 el impulso a la calidad educativa de la Preparatoria, as\u00ed como de las licenciaturas en Mercadotecnia y Administraci\u00f3n, y Tecnolog\u00eda Educativa.<\/p>\n\n\n\n<p>Confirm\u00f3 tambi\u00e9n el desarrollo de los programas educativos que se imparten en l\u00ednea, como son la Licenciatura en Educaci\u00f3n y Tecnolog\u00edas para el Aprendizaje, y la Maestr\u00eda en Innovaci\u00f3n Educativa y Tecnolog\u00edas para el Aprendizaje, que est\u00e1 reconocida en el Sistema Nacional de Posgrados.<\/p>\n\n\n\n<p>De igual manera, reconoci\u00f3 la solidez acad\u00e9mica respaldada por seis docentes inscritos en el Sistema Nacional de Investigadoras e Investigadores (SNII), diez docentes con el perfil nacional PRODEP, seis cuerpos acad\u00e9micos y cinco grupos disciplinares que contribuyen a impulsar la investigaci\u00f3n y la calidad educativa.<\/p>\n\n\n\n<p>Conoci\u00f3 el repositorio y las publicaciones acad\u00e9micas de la instituci\u00f3n, adem\u00e1s de dialogar con alumnos que compartieron sus experiencias en proyectos de innovaci\u00f3n educativa y actividades de impacto social.<\/p>\n\n\n\n<p>Al concluir, Anaya Alvarado reiter\u00f3 la importancia de mantener un contacto directo con la comunidad universitaria y subray\u00f3 el compromiso de la UAT con la infraestructura educativa y los programas de apoyo estudiantil, consolidando a la Unidad Acad\u00e9mica Multidisciplinaria Valle Hermoso como un referente de la educaci\u00f3n superior en la zona norte de Tamaulipas.<\/p>\n\n\n\n<figure class=\"wp-block-image\"><img decoding=\"async\" src=\"https:\/\/www.uat.edu.mx\/noticias\/PublishingImages\/2024\/05\/2_UEE510.jpg\" alt=\"\"\/><\/figure>\n","protected":false},"excerpt":{"rendered":"<p>25 de septiembre del 2025 &#8220;&nbsp;El rector de la Universidad Aut\u00f3noma de Tamaulipas (UAT), D\u00e1maso Anaya Alvarado, sostuvo un encuentro con las y los universitarios de la Unidad Acad\u00e9mica Multidisciplinaria Valle Hermoso (UAMVH), reafirmando su compromiso de fortalecer el di\u00e1logo con la comunidad de la casa de estudios.&nbsp;&#8220; \u200b Cd. Valle Hermoso, Tam.; 25 de [&hellip;]<\/p>\n","protected":false},"author":1,"featured_media":5263,"comment_status":"open","ping_status":"open","sticky":false,"template":"","format":"standard","meta":{"footnotes":""},"categories":[4],"tags":[],"class_list":["post-5262","post","type-post","status-publish","format-standard","has-post-thumbnail","hentry","category-universidades"],"blog_post_layout_featured_media_urls":{"thumbnail":["https:\/\/elregionaldigital.info\/wp-content\/uploads\/2025\/09\/1_UEE510-150x150.jpg",150,150,true],"full":["https:\/\/elregionaldigital.info\/wp-content\/uploads\/2025\/09\/1_UEE510.jpg",900,675,false]},"categories_names":{"4":{"name":"Universidades","link":"https:\/\/elregionaldigital.info\/?cat=4"}},"tags_names":[],"comments_number":"0","wpmagazine_modules_lite_featured_media_urls":{"thumbnail":["https:\/\/elregionaldigital.info\/wp-content\/uploads\/2025\/09\/1_UEE510-150x150.jpg",150,150,true],"cvmm-medium":["https:\/\/elregionaldigital.info\/wp-content\/uploads\/2025\/09\/1_UEE510-300x300.jpg",300,300,true],"cvmm-medium-plus":["https:\/\/elregionaldigital.info\/wp-content\/uploads\/2025\/09\/1_UEE510-305x207.jpg",305,207,true],"cvmm-portrait":["https:\/\/elregionaldigital.info\/wp-content\/uploads\/2025\/09\/1_UEE510-400x600.jpg",400,600,true],"cvmm-medium-square":["https:\/\/elregionaldigital.info\/wp-content\/uploads\/2025\/09\/1_UEE510-600x600.jpg",600,600,true],"cvmm-large":["https:\/\/elregionaldigital.info\/wp-content\/uploads\/2025\/09\/1_UEE510.jpg",900,675,false],"cvmm-small":["https:\/\/elregionaldigital.info\/wp-content\/uploads\/2025\/09\/1_UEE510-130x95.jpg",130,95,true],"full":["https:\/\/elregionaldigital.info\/wp-content\/uploads\/2025\/09\/1_UEE510.jpg",900,675,false]},"_links":{"self":[{"href":"https:\/\/elregionaldigital.info\/index.php?rest_route=\/wp\/v2\/posts\/5262","targetHints":{"allow":["GET"]}}],"collection":[{"href":"https:\/\/elregionaldigital.info\/index.php?rest_route=\/wp\/v2\/posts"}],"about":[{"href":"https:\/\/elregionaldigital.info\/index.php?rest_route=\/wp\/v2\/types\/post"}],"author":[{"embeddable":true,"href":"https:\/\/elregionaldigital.info\/index.php?rest_route=\/wp\/v2\/users\/1"}],"replies":[{"embeddable":true,"href":"https:\/\/elregionaldigital.info\/index.php?rest_route=%2Fwp%2Fv2%2Fcomments&post=5262"}],"version-history":[{"count":1,"href":"https:\/\/elregionaldigital.info\/index.php?rest_route=\/wp\/v2\/posts\/5262\/revisions"}],"predecessor-version":[{"id":5264,"href":"https:\/\/elregionaldigital.info\/index.php?rest_route=\/wp\/v2\/posts\/5262\/revisions\/5264"}],"wp:featuredmedia":[{"embeddable":true,"href":"https:\/\/elregionaldigital.info\/index.php?rest_route=\/wp\/v2\/media\/5263"}],"wp:attachment":[{"href":"https:\/\/elregionaldigital.info\/index.php?rest_route=%2Fwp%2Fv2%2Fmedia&parent=5262"}],"wp:term":[{"taxonomy":"category","embeddable":true,"href":"https:\/\/elregionaldigital.info\/index.php?rest_route=%2Fwp%2Fv2%2Fcategories&post=5262"},{"taxonomy":"post_tag","embeddable":true,"href":"https:\/\/elregionaldigital.info\/index.php?rest_route=%2Fwp%2Fv2%2Ftags&post=5262"}],"curies":[{"name":"wp","href":"https:\/\/api.w.org\/{rel}","templated":true}]}}