{"id":5223,"date":"2025-09-13T22:55:42","date_gmt":"2025-09-13T22:55:42","guid":{"rendered":"https:\/\/elregionaldigital.info\/?p=5223"},"modified":"2025-09-14T22:56:19","modified_gmt":"2025-09-14T22:56:19","slug":"realiza-la-uat-encuentro-de-clubes-universitarios-de-la-edad-de-oro","status":"publish","type":"post","link":"https:\/\/elregionaldigital.info\/?p=5223","title":{"rendered":"Realiza la UAT encuentro de clubes universitarios de la Edad de Oro"},"content":{"rendered":"\n<p>13 de septiembre del 2025<\/p>\n\n\n\n<p><strong>&#8220;<\/strong>&nbsp;La Universidad Aut\u00f3noma de Tamaulipas (UAT) reuni\u00f3, en esta capital, a m\u00e1s de 400 integrantes de las agrupaciones de adultos mayores que representan a los clubes universitarios de la Edad de Oro de Tampico, Matamoros, Reynosa, Nuevo Laredo, El Mante y Ciudad Victoria.&nbsp;<strong>&#8220;<\/strong><\/p>\n\n\n\n<p>\u200b<\/p>\n\n\n\n<p>Ciudad Victoria, Tam.; 13 de septiembre de 2025.<\/p>\n\n\n\n<p>El evento, denominado la Noche Real de la Edad de Oro, fue presidido por el rector D\u00e1maso Anaya Alvarado y su esposa, la Lic. Isolda Rend\u00f3n de Anaya, presidenta de Familia UAT, en una emotiva celebraci\u00f3n que se llev\u00f3 a cabo en el Polyforum de Ciudad Victoria, con la finalidad de reconocer la experiencia, la trayectoria y los valores de quienes representan la memoria viva de nuestro estado y la inspiraci\u00f3n para las nuevas generaciones.<\/p>\n\n\n\n<p>En su mensaje, el rector de la UAT destac\u00f3 que a trav\u00e9s de estos encuentros se busca consolidar espacios de humanismo, integraci\u00f3n social y la uni\u00f3n intergeneracional, se\u00f1alando que las actividades que se fomentan en los gimnasios y centros donde se congregan los clubes de la Edad de Oro, no son simples pasatiempos, sino actos de vida que inspiran, sanan y transforman.<br>El rector agradeci\u00f3 a las agrupaciones de cada regi\u00f3n, a quienes describi\u00f3 como ejemplo de dignidad, alegr\u00eda y esperanza.<br>La gala incluy\u00f3 un concurso en el que cada pareja de reyes y reinas de las distintas sedes desfilaron en la pasarela real, adem\u00e1s de la participaci\u00f3n de integrantes de las agrupaciones que ofrecieron demostraciones de taich\u00ed, zumba, canto, m\u00fasica disco y baile, reflejando entusiasmo, vitalidad y alegr\u00eda.<br>Como parte de la ceremonia, el rector y su esposa coronaron al rey y reina de Nuevo Laredo, Jes\u00fas Gallardo Garc\u00eda y Mar\u00eda Esperanza Cebada Tapia; al pr\u00edncipe y princesa de Tampico, Clara Elena Purata P\u00e9rez y Gerardo Gonz\u00e1lez Garza; y al duque y duquesa de El Mante, Pedro Rocha Salazar y Teresa Molina Rojas, reconociendo as\u00ed a los participantes m\u00e1s destacados.<\/p>\n\n\n\n<figure class=\"wp-block-image\"><img decoding=\"async\" src=\"https:\/\/www.uat.edu.mx\/noticias\/PublishingImages\/2024\/05\/13-1.jpg\" alt=\"\"\/><\/figure>\n","protected":false},"excerpt":{"rendered":"<p>13 de septiembre del 2025 &#8220;&nbsp;La Universidad Aut\u00f3noma de Tamaulipas (UAT) reuni\u00f3, en esta capital, a m\u00e1s de 400 integrantes de las agrupaciones de adultos mayores que representan a los clubes universitarios de la Edad de Oro de Tampico, Matamoros, Reynosa, Nuevo Laredo, El Mante y Ciudad Victoria.&nbsp;&#8220; \u200b Ciudad Victoria, Tam.; 13 de septiembre [&hellip;]<\/p>\n","protected":false},"author":1,"featured_media":5224,"comment_status":"open","ping_status":"open","sticky":false,"template":"","format":"standard","meta":{"footnotes":""},"categories":[4],"tags":[],"class_list":["post-5223","post","type-post","status-publish","format-standard","has-post-thumbnail","hentry","category-universidades"],"blog_post_layout_featured_media_urls":{"thumbnail":["https:\/\/elregionaldigital.info\/wp-content\/uploads\/2025\/09\/2-150x150.jpg",150,150,true],"full":["https:\/\/elregionaldigital.info\/wp-content\/uploads\/2025\/09\/2.jpg",2560,1706,false]},"categories_names":{"4":{"name":"Universidades","link":"https:\/\/elregionaldigital.info\/?cat=4"}},"tags_names":[],"comments_number":"0","wpmagazine_modules_lite_featured_media_urls":{"thumbnail":["https:\/\/elregionaldigital.info\/wp-content\/uploads\/2025\/09\/2-150x150.jpg",150,150,true],"cvmm-medium":["https:\/\/elregionaldigital.info\/wp-content\/uploads\/2025\/09\/2-300x300.jpg",300,300,true],"cvmm-medium-plus":["https:\/\/elregionaldigital.info\/wp-content\/uploads\/2025\/09\/2-305x207.jpg",305,207,true],"cvmm-portrait":["https:\/\/elregionaldigital.info\/wp-content\/uploads\/2025\/09\/2-400x600.jpg",400,600,true],"cvmm-medium-square":["https:\/\/elregionaldigital.info\/wp-content\/uploads\/2025\/09\/2-600x600.jpg",600,600,true],"cvmm-large":["https:\/\/elregionaldigital.info\/wp-content\/uploads\/2025\/09\/2-1024x1024.jpg",1024,1024,true],"cvmm-small":["https:\/\/elregionaldigital.info\/wp-content\/uploads\/2025\/09\/2-130x95.jpg",130,95,true],"full":["https:\/\/elregionaldigital.info\/wp-content\/uploads\/2025\/09\/2.jpg",2560,1706,false]},"_links":{"self":[{"href":"https:\/\/elregionaldigital.info\/index.php?rest_route=\/wp\/v2\/posts\/5223","targetHints":{"allow":["GET"]}}],"collection":[{"href":"https:\/\/elregionaldigital.info\/index.php?rest_route=\/wp\/v2\/posts"}],"about":[{"href":"https:\/\/elregionaldigital.info\/index.php?rest_route=\/wp\/v2\/types\/post"}],"author":[{"embeddable":true,"href":"https:\/\/elregionaldigital.info\/index.php?rest_route=\/wp\/v2\/users\/1"}],"replies":[{"embeddable":true,"href":"https:\/\/elregionaldigital.info\/index.php?rest_route=%2Fwp%2Fv2%2Fcomments&post=5223"}],"version-history":[{"count":1,"href":"https:\/\/elregionaldigital.info\/index.php?rest_route=\/wp\/v2\/posts\/5223\/revisions"}],"predecessor-version":[{"id":5225,"href":"https:\/\/elregionaldigital.info\/index.php?rest_route=\/wp\/v2\/posts\/5223\/revisions\/5225"}],"wp:featuredmedia":[{"embeddable":true,"href":"https:\/\/elregionaldigital.info\/index.php?rest_route=\/wp\/v2\/media\/5224"}],"wp:attachment":[{"href":"https:\/\/elregionaldigital.info\/index.php?rest_route=%2Fwp%2Fv2%2Fmedia&parent=5223"}],"wp:term":[{"taxonomy":"category","embeddable":true,"href":"https:\/\/elregionaldigital.info\/index.php?rest_route=%2Fwp%2Fv2%2Fcategories&post=5223"},{"taxonomy":"post_tag","embeddable":true,"href":"https:\/\/elregionaldigital.info\/index.php?rest_route=%2Fwp%2Fv2%2Ftags&post=5223"}],"curies":[{"name":"wp","href":"https:\/\/api.w.org\/{rel}","templated":true}]}}