{"id":5214,"date":"2025-09-05T17:17:40","date_gmt":"2025-09-05T17:17:40","guid":{"rendered":"https:\/\/elregionaldigital.info\/?p=5214"},"modified":"2025-09-12T17:20:40","modified_gmt":"2025-09-12T17:20:40","slug":"perrea-con-sofisticacion-yandel-tendra-concierto-sinfonico-en-el-auditorio-nacional-todo-lo-que-debes-saber","status":"publish","type":"post","link":"https:\/\/elregionaldigital.info\/?p=5214","title":{"rendered":"Perrea con sofisticaci\u00f3n: Yandel tendr\u00e1 concierto sinf\u00f3nico en el Auditorio Nacional; todo lo que debes saber"},"content":{"rendered":"\n<p>05 septiembre, 2025<\/p>\n\n\n\n<p>El reconocido cantante puertorrique\u00f1o&nbsp;<strong>Yandel<\/strong>&nbsp;presentar\u00e1 su esperado&nbsp;<strong>\u201cSinf\u00f3nico Tour\u201d<\/strong>&nbsp;en la Ciudad de M\u00e9xico (CDMX) el pr\u00f3ximo&nbsp;<strong>31 de enero de 2026<\/strong>. El concierto tendr\u00e1 lugar en&nbsp;<strong>Auditorio Nacional<\/strong>, ubicado en Av. Paseo de la Reforma 50, Polanco V Secc, Miguel Hidalgo.<\/p>\n\n\n\n<p><strong>Yandel<\/strong>, reconocido por su trayectoria junto a Wisin en el ic\u00f3nico&nbsp;<strong>d\u00fao Wisin &amp; Yandel<\/strong>, regresa a tierras aztecas con una propuesta que har\u00e1 perrear a todos, pero con un toque de elegancia. \u00bfPiensas acudir? Te contamos todos los detalles.<\/p>\n\n\n\n<p>El\u00a0<strong>show<\/strong>\u00a0llega de la mano del reciente lanzamiento del \u00e1lbum en vivo\u00a0<strong><em>Yandel Sinf\u00f3nico (2025)<\/em><\/strong>, marcando un nuevo cap\u00edtulo en la evoluci\u00f3n art\u00edstica del cantante. Esta producci\u00f3n ofrece una selecci\u00f3n de\u00a0<strong>29 de sus canciones m\u00e1s emblem\u00e1ticas<\/strong>, reinterpretados junto a una\u00a0<strong>orquesta sinf\u00f3nica<\/strong>.<\/p>\n\n\n\n<p>\u00c9xitos como&nbsp;<strong>\u201cEncantadora\u201d<\/strong>&nbsp;y&nbsp;<strong>\u201cAlgo Me Gusta de Ti\u201d<\/strong>&nbsp;adquieren una nueva profundidad gracias a arreglos cuidadosamente elaborados de&nbsp;<strong>arpas, violines, flautas, trompetas y pianos<\/strong>.<\/p>\n\n\n\n<p>Adem\u00e1s, el proyecto incluye un&nbsp;<strong>documental grabado con la Orquesta Sinf\u00f3nica de la Florida International University<\/strong>&nbsp;que muestra este innovador proceso musical.<\/p>\n\n\n\n<h2 class=\"wp-block-heading\">\u00bfCu\u00e1ndo es el concierto Yandel sinf\u00f3nico?<\/h2>\n\n\n\n<p>La cita es el 31 de enero de 2026 en el&nbsp;<strong>Auditorio Nacional<\/strong>&nbsp;de la CDMX.<\/p>\n\n\n\n<h2 class=\"wp-block-heading\">Preventa y venta de boletos para ver a Yandel en CDMX<\/h2>\n\n\n\n<p>Para quienes deseen asistir, la preventa de boletos\u00a0<strong>a trav\u00e9s de Citibanamex<\/strong>\u00a0comenz\u00f3 el 3 de septiembre a las 11:00 a.m., mientras que la venta general est\u00e1 disponible desde el 4 de septiembre. Las entradas pueden adquirirse en\u00a0<strong>www.ticketmaster.com.mx<\/strong>\u00a0o en las\u00a0<strong>taquillas del Auditorio<\/strong><\/p>\n\n\n\n<h2 class=\"wp-block-heading\">Precio de boletos para Yandel sinf\u00f3nico<\/h2>\n\n\n\n<ul class=\"wp-block-list\">\n<li>VIP: $3,819.25<\/li>\n\n\n\n<li>Preferente B: $3,459.50<\/li>\n\n\n\n<li>Preferente C: $3,211.50<\/li>\n\n\n\n<li>Preferente D: $2,951.25<\/li>\n\n\n\n<li>Luneta A: $2,666<\/li>\n\n\n\n<li>Luneta B: $2,666<\/li>\n\n\n\n<li>Luneta C: $2,666<\/li>\n\n\n\n<li>Balc\u00f3n A: $2,256.75<\/li>\n\n\n\n<li>Balc\u00f3n B: $1,823.25<\/li>\n\n\n\n<li>Balc\u00f3n C: $1,351.50<\/li>\n\n\n\n<li>Piso 1A: $1,426<\/li>\n\n\n\n<li>Piso 1B: $1,227.50<\/li>\n\n\n\n<li>Piso 1C: $1,091.25<\/li>\n\n\n\n<li>Piso 1D: $1,066.50<\/li>\n\n\n\n<li>Piso 2A: $1,426<\/li>\n\n\n\n<li>Piso 2B: $1,227.50<\/li>\n\n\n\n<li>Piso 2C: $719.25<\/li>\n\n\n\n<li>Piso 2D: $682<\/li>\n<\/ul>\n\n\n\n<p>Este concierto representa una oportunidad para escuchar el reggaeton como nunca antes, en un&nbsp;<strong>formato que une la energ\u00eda urbana con la sofisticaci\u00f3n cl\u00e1sica<\/strong>, prometiendo una&nbsp;<strong>noche inolvidable<\/strong>.<\/p>\n\n\n\n<figure class=\"wp-block-image size-full\"><img loading=\"lazy\" decoding=\"async\" width=\"992\" height=\"565\" src=\"https:\/\/elregionaldigital.info\/wp-content\/uploads\/2025\/09\/image-42.png\" alt=\"\" class=\"wp-image-5215\" srcset=\"https:\/\/elregionaldigital.info\/wp-content\/uploads\/2025\/09\/image-42.png 992w, https:\/\/elregionaldigital.info\/wp-content\/uploads\/2025\/09\/image-42-300x171.png 300w, https:\/\/elregionaldigital.info\/wp-content\/uploads\/2025\/09\/image-42-768x437.png 768w\" sizes=\"auto, (max-width: 992px) 100vw, 992px\" \/><\/figure>\n","protected":false},"excerpt":{"rendered":"<p>05 septiembre, 2025 El reconocido cantante puertorrique\u00f1o&nbsp;Yandel&nbsp;presentar\u00e1 su esperado&nbsp;\u201cSinf\u00f3nico Tour\u201d&nbsp;en la Ciudad de M\u00e9xico (CDMX) el pr\u00f3ximo&nbsp;31 de enero de 2026. El concierto tendr\u00e1 lugar en&nbsp;Auditorio Nacional, ubicado en Av. Paseo de la Reforma 50, Polanco V Secc, Miguel Hidalgo. Yandel, reconocido por su trayectoria junto a Wisin en el ic\u00f3nico&nbsp;d\u00fao Wisin &amp; Yandel, regresa [&hellip;]<\/p>\n","protected":false},"author":1,"featured_media":5215,"comment_status":"open","ping_status":"open","sticky":false,"template":"","format":"standard","meta":{"footnotes":""},"categories":[3],"tags":[],"class_list":["post-5214","post","type-post","status-publish","format-standard","has-post-thumbnail","hentry","category-entretenimiento"],"blog_post_layout_featured_media_urls":{"thumbnail":["https:\/\/elregionaldigital.info\/wp-content\/uploads\/2025\/09\/image-42-150x150.png",150,150,true],"full":["https:\/\/elregionaldigital.info\/wp-content\/uploads\/2025\/09\/image-42.png",992,565,false]},"categories_names":{"3":{"name":"Entretenimiento","link":"https:\/\/elregionaldigital.info\/?cat=3"}},"tags_names":[],"comments_number":"0","wpmagazine_modules_lite_featured_media_urls":{"thumbnail":["https:\/\/elregionaldigital.info\/wp-content\/uploads\/2025\/09\/image-42-150x150.png",150,150,true],"cvmm-medium":["https:\/\/elregionaldigital.info\/wp-content\/uploads\/2025\/09\/image-42-300x300.png",300,300,true],"cvmm-medium-plus":["https:\/\/elregionaldigital.info\/wp-content\/uploads\/2025\/09\/image-42-305x207.png",305,207,true],"cvmm-portrait":["https:\/\/elregionaldigital.info\/wp-content\/uploads\/2025\/09\/image-42-400x565.png",400,565,true],"cvmm-medium-square":["https:\/\/elregionaldigital.info\/wp-content\/uploads\/2025\/09\/image-42-600x565.png",600,565,true],"cvmm-large":["https:\/\/elregionaldigital.info\/wp-content\/uploads\/2025\/09\/image-42.png",992,565,false],"cvmm-small":["https:\/\/elregionaldigital.info\/wp-content\/uploads\/2025\/09\/image-42-130x95.png",130,95,true],"full":["https:\/\/elregionaldigital.info\/wp-content\/uploads\/2025\/09\/image-42.png",992,565,false]},"_links":{"self":[{"href":"https:\/\/elregionaldigital.info\/index.php?rest_route=\/wp\/v2\/posts\/5214","targetHints":{"allow":["GET"]}}],"collection":[{"href":"https:\/\/elregionaldigital.info\/index.php?rest_route=\/wp\/v2\/posts"}],"about":[{"href":"https:\/\/elregionaldigital.info\/index.php?rest_route=\/wp\/v2\/types\/post"}],"author":[{"embeddable":true,"href":"https:\/\/elregionaldigital.info\/index.php?rest_route=\/wp\/v2\/users\/1"}],"replies":[{"embeddable":true,"href":"https:\/\/elregionaldigital.info\/index.php?rest_route=%2Fwp%2Fv2%2Fcomments&post=5214"}],"version-history":[{"count":1,"href":"https:\/\/elregionaldigital.info\/index.php?rest_route=\/wp\/v2\/posts\/5214\/revisions"}],"predecessor-version":[{"id":5216,"href":"https:\/\/elregionaldigital.info\/index.php?rest_route=\/wp\/v2\/posts\/5214\/revisions\/5216"}],"wp:featuredmedia":[{"embeddable":true,"href":"https:\/\/elregionaldigital.info\/index.php?rest_route=\/wp\/v2\/media\/5215"}],"wp:attachment":[{"href":"https:\/\/elregionaldigital.info\/index.php?rest_route=%2Fwp%2Fv2%2Fmedia&parent=5214"}],"wp:term":[{"taxonomy":"category","embeddable":true,"href":"https:\/\/elregionaldigital.info\/index.php?rest_route=%2Fwp%2Fv2%2Fcategories&post=5214"},{"taxonomy":"post_tag","embeddable":true,"href":"https:\/\/elregionaldigital.info\/index.php?rest_route=%2Fwp%2Fv2%2Ftags&post=5214"}],"curies":[{"name":"wp","href":"https:\/\/api.w.org\/{rel}","templated":true}]}}