{"id":5211,"date":"2025-09-11T17:14:53","date_gmt":"2025-09-11T17:14:53","guid":{"rendered":"https:\/\/elregionaldigital.info\/?p=5211"},"modified":"2025-09-12T17:17:27","modified_gmt":"2025-09-12T17:17:27","slug":"imperdible-bely-y-beto-llegan-a-la-arena-cdmx-con-un-show-que-hara-sonar-a-toda-la-familia","status":"publish","type":"post","link":"https:\/\/elregionaldigital.info\/?p=5211","title":{"rendered":"\u00a1Imperdible! Bely y Beto llegan a la Arena CDMX con un show que har\u00e1 so\u00f1ar a toda la familia"},"content":{"rendered":"\n<p>11 septiembre, 2025<\/p>\n\n\n\n<p>\u00bfEst\u00e1n listos para el\u00a0<strong>concierto<\/strong>\u00a0<strong>de Bely y Beto en la CDMX<\/strong>? La fecha ya se acerca , por eso, las famosas estrellas infantiles llegaron directamente desde Monterrey a las instalaciones de\u00a0<strong>TV Azteca<\/strong>, para invitar a todos los ni\u00f1os y ni\u00f1as a que los acompa\u00f1en el pr\u00f3ximo\u00a0<strong>19 de octubre<\/strong>\u00a0en la\u00a0<strong>Arena Ciudad de M\u00e9xico.<\/strong><\/p>\n\n\n\n<p>Los famosos amigos regios est\u00e1n preparando un&nbsp;<strong>show<\/strong>&nbsp;muy especial en el que pondr\u00e1n a&nbsp;<strong>bailar y a so\u00f1ar<\/strong>&nbsp;a todas las&nbsp;<strong>familias capitalinas<\/strong>. Te contamos todos los detalles de esta parada de&nbsp;<strong>Sue\u00f1os Tour<\/strong>&nbsp;en la&nbsp;<strong>CDMX<\/strong>.<\/p>\n\n\n\n<h2 class=\"wp-block-heading\">\u00bfC\u00f3mo se conocieron Bely y Beto?<\/h2>\n\n\n\n<p><strong>Bely y Beto<\/strong>\u00a0son dos talentosos amiguitos que han alcanzado\u00a0<strong>popularidad a nivel internacional<\/strong>, gracias a sus entretenidos\u00a0<strong>videos en\u00a0YouTube<\/strong>\u00a0y sus divertidas canciones . Pero, a\u00fan nos quedaba la duda de c\u00f3mo se conocieron, por eso, cuando los famosos llegaron a la redacci\u00f3n de\u00a0<strong>adn40<\/strong>, no pudimos dejar pasar la oportunidad de preguntarles.\u00a0<strong>Beto nos cont\u00f3 que su mam\u00e1 se fue a Par\u00eds<\/strong>\u00a0porque consigui\u00f3 un trabajo y lo dej\u00f3 al cuidado de\u00a0<strong>Bely<\/strong>, quien es como su nana.<\/p>\n\n\n\n<p><strong>Bely<\/strong>\u00a0nos cont\u00f3 que hace muchos a\u00f1os ella comenz\u00f3 a hacer un\u00a0<strong>divertido\u00a0programa en televisi\u00f3n\u00a0con Beto<\/strong>\u00a0y con todos sus amiguitos y nunca imaginaron que un d\u00eda llegar\u00edan a ser famosos incluso en otros pa\u00edses. Pero, c\u00f3mo no iba a suceder, si\u00a0<strong>Bely es s\u00faper talentosa<\/strong>, ya que tambi\u00e9n es la\u00a0<strong>creadora de todas las canciones del show.<\/strong><\/p>\n\n\n\n<h2 class=\"wp-block-heading\">\u00bfQu\u00e9 sorpresas tienen preparadas Bely y Beto en su Sue\u00f1os Tour?<\/h2>\n\n\n\n<p><strong>Bely y Beto<\/strong>\u00a0est\u00e1n muy emocionados de invitar a los ni\u00f1os a su\u00a0<strong>concierto en la CDMX<\/strong>\u00a0, que forma parte de su\u00a0<strong>gira internacional Sue\u00f1os Tour,<\/strong>\u00a0donde interpretan las canciones de su nuevo disco\u00a0<strong>\u2018So\u00f1ando con Bely y Beto\u2019.<\/strong><\/p>\n\n\n\n<p>Bely nos cont\u00f3 que a ellos les encanta so\u00f1ar, por lo que en este concierto los ni\u00f1os y ni\u00f1as capitalinos podr\u00e1n&nbsp;<strong>descubrir con qu\u00e9 sue\u00f1an los personajes<\/strong>&nbsp;de este show.<\/p>\n\n\n\n<p>Los famosos nos aseguraron que no van a dejar que los ni\u00f1os y ni\u00f1as se sienten ni un minuto, porque los van a tener&nbsp;<strong>bailando y cantando durante todo el concierto.<\/strong><\/p>\n\n\n\n<h2 class=\"wp-block-heading\">Bely recuerda una travesura memorable de Beto<\/h2>\n\n\n\n<p><strong>Bely y Beto<\/strong>&nbsp;se divierten mucho juntos, pues incluso nos platicaron de algunas&nbsp;<strong>travesuras memorables<\/strong>&nbsp;que han vivido juntos como la historia de la&nbsp;<strong>estrella en el Paseo de la Fama de Bely y Beto<\/strong>. El travieso ni\u00f1o presumi\u00f3 que ten\u00eda una estrella en este ic\u00f3nico lugar; sin embargo, solo se trataba de&nbsp;<strong>una estrella de 15 d\u00f3lares<\/strong>&nbsp;que les vendieron durante su visita en EUA. La noticia incluso lleg\u00f3 a los medios, lo cual le pareci\u00f3 muy divertido a Beto, porque es muy travieso.<\/p>\n\n\n\n<h2 class=\"wp-block-heading\">Bely nos revela cu\u00e1l es la importancia de so\u00f1ar<\/h2>\n\n\n\n<p>La famosa regiomontana nos confes\u00f3 que le encanta\u00a0<strong>hacer sus sue\u00f1os realidad<\/strong>. Incluso, nos revel\u00f3 que su pr\u00f3ximo\u00a0<strong>concierto<\/strong>\u00a0en la\u00a0<strong>Arena CDMX<\/strong>\u00a0fue un sue\u00f1o muy especial que tuvo. Por eso, le pedimos que nos dijera\u00a0<strong>cu\u00e1l es su secreto para hacer realidad un sue\u00f1o.<\/strong><\/p>\n\n\n\n<figure class=\"wp-block-image size-full\"><img loading=\"lazy\" decoding=\"async\" width=\"992\" height=\"565\" src=\"https:\/\/elregionaldigital.info\/wp-content\/uploads\/2025\/09\/image-41.png\" alt=\"\" class=\"wp-image-5212\" srcset=\"https:\/\/elregionaldigital.info\/wp-content\/uploads\/2025\/09\/image-41.png 992w, https:\/\/elregionaldigital.info\/wp-content\/uploads\/2025\/09\/image-41-300x171.png 300w, https:\/\/elregionaldigital.info\/wp-content\/uploads\/2025\/09\/image-41-768x437.png 768w\" sizes=\"auto, (max-width: 992px) 100vw, 992px\" \/><\/figure>\n","protected":false},"excerpt":{"rendered":"<p>11 septiembre, 2025 \u00bfEst\u00e1n listos para el\u00a0concierto\u00a0de Bely y Beto en la CDMX? La fecha ya se acerca , por eso, las famosas estrellas infantiles llegaron directamente desde Monterrey a las instalaciones de\u00a0TV Azteca, para invitar a todos los ni\u00f1os y ni\u00f1as a que los acompa\u00f1en el pr\u00f3ximo\u00a019 de octubre\u00a0en la\u00a0Arena Ciudad de M\u00e9xico. Los [&hellip;]<\/p>\n","protected":false},"author":1,"featured_media":5212,"comment_status":"open","ping_status":"open","sticky":false,"template":"","format":"standard","meta":{"footnotes":""},"categories":[3],"tags":[],"class_list":["post-5211","post","type-post","status-publish","format-standard","has-post-thumbnail","hentry","category-entretenimiento"],"blog_post_layout_featured_media_urls":{"thumbnail":["https:\/\/elregionaldigital.info\/wp-content\/uploads\/2025\/09\/image-41-150x150.png",150,150,true],"full":["https:\/\/elregionaldigital.info\/wp-content\/uploads\/2025\/09\/image-41.png",992,565,false]},"categories_names":{"3":{"name":"Entretenimiento","link":"https:\/\/elregionaldigital.info\/?cat=3"}},"tags_names":[],"comments_number":"0","wpmagazine_modules_lite_featured_media_urls":{"thumbnail":["https:\/\/elregionaldigital.info\/wp-content\/uploads\/2025\/09\/image-41-150x150.png",150,150,true],"cvmm-medium":["https:\/\/elregionaldigital.info\/wp-content\/uploads\/2025\/09\/image-41-300x300.png",300,300,true],"cvmm-medium-plus":["https:\/\/elregionaldigital.info\/wp-content\/uploads\/2025\/09\/image-41-305x207.png",305,207,true],"cvmm-portrait":["https:\/\/elregionaldigital.info\/wp-content\/uploads\/2025\/09\/image-41-400x565.png",400,565,true],"cvmm-medium-square":["https:\/\/elregionaldigital.info\/wp-content\/uploads\/2025\/09\/image-41-600x565.png",600,565,true],"cvmm-large":["https:\/\/elregionaldigital.info\/wp-content\/uploads\/2025\/09\/image-41.png",992,565,false],"cvmm-small":["https:\/\/elregionaldigital.info\/wp-content\/uploads\/2025\/09\/image-41-130x95.png",130,95,true],"full":["https:\/\/elregionaldigital.info\/wp-content\/uploads\/2025\/09\/image-41.png",992,565,false]},"_links":{"self":[{"href":"https:\/\/elregionaldigital.info\/index.php?rest_route=\/wp\/v2\/posts\/5211","targetHints":{"allow":["GET"]}}],"collection":[{"href":"https:\/\/elregionaldigital.info\/index.php?rest_route=\/wp\/v2\/posts"}],"about":[{"href":"https:\/\/elregionaldigital.info\/index.php?rest_route=\/wp\/v2\/types\/post"}],"author":[{"embeddable":true,"href":"https:\/\/elregionaldigital.info\/index.php?rest_route=\/wp\/v2\/users\/1"}],"replies":[{"embeddable":true,"href":"https:\/\/elregionaldigital.info\/index.php?rest_route=%2Fwp%2Fv2%2Fcomments&post=5211"}],"version-history":[{"count":1,"href":"https:\/\/elregionaldigital.info\/index.php?rest_route=\/wp\/v2\/posts\/5211\/revisions"}],"predecessor-version":[{"id":5213,"href":"https:\/\/elregionaldigital.info\/index.php?rest_route=\/wp\/v2\/posts\/5211\/revisions\/5213"}],"wp:featuredmedia":[{"embeddable":true,"href":"https:\/\/elregionaldigital.info\/index.php?rest_route=\/wp\/v2\/media\/5212"}],"wp:attachment":[{"href":"https:\/\/elregionaldigital.info\/index.php?rest_route=%2Fwp%2Fv2%2Fmedia&parent=5211"}],"wp:term":[{"taxonomy":"category","embeddable":true,"href":"https:\/\/elregionaldigital.info\/index.php?rest_route=%2Fwp%2Fv2%2Fcategories&post=5211"},{"taxonomy":"post_tag","embeddable":true,"href":"https:\/\/elregionaldigital.info\/index.php?rest_route=%2Fwp%2Fv2%2Ftags&post=5211"}],"curies":[{"name":"wp","href":"https:\/\/api.w.org\/{rel}","templated":true}]}}