{"id":5205,"date":"2025-07-11T19:36:46","date_gmt":"2025-07-11T19:36:46","guid":{"rendered":"https:\/\/elregionaldigital.info\/?p=5205"},"modified":"2025-09-11T19:39:50","modified_gmt":"2025-09-11T19:39:50","slug":"el-narcotraficante-ecuatoriano-fito-acepta-ser-extraditado-a-estados-unidos","status":"publish","type":"post","link":"https:\/\/elregionaldigital.info\/?p=5205","title":{"rendered":"El narcotraficante ecuatoriano Fito acepta ser extraditado a Estados Unidos"},"content":{"rendered":"\n<p>julio 11, 2025<\/p>\n\n\n\n<p>El narcotraficante&nbsp;<strong>Jos\u00e9 Adolfo Mac\u00edas Villamar, alias \u201cFito\u201d<\/strong>, l\u00edder de la banda criminal<strong>&nbsp;Los Choneros<\/strong>, la m\u00e1s antigua y una de las m\u00e1s grandes de&nbsp;<strong>Ecuador,<\/strong>&nbsp;acept\u00f3 este viernes ser extraditado a Estados Unidos, donde es requerido por la&nbsp;<strong>Justicia<\/strong>&nbsp;tras ser acusado por delitos como conspiraci\u00f3n para la&nbsp;<strong>distribuci\u00f3n internacional de coca\u00edna,<\/strong>&nbsp;entre otros.<\/p>\n\n\n\n<p>Durante una audiencia, el presidente de la<strong>\u00a0Corte Nacional de Justicia, el juez Jos\u00e9 Suing,<\/strong>\u00a0le pregunt\u00f3 a\u00a0<strong>Fito<\/strong>\u00a0si consent\u00eda o se opon\u00eda a la solicitud formulada por el Gobierno estadounidense con el prop\u00f3sito de obtener su extradici\u00f3n, a lo que\u00a0<strong>Mac\u00edas Villamar<\/strong>\u00a0contest\u00f3 un \u201cs\u00ed, acepto\u201d.<\/p>\n\n\n\n<p><strong>Fito,<\/strong>\u00a0quien era el criminal m\u00e1s buscado de\u00a0<strong>Ecuador,<\/strong>\u00a0compareci\u00f3 a la audiencia desde\u00a0<strong>La Roca,<\/strong>\u00a0la c\u00e1rcel de m\u00e1xima seguridad de\u00a0<strong>Ecuador,<\/strong>\u00a0ubicada en la ciudad de\u00a0<strong>Guayaquil,<\/strong>\u00a0en donde est\u00e1 recluido desde el pasado 25 de junio, cuando fue recapturado por las fuerzas de seguridad un a\u00f1o y medio despu\u00e9s de su fuga de otro centro carcelario.<\/p>\n\n\n\n<p>La diligencia se realiz\u00f3 tres d\u00edas despu\u00e9s de que&nbsp;<strong>Suing<\/strong>&nbsp;recibi\u00f3 del Ministerio de Relaciones&nbsp;<strong>Exteriores y Movilidad Humana de Ecuador<\/strong>&nbsp;la solicitud formal de Estados Unidos para que&nbsp;<strong>Fito<\/strong>&nbsp;sea extraditado y pueda comparecer ante las autoridades judiciales y defenderse de las acusaciones que tiene en su contra.<\/p>\n\n\n\n<p>Una vez que el l\u00edder de&nbsp;<strong>Los Choneros<\/strong>&nbsp;dio su aprobaci\u00f3n,&nbsp;el presidente de la&nbsp;<strong>Corte Nacional<\/strong>&nbsp;se\u00f1al\u00f3 que emitir\u00e1 la decisi\u00f3n por escrito dentro del plazo legal establecido y finaliz\u00f3 la audiencia.<\/p>\n\n\n\n<h2 class=\"wp-block-heading\"><strong>Proceso de extradici\u00f3n de Fito<\/strong><\/h2>\n\n\n\n<p>Seg\u00fan la normativa ecuatoriana, se realizar\u00e1 una extradici\u00f3n simplificada. Es decir, cuando ya est\u00e9 en firme la sentencia que determina procedente la solicitud de extradici\u00f3n, ser\u00e1 enviada al presidente&nbsp;<strong>Daniel Noboa<\/strong>, quien deber\u00e1 decidir si entrega o no al l\u00edder criminal, condenado en&nbsp;<strong>Ecuador<\/strong>&nbsp;a 34 a\u00f1os de c\u00e1rcel por varios delitos como narcotr\u00e1fico, asesinato y delincuencia organizada.<\/p>\n\n\n\n<p>Una decisi\u00f3n que, seg\u00fan dijo este viernes el ministro del Interior,<strong>&nbsp;John Reimberg,<\/strong>&nbsp;ya est\u00e1 tomada, pues el presidente&nbsp;<strong>Noboa<\/strong>&nbsp;le ha dicho que, si fuera por \u00e9l,&nbsp;<strong>Fito<\/strong>&nbsp;\u201cma\u00f1ana est\u00e1 trepado en el avi\u00f3n yendo a Estados Unidos a cumplir su pena por all\u00e1\u201d.<\/p>\n\n\n\n<blockquote class=\"wp-block-quote is-layout-flow wp-block-quote-is-layout-flow\">\n<p>\u201cAlias Fito eligi\u00f3 irse a EE.UU. antes que enfrentar a un Estado que hoy combate al crimen sin tregua. La extradici\u00f3n no es concesi\u00f3n: es consecuencia. En Ecuador, el narco ya no se siente intocable\u201d, dijo Reimberg en su cuenta de la red social X tras conocer la decisi\u00f3n del l\u00edder criminal.<\/p>\n<\/blockquote>\n\n\n\n<figure class=\"wp-block-image size-large\"><img loading=\"lazy\" decoding=\"async\" width=\"1024\" height=\"683\" src=\"https:\/\/elregionaldigital.info\/wp-content\/uploads\/2025\/09\/image-40-1024x683.png\" alt=\"\" class=\"wp-image-5206\" srcset=\"https:\/\/elregionaldigital.info\/wp-content\/uploads\/2025\/09\/image-40-1024x683.png 1024w, https:\/\/elregionaldigital.info\/wp-content\/uploads\/2025\/09\/image-40-300x200.png 300w, https:\/\/elregionaldigital.info\/wp-content\/uploads\/2025\/09\/image-40-768x512.png 768w, https:\/\/elregionaldigital.info\/wp-content\/uploads\/2025\/09\/image-40-1536x1024.png 1536w, https:\/\/elregionaldigital.info\/wp-content\/uploads\/2025\/09\/image-40.png 1920w\" sizes=\"auto, (max-width: 1024px) 100vw, 1024px\" \/><\/figure>\n","protected":false},"excerpt":{"rendered":"<p>julio 11, 2025 El narcotraficante&nbsp;Jos\u00e9 Adolfo Mac\u00edas Villamar, alias \u201cFito\u201d, l\u00edder de la banda criminal&nbsp;Los Choneros, la m\u00e1s antigua y una de las m\u00e1s grandes de&nbsp;Ecuador,&nbsp;acept\u00f3 este viernes ser extraditado a Estados Unidos, donde es requerido por la&nbsp;Justicia&nbsp;tras ser acusado por delitos como conspiraci\u00f3n para la&nbsp;distribuci\u00f3n internacional de coca\u00edna,&nbsp;entre otros. Durante una audiencia, el presidente [&hellip;]<\/p>\n","protected":false},"author":1,"featured_media":5206,"comment_status":"open","ping_status":"open","sticky":false,"template":"","format":"standard","meta":{"footnotes":""},"categories":[11],"tags":[],"class_list":["post-5205","post","type-post","status-publish","format-standard","has-post-thumbnail","hentry","category-mundo"],"blog_post_layout_featured_media_urls":{"thumbnail":["https:\/\/elregionaldigital.info\/wp-content\/uploads\/2025\/09\/image-40-150x150.png",150,150,true],"full":["https:\/\/elregionaldigital.info\/wp-content\/uploads\/2025\/09\/image-40.png",1920,1280,false]},"categories_names":{"11":{"name":"Mundo","link":"https:\/\/elregionaldigital.info\/?cat=11"}},"tags_names":[],"comments_number":"0","wpmagazine_modules_lite_featured_media_urls":{"thumbnail":["https:\/\/elregionaldigital.info\/wp-content\/uploads\/2025\/09\/image-40-150x150.png",150,150,true],"cvmm-medium":["https:\/\/elregionaldigital.info\/wp-content\/uploads\/2025\/09\/image-40-300x300.png",300,300,true],"cvmm-medium-plus":["https:\/\/elregionaldigital.info\/wp-content\/uploads\/2025\/09\/image-40-305x207.png",305,207,true],"cvmm-portrait":["https:\/\/elregionaldigital.info\/wp-content\/uploads\/2025\/09\/image-40-400x600.png",400,600,true],"cvmm-medium-square":["https:\/\/elregionaldigital.info\/wp-content\/uploads\/2025\/09\/image-40-600x600.png",600,600,true],"cvmm-large":["https:\/\/elregionaldigital.info\/wp-content\/uploads\/2025\/09\/image-40-1024x1024.png",1024,1024,true],"cvmm-small":["https:\/\/elregionaldigital.info\/wp-content\/uploads\/2025\/09\/image-40-130x95.png",130,95,true],"full":["https:\/\/elregionaldigital.info\/wp-content\/uploads\/2025\/09\/image-40.png",1920,1280,false]},"_links":{"self":[{"href":"https:\/\/elregionaldigital.info\/index.php?rest_route=\/wp\/v2\/posts\/5205","targetHints":{"allow":["GET"]}}],"collection":[{"href":"https:\/\/elregionaldigital.info\/index.php?rest_route=\/wp\/v2\/posts"}],"about":[{"href":"https:\/\/elregionaldigital.info\/index.php?rest_route=\/wp\/v2\/types\/post"}],"author":[{"embeddable":true,"href":"https:\/\/elregionaldigital.info\/index.php?rest_route=\/wp\/v2\/users\/1"}],"replies":[{"embeddable":true,"href":"https:\/\/elregionaldigital.info\/index.php?rest_route=%2Fwp%2Fv2%2Fcomments&post=5205"}],"version-history":[{"count":1,"href":"https:\/\/elregionaldigital.info\/index.php?rest_route=\/wp\/v2\/posts\/5205\/revisions"}],"predecessor-version":[{"id":5207,"href":"https:\/\/elregionaldigital.info\/index.php?rest_route=\/wp\/v2\/posts\/5205\/revisions\/5207"}],"wp:featuredmedia":[{"embeddable":true,"href":"https:\/\/elregionaldigital.info\/index.php?rest_route=\/wp\/v2\/media\/5206"}],"wp:attachment":[{"href":"https:\/\/elregionaldigital.info\/index.php?rest_route=%2Fwp%2Fv2%2Fmedia&parent=5205"}],"wp:term":[{"taxonomy":"category","embeddable":true,"href":"https:\/\/elregionaldigital.info\/index.php?rest_route=%2Fwp%2Fv2%2Fcategories&post=5205"},{"taxonomy":"post_tag","embeddable":true,"href":"https:\/\/elregionaldigital.info\/index.php?rest_route=%2Fwp%2Fv2%2Ftags&post=5205"}],"curies":[{"name":"wp","href":"https:\/\/api.w.org\/{rel}","templated":true}]}}