{"id":5202,"date":"2025-07-18T19:34:17","date_gmt":"2025-07-18T19:34:17","guid":{"rendered":"https:\/\/elregionaldigital.info\/?p=5202"},"modified":"2025-09-11T19:36:39","modified_gmt":"2025-09-11T19:36:39","slug":"no-son-mis-palabras-trump-acusa-al-wsj-de-publicar-una-carta-falsa-a-epstein","status":"publish","type":"post","link":"https:\/\/elregionaldigital.info\/?p=5202","title":{"rendered":"\u201cNo son mis palabras\u201d: Trump acusa al WSJ de publicar una carta \u201cfalsa\u201d a Epstein"},"content":{"rendered":"\n<p>julio 18, 2025<\/p>\n\n\n\n<p>El presidente de\u00a0<strong>Estados Unidos,\u00a0Donald\u00a0Trump<\/strong>, insisti\u00f3 en que una supuesta\u00a0<strong>carta<\/strong>\u00a0suya dirigida al financiero\u00a0<strong>Jeffrey Epstein\u00a0<\/strong>y publicada por el rotativo\u00a0<strong>The Wall Street Journal<\/strong>\u00a0es \u201cfalsa\u201d, al tiempo que afirm\u00f3 que si existiera una \u201cprueba contundente\u201d de su implicaci\u00f3n en los cr\u00edmenes del extinto magnate ya sus enemigos la hubieran usado.<\/p>\n\n\n\n<blockquote class=\"wp-block-quote is-layout-flow wp-block-quote-is-layout-flow\">\n<p>El Wall Street Journal public\u00f3 una carta FALSA, supuestamente dirigida a Epstein. No son mis palabras, no es mi forma de hablar. Adem\u00e1s, no hago dibujos\u201d, dijo Trump en un mensaje en su red Truth Social.<\/p>\n<\/blockquote>\n\n\n\n<p>El mandatario hace referencia a un art\u00edculo publicado en la previa por el diario, en el que este revela el contenido \u201cobsceno\u201d de una misiva supuestamente enviada por el ahora presidente a Epstein, con el que Trump comparti\u00f3 una amistad hace d\u00e9cadas.<\/p>\n\n\n\n<p>En su mensaje, el republicano repiti\u00f3 que le dijo al propietario del conglomerado que engloba a The Wall Street Journal, Rupert Murdoch, \u201cque era una estafa, que no publicara esta historia falsa\u201d, por lo que volvi\u00f3 a amenazar con que lo demandar\u00e1 \u201ca \u00e9l y a su peri\u00f3dico de mala muerte\u201d.<\/p>\n\n\n\n<p>En otra publicaci\u00f3n separada Trump concluy\u00f3 que \u201csi hubiera una \u2018prueba concluyente\u2019 sobre Epstein\u201d, los dem\u00f3cratas \u2013 a los que acusa sin pruebas de orquestar este \u201cbulo\u201d- la habr\u00edan usado en su contra.<\/p>\n\n\n\n<p>\u201c\u00a1\u00a1\u00a1PORQUE NO TEN\u00cdAN NADA!!!\u201d, reiter\u00f3.<\/p>\n\n\n\n<p>Seg\u00fan el WSJ, la exasistenta de Epstein,&nbsp;<strong>Ghislaine Maxwell<\/strong>&nbsp;-que cumple una pena de 20 a\u00f1os de c\u00e1rcel por ser c\u00f3mplice del magnate-, recopil\u00f3 cartas de Trump y de otros socios de Epstein para incluirlas en un \u00e1lbum de 2003 como regalo de cumplea\u00f1os para el fallecido.<\/p>\n\n\n\n<p>En concreto, una carta firmada por Trump y revisada por el Wall Street Journal contiene varias l\u00edneas de texto mecanografiado enmarcadas por el contorno de una mujer desnuda dibujada, supuestamente por el mandatario, con un rotulador.<\/p>\n\n\n\n<p>El medio incide en que la firma de Trump aparece garabateada bajo la cintura de la mujer, \u201cimitando el vello p\u00fabico\u201d. La carta concluye adem\u00e1s con una frase de Trump: \u201cFeliz cumplea\u00f1os, y que cada d\u00eda sea otro secreto maravilloso\u201d.<\/p>\n\n\n\n<p>La publicaci\u00f3n de este art\u00edculo del WSJ llega en un momento en que el esc\u00e1ndalo de Jeffrey Epstein resurge en EE.UU., despu\u00e9s de que el&nbsp;<strong>FBI<\/strong>&nbsp;y el&nbsp;<strong>Departamento de Justicia<\/strong>&nbsp;(DOJ) concluyeran en una investigaci\u00f3n que el magnate no ten\u00eda una \u201clista de clientes\u201d famosos a los que chantajeaba.<\/p>\n\n\n\n<p>El FBI y el DOJ tambi\u00e9n confirmaron la muerte por suicidio de Epstein -desmintiendo as\u00ed la teor\u00eda conspiranoica de que hab\u00eda sido asesinado para proteger a sus conocidos- y anticiparon que no publicar\u00edan m\u00e1s pesquisas del caso.<\/p>\n\n\n\n<p>Los simpatizantes m\u00e1s ac\u00e9rrimos del movimiento Make America Great Again (MAGA) est\u00e1n insatisfechos con los hallazgos de dicha investigaci\u00f3n, pues Trump, la fiscal general de EE.UU., Pam Bondi, y el subdirector del FBI, Dan Bongino, prometieron antes del comienzo de esta Administraci\u00f3n revelar \u201cla verdad\u201d sobre el caso.<\/p>\n\n\n\n<figure class=\"wp-block-image size-large\"><img loading=\"lazy\" decoding=\"async\" width=\"1024\" height=\"683\" src=\"https:\/\/elregionaldigital.info\/wp-content\/uploads\/2025\/09\/image-39-1024x683.png\" alt=\"\" class=\"wp-image-5203\" srcset=\"https:\/\/elregionaldigital.info\/wp-content\/uploads\/2025\/09\/image-39-1024x683.png 1024w, https:\/\/elregionaldigital.info\/wp-content\/uploads\/2025\/09\/image-39-300x200.png 300w, https:\/\/elregionaldigital.info\/wp-content\/uploads\/2025\/09\/image-39-768x512.png 768w, https:\/\/elregionaldigital.info\/wp-content\/uploads\/2025\/09\/image-39-1536x1024.png 1536w, https:\/\/elregionaldigital.info\/wp-content\/uploads\/2025\/09\/image-39.png 1920w\" sizes=\"auto, (max-width: 1024px) 100vw, 1024px\" \/><\/figure>\n","protected":false},"excerpt":{"rendered":"<p>julio 18, 2025 El presidente de\u00a0Estados Unidos,\u00a0Donald\u00a0Trump, insisti\u00f3 en que una supuesta\u00a0carta\u00a0suya dirigida al financiero\u00a0Jeffrey Epstein\u00a0y publicada por el rotativo\u00a0The Wall Street Journal\u00a0es \u201cfalsa\u201d, al tiempo que afirm\u00f3 que si existiera una \u201cprueba contundente\u201d de su implicaci\u00f3n en los cr\u00edmenes del extinto magnate ya sus enemigos la hubieran usado. El Wall Street Journal public\u00f3 una [&hellip;]<\/p>\n","protected":false},"author":1,"featured_media":5203,"comment_status":"open","ping_status":"open","sticky":false,"template":"","format":"standard","meta":{"footnotes":""},"categories":[11],"tags":[],"class_list":["post-5202","post","type-post","status-publish","format-standard","has-post-thumbnail","hentry","category-mundo"],"blog_post_layout_featured_media_urls":{"thumbnail":["https:\/\/elregionaldigital.info\/wp-content\/uploads\/2025\/09\/image-39-150x150.png",150,150,true],"full":["https:\/\/elregionaldigital.info\/wp-content\/uploads\/2025\/09\/image-39.png",1920,1280,false]},"categories_names":{"11":{"name":"Mundo","link":"https:\/\/elregionaldigital.info\/?cat=11"}},"tags_names":[],"comments_number":"0","wpmagazine_modules_lite_featured_media_urls":{"thumbnail":["https:\/\/elregionaldigital.info\/wp-content\/uploads\/2025\/09\/image-39-150x150.png",150,150,true],"cvmm-medium":["https:\/\/elregionaldigital.info\/wp-content\/uploads\/2025\/09\/image-39-300x300.png",300,300,true],"cvmm-medium-plus":["https:\/\/elregionaldigital.info\/wp-content\/uploads\/2025\/09\/image-39-305x207.png",305,207,true],"cvmm-portrait":["https:\/\/elregionaldigital.info\/wp-content\/uploads\/2025\/09\/image-39-400x600.png",400,600,true],"cvmm-medium-square":["https:\/\/elregionaldigital.info\/wp-content\/uploads\/2025\/09\/image-39-600x600.png",600,600,true],"cvmm-large":["https:\/\/elregionaldigital.info\/wp-content\/uploads\/2025\/09\/image-39-1024x1024.png",1024,1024,true],"cvmm-small":["https:\/\/elregionaldigital.info\/wp-content\/uploads\/2025\/09\/image-39-130x95.png",130,95,true],"full":["https:\/\/elregionaldigital.info\/wp-content\/uploads\/2025\/09\/image-39.png",1920,1280,false]},"_links":{"self":[{"href":"https:\/\/elregionaldigital.info\/index.php?rest_route=\/wp\/v2\/posts\/5202","targetHints":{"allow":["GET"]}}],"collection":[{"href":"https:\/\/elregionaldigital.info\/index.php?rest_route=\/wp\/v2\/posts"}],"about":[{"href":"https:\/\/elregionaldigital.info\/index.php?rest_route=\/wp\/v2\/types\/post"}],"author":[{"embeddable":true,"href":"https:\/\/elregionaldigital.info\/index.php?rest_route=\/wp\/v2\/users\/1"}],"replies":[{"embeddable":true,"href":"https:\/\/elregionaldigital.info\/index.php?rest_route=%2Fwp%2Fv2%2Fcomments&post=5202"}],"version-history":[{"count":1,"href":"https:\/\/elregionaldigital.info\/index.php?rest_route=\/wp\/v2\/posts\/5202\/revisions"}],"predecessor-version":[{"id":5204,"href":"https:\/\/elregionaldigital.info\/index.php?rest_route=\/wp\/v2\/posts\/5202\/revisions\/5204"}],"wp:featuredmedia":[{"embeddable":true,"href":"https:\/\/elregionaldigital.info\/index.php?rest_route=\/wp\/v2\/media\/5203"}],"wp:attachment":[{"href":"https:\/\/elregionaldigital.info\/index.php?rest_route=%2Fwp%2Fv2%2Fmedia&parent=5202"}],"wp:term":[{"taxonomy":"category","embeddable":true,"href":"https:\/\/elregionaldigital.info\/index.php?rest_route=%2Fwp%2Fv2%2Fcategories&post=5202"},{"taxonomy":"post_tag","embeddable":true,"href":"https:\/\/elregionaldigital.info\/index.php?rest_route=%2Fwp%2Fv2%2Ftags&post=5202"}],"curies":[{"name":"wp","href":"https:\/\/api.w.org\/{rel}","templated":true}]}}