{"id":5193,"date":"2025-08-06T19:27:09","date_gmt":"2025-08-06T19:27:09","guid":{"rendered":"https:\/\/elregionaldigital.info\/?p=5193"},"modified":"2025-09-11T19:29:50","modified_gmt":"2025-09-11T19:29:50","slug":"ocho-noticias-para-estar-bien-informado-este-6-de-agosto-por-radar-latam","status":"publish","type":"post","link":"https:\/\/elregionaldigital.info\/?p=5193","title":{"rendered":"Ocho noticias para estar bien informado este 6 de agosto, por Radar Latam"},"content":{"rendered":"\n<p>agosto 6, 2025<\/p>\n\n\n\n<h4 class=\"wp-block-heading\">&nbsp;AM\u00c9RICA LATINA<\/h4>\n\n\n\n<p><strong>1. Cepal eleva al 2.2% el crecimiento en 2025 para Am\u00e9rica Latina pese a la guerra comercial<\/strong><\/p>\n\n\n\n<p>En un escenario internacional marcado por el resurgir del proteccionismo y las tensiones comerciales y geopol\u00edticas, la Cepal actualiz\u00f3 sus proyecciones y estima que Am\u00e9rica Latina y el Caribe crecer\u00e1n un 2.2\u202f% en 2025, dos d\u00e9cimas por encima de lo proyectado anteriormente. Este ligero repunte responde a una moderada recuperaci\u00f3n econ\u00f3mica durante el primer semestre del a\u00f1o, aunque se mantiene la advertencia sobre un contexto externo fr\u00e1gil, el debilitamiento de la demanda global y la persistente incertidumbre pol\u00edtica y geopol\u00edtica. A pesar del leve optimismo, el secretario ejecutivo de la Cepal, Jos\u00e9 Salazar Xirinachs, subray\u00f3 que la regi\u00f3n sigue estancada en una trampa de bajo crecimiento y requiere con urgencia reformas estructurales, mayor inversi\u00f3n, productividad y pol\u00edticas p\u00fablicas que reduzcan la desigualdad, promuevan la formalizaci\u00f3n laboral y aceleren la transici\u00f3n hacia un modelo de desarrollo m\u00e1s sostenible e inclusivo.<\/p>\n\n\n\n<p>Argentina (5 %), Panam\u00e1 (4.2 %), Paraguay (4 %) y Rep\u00fablica Dominicana (3.7 %), Guatemala (3.6 %) y Costa Rica (3.5 %) liderar\u00e1n el crecimiento econ\u00f3mico este a\u00f1o, seg\u00fan las nuevas cifras de Cepal.<\/p>\n\n\n\n<p>En el medio de la tabla se encuentran Honduras (3.2 %), Nicaragua (3.1 %), Per\u00fa (3.1 %), Uruguay (2.8 %), Colombia (2.5 %), Chile (2.4 %), El Salvador (2.4 %), Brasil (2.3 %) y Venezuela (2 %).<\/p>\n\n\n\n<p>En la cola, pero a\u00fan con cifras positivas, est\u00e1n las islas del Caribe (1.8 %) \u2013sin contar Guyana\u2013, Bolivia (1.5 %), Ecuador (1.5 %) y M\u00e9xico (0.3 %), mientras que Cuba (-1.5 %) y Hait\u00ed (-2.3 %) son los \u00fanicos que decrecer\u00e1n este a\u00f1o.<\/p>\n\n\n\n<p>Para 2026, el organismo internacional estima que la regi\u00f3n se expandir\u00e1 un 2.3 %.<\/p>\n\n\n\n<ol start=\"2\" class=\"wp-block-list\">\n<li>Colombia se queda con el caf\u00e9 de EE.UU. tras arancel a Brasil: una ventana de oportunidad inesperada<\/li>\n<\/ol>\n\n\n\n<p>El caf\u00e9 colombiano se posiciona como el gran ganador de la guerra arancelaria entre Brasil y Estados Unidos, luego de que Washington impusiera un arancel del 50\u202f% al grano brasile\u00f1o. Esto ha otorgado al caf\u00e9 colombiano una ventaja competitiva del 11.7\u202f% frente a su principal rival. En julio, Colombia alcanz\u00f3 una producci\u00f3n r\u00e9cord de 1.37 millones de sacos y ha redirigido sus exportaciones hacia EE.UU., donde los compradores ahora apuestan por caf\u00e9s especiales y microlotes. En un contexto de tensiones globales, la calidad y estabilidad colombiana ofrecen una alternativa atractiva para el mercado norteamericano, abriendo una inusual pero estrat\u00e9gica oportunidad para el sector cafetero nacional.<\/p>\n\n\n\n<ol start=\"3\" class=\"wp-block-list\">\n<li>Brasil: El arresto domiciliario de Bolsonaro complica la negociaci\u00f3n arancelaria con EE.UU.<\/li>\n<\/ol>\n\n\n\n<p>La decisi\u00f3n del juez Alexandre de Moraes de ordenar el arresto domiciliario de Jair Bolsonaro, por violar medidas judiciales como el uso de redes sociales, ha tensado a\u00fan m\u00e1s las fr\u00e1giles negociaciones arancelarias entre Brasil y Estados Unidos. Washington impuso un arancel del 50\u202f% a productos brasile\u00f1os, pero eximi\u00f3 a 700 \u00edtems estrat\u00e9gicos tras gestiones del canciller Mauro Vieira. Sin embargo, la situaci\u00f3n judicial del expresidente \u2014aliado de Trump\u2014 enturbia el ambiente pol\u00edtico y complica la posibilidad de avanzar en nuevas exenciones. El gobierno de Lula intenta mantener el tono t\u00e9cnico y diplom\u00e1tico, mientras la oposici\u00f3n brasile\u00f1a busca convertir la coyuntura en un eje pol\u00edtico binacional. Por su parte, el hijo de Bolsonaro ha propuesto que el juez Alexandre de Moraes sea destituido por el congreso brasile\u00f1o.<\/p>\n\n\n\n<p>La decisi\u00f3n del juez Alexandre de Moraes de ordenar el arresto domiciliario de Jair Bolsonaro, por violar medidas judiciales como el uso de redes sociales, ha tensado a\u00fan m\u00e1s las fr\u00e1giles negociaciones arancelarias entre Brasil y Estados Unidos. Washington impuso un arancel del 50\u202f% a productos brasile\u00f1os, pero eximi\u00f3 a 700 \u00edtems estrat\u00e9gicos tras gestiones del canciller Mauro Vieira. Sin embargo, la situaci\u00f3n judicial del expresidente \u2014aliado de Trump\u2014 enturbia el ambiente pol\u00edtico y complica la posibilidad de avanzar en nuevas exenciones. El gobierno de Lula intenta mantener el tono t\u00e9cnico y diplom\u00e1tico, mientras la oposici\u00f3n brasile\u00f1a busca convertir la coyuntura en un eje pol\u00edtico binacional. Por su parte, el hijo de Bolsonaro ha propuesto que el juez Alexandre de Moraes sea destituido por el congreso brasile\u00f1o.<\/p>\n\n\n\n<figure class=\"wp-block-image size-large\"><img loading=\"lazy\" decoding=\"async\" width=\"1024\" height=\"631\" src=\"https:\/\/elregionaldigital.info\/wp-content\/uploads\/2025\/09\/image-36-1024x631.png\" alt=\"\" class=\"wp-image-5194\" srcset=\"https:\/\/elregionaldigital.info\/wp-content\/uploads\/2025\/09\/image-36-1024x631.png 1024w, https:\/\/elregionaldigital.info\/wp-content\/uploads\/2025\/09\/image-36-300x185.png 300w, https:\/\/elregionaldigital.info\/wp-content\/uploads\/2025\/09\/image-36-768x474.png 768w, https:\/\/elregionaldigital.info\/wp-content\/uploads\/2025\/09\/image-36.png 1200w\" sizes=\"auto, (max-width: 1024px) 100vw, 1024px\" \/><\/figure>\n","protected":false},"excerpt":{"rendered":"<p>agosto 6, 2025 &nbsp;AM\u00c9RICA LATINA 1. Cepal eleva al 2.2% el crecimiento en 2025 para Am\u00e9rica Latina pese a la guerra comercial En un escenario internacional marcado por el resurgir del proteccionismo y las tensiones comerciales y geopol\u00edticas, la Cepal actualiz\u00f3 sus proyecciones y estima que Am\u00e9rica Latina y el Caribe crecer\u00e1n un 2.2\u202f% en [&hellip;]<\/p>\n","protected":false},"author":1,"featured_media":5194,"comment_status":"open","ping_status":"open","sticky":false,"template":"","format":"standard","meta":{"footnotes":""},"categories":[11],"tags":[],"class_list":["post-5193","post","type-post","status-publish","format-standard","has-post-thumbnail","hentry","category-mundo"],"blog_post_layout_featured_media_urls":{"thumbnail":["https:\/\/elregionaldigital.info\/wp-content\/uploads\/2025\/09\/image-36-150x150.png",150,150,true],"full":["https:\/\/elregionaldigital.info\/wp-content\/uploads\/2025\/09\/image-36.png",1200,740,false]},"categories_names":{"11":{"name":"Mundo","link":"https:\/\/elregionaldigital.info\/?cat=11"}},"tags_names":[],"comments_number":"0","wpmagazine_modules_lite_featured_media_urls":{"thumbnail":["https:\/\/elregionaldigital.info\/wp-content\/uploads\/2025\/09\/image-36-150x150.png",150,150,true],"cvmm-medium":["https:\/\/elregionaldigital.info\/wp-content\/uploads\/2025\/09\/image-36-300x300.png",300,300,true],"cvmm-medium-plus":["https:\/\/elregionaldigital.info\/wp-content\/uploads\/2025\/09\/image-36-305x207.png",305,207,true],"cvmm-portrait":["https:\/\/elregionaldigital.info\/wp-content\/uploads\/2025\/09\/image-36-400x600.png",400,600,true],"cvmm-medium-square":["https:\/\/elregionaldigital.info\/wp-content\/uploads\/2025\/09\/image-36-600x600.png",600,600,true],"cvmm-large":["https:\/\/elregionaldigital.info\/wp-content\/uploads\/2025\/09\/image-36-1024x740.png",1024,740,true],"cvmm-small":["https:\/\/elregionaldigital.info\/wp-content\/uploads\/2025\/09\/image-36-130x95.png",130,95,true],"full":["https:\/\/elregionaldigital.info\/wp-content\/uploads\/2025\/09\/image-36.png",1200,740,false]},"_links":{"self":[{"href":"https:\/\/elregionaldigital.info\/index.php?rest_route=\/wp\/v2\/posts\/5193","targetHints":{"allow":["GET"]}}],"collection":[{"href":"https:\/\/elregionaldigital.info\/index.php?rest_route=\/wp\/v2\/posts"}],"about":[{"href":"https:\/\/elregionaldigital.info\/index.php?rest_route=\/wp\/v2\/types\/post"}],"author":[{"embeddable":true,"href":"https:\/\/elregionaldigital.info\/index.php?rest_route=\/wp\/v2\/users\/1"}],"replies":[{"embeddable":true,"href":"https:\/\/elregionaldigital.info\/index.php?rest_route=%2Fwp%2Fv2%2Fcomments&post=5193"}],"version-history":[{"count":1,"href":"https:\/\/elregionaldigital.info\/index.php?rest_route=\/wp\/v2\/posts\/5193\/revisions"}],"predecessor-version":[{"id":5195,"href":"https:\/\/elregionaldigital.info\/index.php?rest_route=\/wp\/v2\/posts\/5193\/revisions\/5195"}],"wp:featuredmedia":[{"embeddable":true,"href":"https:\/\/elregionaldigital.info\/index.php?rest_route=\/wp\/v2\/media\/5194"}],"wp:attachment":[{"href":"https:\/\/elregionaldigital.info\/index.php?rest_route=%2Fwp%2Fv2%2Fmedia&parent=5193"}],"wp:term":[{"taxonomy":"category","embeddable":true,"href":"https:\/\/elregionaldigital.info\/index.php?rest_route=%2Fwp%2Fv2%2Fcategories&post=5193"},{"taxonomy":"post_tag","embeddable":true,"href":"https:\/\/elregionaldigital.info\/index.php?rest_route=%2Fwp%2Fv2%2Ftags&post=5193"}],"curies":[{"name":"wp","href":"https:\/\/api.w.org\/{rel}","templated":true}]}}