{"id":5184,"date":"2025-08-21T19:20:31","date_gmt":"2025-08-21T19:20:31","guid":{"rendered":"https:\/\/elregionaldigital.info\/?p=5184"},"modified":"2025-09-11T19:22:36","modified_gmt":"2025-09-11T19:22:36","slug":"niegan-libertad-condicional-a-uno-de-los-hermanos-menendez","status":"publish","type":"post","link":"https:\/\/elregionaldigital.info\/?p=5184","title":{"rendered":"Niegan libertad condicional a uno de los hermanos Men\u00e9ndez"},"content":{"rendered":"\n<p>agosto 21, 2025<\/p>\n\n\n\n<p>Una junta de revisi\u00f3n de&nbsp;<strong>California<\/strong>&nbsp;neg\u00f3 la libertad condicional a&nbsp;<strong>Erik Men\u00e9ndez<\/strong>, uno de los dos hermanos condenados por el asesinato a tiros de sus padres en 1989 en&nbsp;<strong>Beverly Hills.<\/strong><\/p>\n\n\n\n<p><strong>Erik,<\/strong>&nbsp;condenado a cadena perpetua con su&nbsp;<strong>hermano Lyle<\/strong>, recibi\u00f3 el fallo negativo este jueves en una audiencia virtual de 10 horas que incluy\u00f3 declaraciones de la&nbsp;<strong>Oficina del Fiscal de Los \u00c1ngeles<\/strong>&nbsp;y muchos testigos del caso que son considerados v\u00edctimas del crimen, que cumpli\u00f3 36 a\u00f1os desde su comisi\u00f3n este 20 agosto.<\/p>\n\n\n\n<p>La \u00fanica salida que le queda ahora a&nbsp;<strong>Erik<\/strong>&nbsp;tras el fallo de los comisionados de&nbsp;<strong>libertad condicional<\/strong>, es que el gobernador del Estado decidiera eventualmente revocar el fallo para otorgarle una salida de prisi\u00f3n.<\/p>\n\n\n\n<p>El viernes, el otro hermano,&nbsp;<strong>Lyle,<\/strong>&nbsp;ser\u00e1 escuchado por la junta de libertad condicional por separado, pero el fallo contra su hermano deja&nbsp;<strong>malos pron\u00f3sticos<\/strong>&nbsp;para su caso.<\/p>\n\n\n\n<p>Esta condena se revis\u00f3 el pasado mayo por la Justicia de EE.UU. y se redujo la pena a entre 50 a\u00f1os de c\u00e1rcel y cadena perpetua, permitiendo la posibilidad de&nbsp;<strong>solicitar una audiencia para salir de prisi\u00f3n.<\/strong><\/p>\n\n\n\n<p>Los hermanos fueron hallados culpables del asesinato de sus padres,&nbsp;<strong>Kitty y Jos\u00e9 Men\u00e9ndez<\/strong>, ocurrido el 20 de agosto de 1989 en su casa de&nbsp;<strong>Beverly Hills<\/strong>, en un controvertido caso en el que los j\u00f3venes denunciaron haber sufrido&nbsp;<strong>abusos sexuales por parte de su padre.<\/strong><\/p>\n\n\n\n<p>Inicialmente,&nbsp;<strong>Erik y Lyle&nbsp;<\/strong>afirmaron a la Polic\u00eda que encontraron los cuerpos sin vida de sus padres tras haber pasado la tarde fuera de casa, pero levantaron sospechas cuando comenzaron una vida de excesos tras acceder a la fortuna familiar.<\/p>\n\n\n\n<p>El caso recobr\u00f3 notoriedad p\u00fablica con la exitosa&nbsp;<strong>serie de Netflix \u2018Monstruos: La historia de Lyle y Erik Men\u00e9ndez\u2019,<\/strong>&nbsp;a la que se sumaron un documental y el revuelo levantado por una nueva generaci\u00f3n que observa con otros ojos a quienes antes fueron considerados asesinos despiadados.<\/p>\n\n\n\n<figure class=\"wp-block-image size-large\"><img loading=\"lazy\" decoding=\"async\" width=\"1024\" height=\"683\" src=\"https:\/\/elregionaldigital.info\/wp-content\/uploads\/2025\/09\/image-33-1024x683.png\" alt=\"\" class=\"wp-image-5185\" srcset=\"https:\/\/elregionaldigital.info\/wp-content\/uploads\/2025\/09\/image-33-1024x683.png 1024w, https:\/\/elregionaldigital.info\/wp-content\/uploads\/2025\/09\/image-33-300x200.png 300w, https:\/\/elregionaldigital.info\/wp-content\/uploads\/2025\/09\/image-33-768x512.png 768w, https:\/\/elregionaldigital.info\/wp-content\/uploads\/2025\/09\/image-33-1536x1024.png 1536w, https:\/\/elregionaldigital.info\/wp-content\/uploads\/2025\/09\/image-33.png 1920w\" sizes=\"auto, (max-width: 1024px) 100vw, 1024px\" \/><\/figure>\n","protected":false},"excerpt":{"rendered":"<p>agosto 21, 2025 Una junta de revisi\u00f3n de&nbsp;California&nbsp;neg\u00f3 la libertad condicional a&nbsp;Erik Men\u00e9ndez, uno de los dos hermanos condenados por el asesinato a tiros de sus padres en 1989 en&nbsp;Beverly Hills. Erik,&nbsp;condenado a cadena perpetua con su&nbsp;hermano Lyle, recibi\u00f3 el fallo negativo este jueves en una audiencia virtual de 10 horas que incluy\u00f3 declaraciones de [&hellip;]<\/p>\n","protected":false},"author":1,"featured_media":5185,"comment_status":"open","ping_status":"open","sticky":false,"template":"","format":"standard","meta":{"footnotes":""},"categories":[11],"tags":[],"class_list":["post-5184","post","type-post","status-publish","format-standard","has-post-thumbnail","hentry","category-mundo"],"blog_post_layout_featured_media_urls":{"thumbnail":["https:\/\/elregionaldigital.info\/wp-content\/uploads\/2025\/09\/image-33-150x150.png",150,150,true],"full":["https:\/\/elregionaldigital.info\/wp-content\/uploads\/2025\/09\/image-33.png",1920,1280,false]},"categories_names":{"11":{"name":"Mundo","link":"https:\/\/elregionaldigital.info\/?cat=11"}},"tags_names":[],"comments_number":"0","wpmagazine_modules_lite_featured_media_urls":{"thumbnail":["https:\/\/elregionaldigital.info\/wp-content\/uploads\/2025\/09\/image-33-150x150.png",150,150,true],"cvmm-medium":["https:\/\/elregionaldigital.info\/wp-content\/uploads\/2025\/09\/image-33-300x300.png",300,300,true],"cvmm-medium-plus":["https:\/\/elregionaldigital.info\/wp-content\/uploads\/2025\/09\/image-33-305x207.png",305,207,true],"cvmm-portrait":["https:\/\/elregionaldigital.info\/wp-content\/uploads\/2025\/09\/image-33-400x600.png",400,600,true],"cvmm-medium-square":["https:\/\/elregionaldigital.info\/wp-content\/uploads\/2025\/09\/image-33-600x600.png",600,600,true],"cvmm-large":["https:\/\/elregionaldigital.info\/wp-content\/uploads\/2025\/09\/image-33-1024x1024.png",1024,1024,true],"cvmm-small":["https:\/\/elregionaldigital.info\/wp-content\/uploads\/2025\/09\/image-33-130x95.png",130,95,true],"full":["https:\/\/elregionaldigital.info\/wp-content\/uploads\/2025\/09\/image-33.png",1920,1280,false]},"_links":{"self":[{"href":"https:\/\/elregionaldigital.info\/index.php?rest_route=\/wp\/v2\/posts\/5184","targetHints":{"allow":["GET"]}}],"collection":[{"href":"https:\/\/elregionaldigital.info\/index.php?rest_route=\/wp\/v2\/posts"}],"about":[{"href":"https:\/\/elregionaldigital.info\/index.php?rest_route=\/wp\/v2\/types\/post"}],"author":[{"embeddable":true,"href":"https:\/\/elregionaldigital.info\/index.php?rest_route=\/wp\/v2\/users\/1"}],"replies":[{"embeddable":true,"href":"https:\/\/elregionaldigital.info\/index.php?rest_route=%2Fwp%2Fv2%2Fcomments&post=5184"}],"version-history":[{"count":1,"href":"https:\/\/elregionaldigital.info\/index.php?rest_route=\/wp\/v2\/posts\/5184\/revisions"}],"predecessor-version":[{"id":5186,"href":"https:\/\/elregionaldigital.info\/index.php?rest_route=\/wp\/v2\/posts\/5184\/revisions\/5186"}],"wp:featuredmedia":[{"embeddable":true,"href":"https:\/\/elregionaldigital.info\/index.php?rest_route=\/wp\/v2\/media\/5185"}],"wp:attachment":[{"href":"https:\/\/elregionaldigital.info\/index.php?rest_route=%2Fwp%2Fv2%2Fmedia&parent=5184"}],"wp:term":[{"taxonomy":"category","embeddable":true,"href":"https:\/\/elregionaldigital.info\/index.php?rest_route=%2Fwp%2Fv2%2Fcategories&post=5184"},{"taxonomy":"post_tag","embeddable":true,"href":"https:\/\/elregionaldigital.info\/index.php?rest_route=%2Fwp%2Fv2%2Ftags&post=5184"}],"curies":[{"name":"wp","href":"https:\/\/api.w.org\/{rel}","templated":true}]}}