{"id":5180,"date":"2025-08-27T19:17:56","date_gmt":"2025-08-27T19:17:56","guid":{"rendered":"https:\/\/elregionaldigital.info\/?p=5180"},"modified":"2025-09-11T19:20:24","modified_gmt":"2025-09-11T19:20:24","slug":"director-de-escuela-de-minneapolis-relata-como-pesadilla-tiroteo-donde-murieron-dos-ninos","status":"publish","type":"post","link":"https:\/\/elregionaldigital.info\/?p=5180","title":{"rendered":"Director de escuela de Minneapolis relata como \u201cpesadilla\u201d tiroteo donde murieron dos ni\u00f1os"},"content":{"rendered":"\n<p>agosto 27, 2025<\/p>\n\n\n\n<p>El director de la escuela cat\u00f3lica de<strong>&nbsp;La Anunciaci\u00f3n de Minneapolis, Matt Dubois<\/strong>, describi\u00f3 este mi\u00e9rcoles como \u201cuna pesadilla\u201d los momentos vividos durante el ataque perpetrado por un tirador que dispar\u00f3 a los asistentes a una misa de principio de curso,&nbsp;<strong>matando a dos ni\u00f1os y dejando 17 heridos<\/strong>, 14 de ellos menores de edad.<\/p>\n\n\n\n<blockquote class=\"wp-block-quote is-layout-flow wp-block-quote-is-layout-flow\">\n<p>\u201cEn segundos comenz\u00f3 la situaci\u00f3n, nuestros maestros fueron h\u00e9roes. Los ni\u00f1os se agacharon. Los adultos proteg\u00edan a los ni\u00f1os. Los ni\u00f1os mayores proteg\u00edan a los menores\u201d, dijo Dubois durante una conferencia de prensa frente a la escuela.<\/p>\n<\/blockquote>\n\n\n\n<p>Los ni\u00f1os y profesores asist\u00edan a una misa cuando un tirador, identificado como&nbsp;<strong>Robert Westman<\/strong>, abri\u00f3 fuego con tres armas diferentes a trav\u00e9s de las ventanas de la iglesia del colegio,&nbsp;<strong>provocando la muerte de dos ni\u00f1os, uno de ocho y otro de diez a\u00f1os.<\/strong><\/p>\n\n\n\n<blockquote class=\"wp-block-quote is-layout-flow wp-block-quote-is-layout-flow\">\n<p>\u201cEsto es una pesadilla (\u2026) cuando planeamos este a\u00f1o escolar, escogimos intencionalmente como tema unas palabras del cap\u00edtulo 29 del profeta Jerem\u00edas: \u2018un futuro lleno de esperanza\u2019. Hoy no hay nada que pueda llenarnos de esperanza\u201d, agreg\u00f3 el director del centro escolar.<\/p>\n<\/blockquote>\n\n\n\n<p>La escuela de&nbsp;<strong>La Anunciaci\u00f3n,<\/strong>&nbsp;en&nbsp;<strong>Minneapolis,&nbsp;<\/strong>es un colegio cat\u00f3lico que atiende a estudiantes desde cinco a 14 a\u00f1os, seg\u00fan su web oficial.<\/p>\n\n\n\n<p>La senadora dem\u00f3crata de Minnesota,&nbsp;<strong>Tina Smith,<\/strong>&nbsp;indic\u00f3 por su parte a medios locales que la escuela est\u00e1 \u201cmuy comprometida con la comunidad y muy conectada con el barrio\u201d y que es conocida por \u201csu activismo\u201d.<\/p>\n\n\n\n<p>El director del&nbsp;<strong>Bur\u00f3 Federal de Investigaci\u00f3n (FBI), Kash Patel,<\/strong>&nbsp;confirm\u00f3 la identidad de&nbsp;<strong>Westman,<\/strong>&nbsp;de 23 a\u00f1os, y agreg\u00f3 que el atacante se quit\u00f3 la vida despu\u00e9s del ataque y que no ten\u00eda antecedentes penales.<\/p>\n\n\n\n<p>Las autoridades policiales han informado que los 17 heridos, 14 ni\u00f1os y tres personas en torno a los 80 a\u00f1os, est\u00e1n fuera de peligro.<\/p>\n\n\n\n<p>La&nbsp;<strong>Casa Blanca<\/strong>&nbsp;ha ordenado a todos los edificios p\u00fablicos y militares colocar la bandera de los<strong>&nbsp;Estados Unidos<\/strong>&nbsp;a media asta como se\u00f1al de solidaridad con las familias de las v\u00edctimas y la medida permanecer\u00e1 vigente hasta el atardecer del 31 de agosto.<\/p>\n\n\n\n<figure class=\"wp-block-image size-large\"><img loading=\"lazy\" decoding=\"async\" width=\"1024\" height=\"683\" src=\"https:\/\/elregionaldigital.info\/wp-content\/uploads\/2025\/09\/image-32-1024x683.png\" alt=\"\" class=\"wp-image-5181\" srcset=\"https:\/\/elregionaldigital.info\/wp-content\/uploads\/2025\/09\/image-32-1024x683.png 1024w, https:\/\/elregionaldigital.info\/wp-content\/uploads\/2025\/09\/image-32-300x200.png 300w, https:\/\/elregionaldigital.info\/wp-content\/uploads\/2025\/09\/image-32-768x512.png 768w, https:\/\/elregionaldigital.info\/wp-content\/uploads\/2025\/09\/image-32-1536x1024.png 1536w, https:\/\/elregionaldigital.info\/wp-content\/uploads\/2025\/09\/image-32.png 1920w\" sizes=\"auto, (max-width: 1024px) 100vw, 1024px\" \/><\/figure>\n\n\n\n<p><\/p>\n","protected":false},"excerpt":{"rendered":"<p>agosto 27, 2025 El director de la escuela cat\u00f3lica de&nbsp;La Anunciaci\u00f3n de Minneapolis, Matt Dubois, describi\u00f3 este mi\u00e9rcoles como \u201cuna pesadilla\u201d los momentos vividos durante el ataque perpetrado por un tirador que dispar\u00f3 a los asistentes a una misa de principio de curso,&nbsp;matando a dos ni\u00f1os y dejando 17 heridos, 14 de ellos menores de [&hellip;]<\/p>\n","protected":false},"author":1,"featured_media":5181,"comment_status":"open","ping_status":"open","sticky":false,"template":"","format":"standard","meta":{"footnotes":""},"categories":[11],"tags":[],"class_list":["post-5180","post","type-post","status-publish","format-standard","has-post-thumbnail","hentry","category-mundo"],"blog_post_layout_featured_media_urls":{"thumbnail":["https:\/\/elregionaldigital.info\/wp-content\/uploads\/2025\/09\/image-32-150x150.png",150,150,true],"full":["https:\/\/elregionaldigital.info\/wp-content\/uploads\/2025\/09\/image-32.png",1920,1280,false]},"categories_names":{"11":{"name":"Mundo","link":"https:\/\/elregionaldigital.info\/?cat=11"}},"tags_names":[],"comments_number":"0","wpmagazine_modules_lite_featured_media_urls":{"thumbnail":["https:\/\/elregionaldigital.info\/wp-content\/uploads\/2025\/09\/image-32-150x150.png",150,150,true],"cvmm-medium":["https:\/\/elregionaldigital.info\/wp-content\/uploads\/2025\/09\/image-32-300x300.png",300,300,true],"cvmm-medium-plus":["https:\/\/elregionaldigital.info\/wp-content\/uploads\/2025\/09\/image-32-305x207.png",305,207,true],"cvmm-portrait":["https:\/\/elregionaldigital.info\/wp-content\/uploads\/2025\/09\/image-32-400x600.png",400,600,true],"cvmm-medium-square":["https:\/\/elregionaldigital.info\/wp-content\/uploads\/2025\/09\/image-32-600x600.png",600,600,true],"cvmm-large":["https:\/\/elregionaldigital.info\/wp-content\/uploads\/2025\/09\/image-32-1024x1024.png",1024,1024,true],"cvmm-small":["https:\/\/elregionaldigital.info\/wp-content\/uploads\/2025\/09\/image-32-130x95.png",130,95,true],"full":["https:\/\/elregionaldigital.info\/wp-content\/uploads\/2025\/09\/image-32.png",1920,1280,false]},"_links":{"self":[{"href":"https:\/\/elregionaldigital.info\/index.php?rest_route=\/wp\/v2\/posts\/5180","targetHints":{"allow":["GET"]}}],"collection":[{"href":"https:\/\/elregionaldigital.info\/index.php?rest_route=\/wp\/v2\/posts"}],"about":[{"href":"https:\/\/elregionaldigital.info\/index.php?rest_route=\/wp\/v2\/types\/post"}],"author":[{"embeddable":true,"href":"https:\/\/elregionaldigital.info\/index.php?rest_route=\/wp\/v2\/users\/1"}],"replies":[{"embeddable":true,"href":"https:\/\/elregionaldigital.info\/index.php?rest_route=%2Fwp%2Fv2%2Fcomments&post=5180"}],"version-history":[{"count":1,"href":"https:\/\/elregionaldigital.info\/index.php?rest_route=\/wp\/v2\/posts\/5180\/revisions"}],"predecessor-version":[{"id":5182,"href":"https:\/\/elregionaldigital.info\/index.php?rest_route=\/wp\/v2\/posts\/5180\/revisions\/5182"}],"wp:featuredmedia":[{"embeddable":true,"href":"https:\/\/elregionaldigital.info\/index.php?rest_route=\/wp\/v2\/media\/5181"}],"wp:attachment":[{"href":"https:\/\/elregionaldigital.info\/index.php?rest_route=%2Fwp%2Fv2%2Fmedia&parent=5180"}],"wp:term":[{"taxonomy":"category","embeddable":true,"href":"https:\/\/elregionaldigital.info\/index.php?rest_route=%2Fwp%2Fv2%2Fcategories&post=5180"},{"taxonomy":"post_tag","embeddable":true,"href":"https:\/\/elregionaldigital.info\/index.php?rest_route=%2Fwp%2Fv2%2Ftags&post=5180"}],"curies":[{"name":"wp","href":"https:\/\/api.w.org\/{rel}","templated":true}]}}