{"id":5177,"date":"2025-09-02T19:15:35","date_gmt":"2025-09-02T19:15:35","guid":{"rendered":"https:\/\/elregionaldigital.info\/?p=5177"},"modified":"2025-09-11T19:17:53","modified_gmt":"2025-09-11T19:17:53","slug":"juez-de-ee-uu-dicta-que-el-despliegue-de-tropas-en-los-angeles-violo-la-ley-federal","status":"publish","type":"post","link":"https:\/\/elregionaldigital.info\/?p=5177","title":{"rendered":"Juez de EE.UU. dicta que el despliegue de tropas en Los \u00c1ngeles viol\u00f3 la ley federal"},"content":{"rendered":"\n<p>septiembre 2, 2025<\/p>\n\n\n\n<p>Un<strong>\u00a0juez federal<\/strong>\u00a0de<strong>\u00a0Estados Unidos<\/strong>\u00a0dict\u00f3 que el\u00a0<strong>despliegue<\/strong>\u00a0de la\u00a0<strong>Guardia Nacional<\/strong>\u00a0en\u00a0<strong>Los \u00c1ngeles, California,<\/strong>\u00a0ordenado por el presidente\u00a0<strong>Donald\u00a0Trump,<\/strong>\u00a0constituye una\u00a0<strong>violaci\u00f3n<\/strong>\u00a0de la<strong>\u00a0ley federal<\/strong>\u00a0y proh\u00edbe el uso de estas tropas activadas en California.<\/p>\n\n\n\n<p>El magistrado&nbsp;<strong>Charles Breyer<\/strong>, de la corte federal para el distrito norte de California en San Francisco, fall\u00f3 a favor de las autoridades estatales al considerar que la decisi\u00f3n del mandatario viola el&nbsp;<em>Posse Comitatus Act<\/em>.<\/p>\n\n\n\n<p>Esta norma federal proh\u00edbe el uso del Ej\u00e9rcito y la Fuerza A\u00e9rea para labores de aplicaci\u00f3n de la ley a nivel nacional, salvo en los casos expresamente autorizados por la Constituci\u00f3n o por una ley del Congreso.<\/p>\n\n\n\n<p>\u201cEl juicio demostr\u00f3 que los Demandados utilizaron sistem\u00e1ticamente soldados armados (cuya identidad a menudo era ocultada por armaduras de protecci\u00f3n) y veh\u00edculos militares para establecer per\u00edmetros de protecci\u00f3n y bloqueos de tr\u00e1fico, ejercer control de multitudes y, en general, demostrar una presencia militar en los alrededores de Los \u00c1ngeles. En resumen, los Demandados violaron la Ley&nbsp;<strong>Posse Comitatus<\/strong>\u201c, asegur\u00f3 el magistrado.<\/p>\n\n\n\n<p>En junio el gobernador de California,&nbsp;<strong>Gavin Newsom<\/strong>, y el fiscal general de California,&nbsp;<strong>Rob Bonta<\/strong>, demandaron a la Administraci\u00f3n Trump y pidieron al tribunal que anulara \u201cla acci\u00f3n ilegal del presidente de federalizar la Guardia Nacional de California\u201d.<\/p>\n\n\n\n<p>Adem\u00e1s, el juez Breyer orden\u00f3 a la Casa Blanca que tiene prohibido \u201cdesplegar, ordenar, instruir, entrenar o utilizar a la Guardia Nacional actualmente desplegada en California, as\u00ed como a cualquier tropa militar previamente desplegada en California\u201d.<\/p>\n\n\n\n<p>El magistrado matiza que, entre otros asuntos, no podr\u00e1n participar \u201cen arrestos, detenciones, registros, incautaciones, patrullas de seguridad, control de tr\u00e1fico, control de multitudes, control de disturbios, recolecci\u00f3n de pruebas, interrogatorios, o actuar como informantes\u201d.<\/p>\n\n\n\n<p>Esta prohibici\u00f3n se extender\u00e1 hasta que la Administraci\u00f3n de Trump \u201ccumpla con los requisitos de una excepci\u00f3n constitucional o legal v\u00e1lida\u201d.<\/p>\n\n\n\n<p>La Casa Blanca y California se han enfrentado en los \u00faltimos meses por la decisi\u00f3n de Trump de desplegar a la Guardia Nacional para contener las protestas en Los \u00c1ngeles contra las redadas migratorias, una medida rechazada por las autoridades estatales y que desde 1965 no se hac\u00eda sin solicitud al gobernador correspondiente.<\/p>\n\n\n\n<p>Trump lleg\u00f3 a desplegar cerca de cinco mil efectivos de la Guardia Nacional en Los \u00c1ngeles.<\/p>\n\n\n\n<p>El presidente tambi\u00e9n orden\u00f3 la activaci\u00f3n de m\u00e1s de&nbsp;<strong>800 miembros<\/strong>&nbsp;de la Guardia Nacional en&nbsp;<strong>Washington D.C.<\/strong>&nbsp;tras poner al Departamento de Polic\u00eda de la capital bajo control federal como parte de una campa\u00f1a contra la \u201cola de delitos\u201d en la ciudad, ante el rechazo de las autoridades locales.<\/p>\n\n\n\n<p>En los \u00faltimos d\u00edas ha redoblado las amenazas de emitir \u00f3rdenes similares en&nbsp;<strong>Chicago<\/strong>, a la que calific\u00f3 este martes como \u201cla peor y m\u00e1s peligrosa ciudad del mundo, con diferencia\u201d.<\/p>\n\n\n\n<figure class=\"wp-block-image size-large\"><img loading=\"lazy\" decoding=\"async\" width=\"1024\" height=\"683\" src=\"https:\/\/elregionaldigital.info\/wp-content\/uploads\/2025\/09\/image-31-1024x683.png\" alt=\"\" class=\"wp-image-5178\" srcset=\"https:\/\/elregionaldigital.info\/wp-content\/uploads\/2025\/09\/image-31-1024x683.png 1024w, https:\/\/elregionaldigital.info\/wp-content\/uploads\/2025\/09\/image-31-300x200.png 300w, https:\/\/elregionaldigital.info\/wp-content\/uploads\/2025\/09\/image-31-768x512.png 768w, https:\/\/elregionaldigital.info\/wp-content\/uploads\/2025\/09\/image-31-1536x1024.png 1536w, https:\/\/elregionaldigital.info\/wp-content\/uploads\/2025\/09\/image-31.png 1920w\" sizes=\"auto, (max-width: 1024px) 100vw, 1024px\" \/><\/figure>\n","protected":false},"excerpt":{"rendered":"<p>septiembre 2, 2025 Un\u00a0juez federal\u00a0de\u00a0Estados Unidos\u00a0dict\u00f3 que el\u00a0despliegue\u00a0de la\u00a0Guardia Nacional\u00a0en\u00a0Los \u00c1ngeles, California,\u00a0ordenado por el presidente\u00a0Donald\u00a0Trump,\u00a0constituye una\u00a0violaci\u00f3n\u00a0de la\u00a0ley federal\u00a0y proh\u00edbe el uso de estas tropas activadas en California. El magistrado&nbsp;Charles Breyer, de la corte federal para el distrito norte de California en San Francisco, fall\u00f3 a favor de las autoridades estatales al considerar que la decisi\u00f3n [&hellip;]<\/p>\n","protected":false},"author":1,"featured_media":5178,"comment_status":"open","ping_status":"open","sticky":false,"template":"","format":"standard","meta":{"footnotes":""},"categories":[11],"tags":[],"class_list":["post-5177","post","type-post","status-publish","format-standard","has-post-thumbnail","hentry","category-mundo"],"blog_post_layout_featured_media_urls":{"thumbnail":["https:\/\/elregionaldigital.info\/wp-content\/uploads\/2025\/09\/image-31-150x150.png",150,150,true],"full":["https:\/\/elregionaldigital.info\/wp-content\/uploads\/2025\/09\/image-31.png",1920,1280,false]},"categories_names":{"11":{"name":"Mundo","link":"https:\/\/elregionaldigital.info\/?cat=11"}},"tags_names":[],"comments_number":"0","wpmagazine_modules_lite_featured_media_urls":{"thumbnail":["https:\/\/elregionaldigital.info\/wp-content\/uploads\/2025\/09\/image-31-150x150.png",150,150,true],"cvmm-medium":["https:\/\/elregionaldigital.info\/wp-content\/uploads\/2025\/09\/image-31-300x300.png",300,300,true],"cvmm-medium-plus":["https:\/\/elregionaldigital.info\/wp-content\/uploads\/2025\/09\/image-31-305x207.png",305,207,true],"cvmm-portrait":["https:\/\/elregionaldigital.info\/wp-content\/uploads\/2025\/09\/image-31-400x600.png",400,600,true],"cvmm-medium-square":["https:\/\/elregionaldigital.info\/wp-content\/uploads\/2025\/09\/image-31-600x600.png",600,600,true],"cvmm-large":["https:\/\/elregionaldigital.info\/wp-content\/uploads\/2025\/09\/image-31-1024x1024.png",1024,1024,true],"cvmm-small":["https:\/\/elregionaldigital.info\/wp-content\/uploads\/2025\/09\/image-31-130x95.png",130,95,true],"full":["https:\/\/elregionaldigital.info\/wp-content\/uploads\/2025\/09\/image-31.png",1920,1280,false]},"_links":{"self":[{"href":"https:\/\/elregionaldigital.info\/index.php?rest_route=\/wp\/v2\/posts\/5177","targetHints":{"allow":["GET"]}}],"collection":[{"href":"https:\/\/elregionaldigital.info\/index.php?rest_route=\/wp\/v2\/posts"}],"about":[{"href":"https:\/\/elregionaldigital.info\/index.php?rest_route=\/wp\/v2\/types\/post"}],"author":[{"embeddable":true,"href":"https:\/\/elregionaldigital.info\/index.php?rest_route=\/wp\/v2\/users\/1"}],"replies":[{"embeddable":true,"href":"https:\/\/elregionaldigital.info\/index.php?rest_route=%2Fwp%2Fv2%2Fcomments&post=5177"}],"version-history":[{"count":1,"href":"https:\/\/elregionaldigital.info\/index.php?rest_route=\/wp\/v2\/posts\/5177\/revisions"}],"predecessor-version":[{"id":5179,"href":"https:\/\/elregionaldigital.info\/index.php?rest_route=\/wp\/v2\/posts\/5177\/revisions\/5179"}],"wp:featuredmedia":[{"embeddable":true,"href":"https:\/\/elregionaldigital.info\/index.php?rest_route=\/wp\/v2\/media\/5178"}],"wp:attachment":[{"href":"https:\/\/elregionaldigital.info\/index.php?rest_route=%2Fwp%2Fv2%2Fmedia&parent=5177"}],"wp:term":[{"taxonomy":"category","embeddable":true,"href":"https:\/\/elregionaldigital.info\/index.php?rest_route=%2Fwp%2Fv2%2Fcategories&post=5177"},{"taxonomy":"post_tag","embeddable":true,"href":"https:\/\/elregionaldigital.info\/index.php?rest_route=%2Fwp%2Fv2%2Ftags&post=5177"}],"curies":[{"name":"wp","href":"https:\/\/api.w.org\/{rel}","templated":true}]}}