{"id":5155,"date":"2025-07-21T18:58:28","date_gmt":"2025-07-21T18:58:28","guid":{"rendered":"https:\/\/elregionaldigital.info\/?p=5155"},"modified":"2025-09-11T19:01:04","modified_gmt":"2025-09-11T19:01:04","slug":"newells-anuncia-la-salida-de-keylor-navas-y-su-traspaso-a-pumas-unam","status":"publish","type":"post","link":"https:\/\/elregionaldigital.info\/?p=5155","title":{"rendered":"Newell\u2019s anuncia la salida de Keylor Navas y su traspaso a Pumas UNAM"},"content":{"rendered":"\n<p>julio 21, 2025<br>El guardameta costarricense&nbsp;<strong>Keylor Navas,<\/strong>&nbsp;quien brill\u00f3 en equipos como el&nbsp;<strong>Real Madrid<\/strong>&nbsp;y el&nbsp;<strong>Paris Saint-Germain<\/strong>, dejar\u00e1&nbsp;<strong>Newell\u2019s Old Boys<\/strong>&nbsp;y continuar\u00e1 su carrera en los&nbsp;<strong>Pumas UNAM<\/strong>, seg\u00fan anunci\u00f3 este lunes el club argentino a trav\u00e9s de las redes sociales.<\/p>\n\n\n\n<p>\u201cEl acuerdo le representar\u00e1 el Club Atl\u00e9tico Newell\u2019s Old Boys una compensaci\u00f3n econ\u00f3mica por valor de 1.9 millones de d\u00f3lares, m\u00e1s 100 d\u00f3lares en variables a cargo de Pumas, llegando as\u00ed a los dos millones de d\u00f3lares\u201d, a\u00f1adi\u00f3 el comunicado.<\/p>\n\n\n\n<p>\u201cEl Club Atl\u00e9tico Newell\u2019s Old Boys informa a sus socios, socias e hinchas que el futbolista Keylor Navas ya no forma parte del plantel profesional de f\u00fatbol y continuar\u00e1 su carrera en Pumas de M\u00e9xico\u201d, inform\u00f3 el equipo rosarino a trav\u00e9s de su perfil de la red social X.<\/p>\n\n\n\n<p>En su publicaci\u00f3n, el club explic\u00f3 que la decisi\u00f3n \u201cha sido tomada en funci\u00f3n de la convicci\u00f3n de sostener un proyecto colectivo donde&nbsp;<strong>el compromiso, la profesionalidad y el respeto por los valores<\/strong>&nbsp;del club son pilares innegociables\u201d y enfatiz\u00f3 que \u201ces indispensable que cada integrante camine en la misma direcci\u00f3n, priorizando siempre lo grupal por sobre lo individual\u201d.<\/p>\n\n\n\n<blockquote class=\"wp-block-quote is-layout-flow wp-block-quote-is-layout-flow\">\n<p>\u201cNuestro camino es claro: unidad, esfuerzo y pertenencia. Bajo esos valores seguiremos trabajando d\u00eda a d\u00eda para honrar la camiseta y el sentimiento de nuestra gente\u201d, agreg\u00f3 el texto.<\/p>\n<\/blockquote>\n\n\n\n<p>La llegada de&nbsp;<strong>Keylor Navas<\/strong>&nbsp;ser\u00e1 un refresco para los&nbsp;<strong>Pumas<\/strong>&nbsp;del entrenador<strong>&nbsp;Efra\u00edn Ju\u00e1rez<\/strong>, que ocupan el \u00faltimo lugar del&nbsp;<strong>torneo Apertura,<\/strong>&nbsp;con seis goles recibidos en dos partidos.<\/p>\n\n\n\n<p>El portero se sumar\u00e1 a un grupo de figuras de primera fila llegadas a&nbsp;<strong>M\u00e9xico<\/strong>&nbsp;en los \u00faltimos meses, lideradas por el defensa espa\u00f1ol&nbsp;<strong>Sergio Ramos,<\/strong>&nbsp;campe\u00f3n mundial con su pa\u00eds en el 2010, l\u00edder de los&nbsp;<strong>Rayados de Monterrey.<\/strong><\/p>\n\n\n","protected":false},"excerpt":{"rendered":"<p>julio 21, 2025El guardameta costarricense&nbsp;Keylor Navas,&nbsp;quien brill\u00f3 en equipos como el&nbsp;Real Madrid&nbsp;y el&nbsp;Paris Saint-Germain, dejar\u00e1&nbsp;Newell\u2019s Old Boys&nbsp;y continuar\u00e1 su carrera en los&nbsp;Pumas UNAM, seg\u00fan anunci\u00f3 este lunes el club argentino a trav\u00e9s de las redes sociales. \u201cEl acuerdo le representar\u00e1 el Club Atl\u00e9tico Newell\u2019s Old Boys una compensaci\u00f3n econ\u00f3mica por valor de 1.9 millones de [&hellip;]<\/p>\n","protected":false},"author":1,"featured_media":5156,"comment_status":"open","ping_status":"open","sticky":false,"template":"","format":"standard","meta":{"footnotes":""},"categories":[6],"tags":[],"class_list":["post-5155","post","type-post","status-publish","format-standard","has-post-thumbnail","hentry","category-deportes"],"blog_post_layout_featured_media_urls":{"thumbnail":["https:\/\/elregionaldigital.info\/wp-content\/uploads\/2025\/09\/newells-anuncia-la-salida-de-keylor-navas-y-su-traspaso-a-pumas-unam-150x150.jpg",150,150,true],"full":["https:\/\/elregionaldigital.info\/wp-content\/uploads\/2025\/09\/newells-anuncia-la-salida-de-keylor-navas-y-su-traspaso-a-pumas-unam.jpg",1920,1080,false]},"categories_names":{"6":{"name":"Deportes","link":"https:\/\/elregionaldigital.info\/?cat=6"}},"tags_names":[],"comments_number":"0","wpmagazine_modules_lite_featured_media_urls":{"thumbnail":["https:\/\/elregionaldigital.info\/wp-content\/uploads\/2025\/09\/newells-anuncia-la-salida-de-keylor-navas-y-su-traspaso-a-pumas-unam-150x150.jpg",150,150,true],"cvmm-medium":["https:\/\/elregionaldigital.info\/wp-content\/uploads\/2025\/09\/newells-anuncia-la-salida-de-keylor-navas-y-su-traspaso-a-pumas-unam-300x300.jpg",300,300,true],"cvmm-medium-plus":["https:\/\/elregionaldigital.info\/wp-content\/uploads\/2025\/09\/newells-anuncia-la-salida-de-keylor-navas-y-su-traspaso-a-pumas-unam-305x207.jpg",305,207,true],"cvmm-portrait":["https:\/\/elregionaldigital.info\/wp-content\/uploads\/2025\/09\/newells-anuncia-la-salida-de-keylor-navas-y-su-traspaso-a-pumas-unam-400x600.jpg",400,600,true],"cvmm-medium-square":["https:\/\/elregionaldigital.info\/wp-content\/uploads\/2025\/09\/newells-anuncia-la-salida-de-keylor-navas-y-su-traspaso-a-pumas-unam-600x600.jpg",600,600,true],"cvmm-large":["https:\/\/elregionaldigital.info\/wp-content\/uploads\/2025\/09\/newells-anuncia-la-salida-de-keylor-navas-y-su-traspaso-a-pumas-unam-1024x1024.jpg",1024,1024,true],"cvmm-small":["https:\/\/elregionaldigital.info\/wp-content\/uploads\/2025\/09\/newells-anuncia-la-salida-de-keylor-navas-y-su-traspaso-a-pumas-unam-130x95.jpg",130,95,true],"full":["https:\/\/elregionaldigital.info\/wp-content\/uploads\/2025\/09\/newells-anuncia-la-salida-de-keylor-navas-y-su-traspaso-a-pumas-unam.jpg",1920,1080,false]},"_links":{"self":[{"href":"https:\/\/elregionaldigital.info\/index.php?rest_route=\/wp\/v2\/posts\/5155","targetHints":{"allow":["GET"]}}],"collection":[{"href":"https:\/\/elregionaldigital.info\/index.php?rest_route=\/wp\/v2\/posts"}],"about":[{"href":"https:\/\/elregionaldigital.info\/index.php?rest_route=\/wp\/v2\/types\/post"}],"author":[{"embeddable":true,"href":"https:\/\/elregionaldigital.info\/index.php?rest_route=\/wp\/v2\/users\/1"}],"replies":[{"embeddable":true,"href":"https:\/\/elregionaldigital.info\/index.php?rest_route=%2Fwp%2Fv2%2Fcomments&post=5155"}],"version-history":[{"count":1,"href":"https:\/\/elregionaldigital.info\/index.php?rest_route=\/wp\/v2\/posts\/5155\/revisions"}],"predecessor-version":[{"id":5157,"href":"https:\/\/elregionaldigital.info\/index.php?rest_route=\/wp\/v2\/posts\/5155\/revisions\/5157"}],"wp:featuredmedia":[{"embeddable":true,"href":"https:\/\/elregionaldigital.info\/index.php?rest_route=\/wp\/v2\/media\/5156"}],"wp:attachment":[{"href":"https:\/\/elregionaldigital.info\/index.php?rest_route=%2Fwp%2Fv2%2Fmedia&parent=5155"}],"wp:term":[{"taxonomy":"category","embeddable":true,"href":"https:\/\/elregionaldigital.info\/index.php?rest_route=%2Fwp%2Fv2%2Fcategories&post=5155"},{"taxonomy":"post_tag","embeddable":true,"href":"https:\/\/elregionaldigital.info\/index.php?rest_route=%2Fwp%2Fv2%2Ftags&post=5155"}],"curies":[{"name":"wp","href":"https:\/\/api.w.org\/{rel}","templated":true}]}}