{"id":5149,"date":"2025-08-05T18:53:51","date_gmt":"2025-08-05T18:53:51","guid":{"rendered":"https:\/\/elregionaldigital.info\/?p=5149"},"modified":"2025-09-11T18:56:17","modified_gmt":"2025-09-11T18:56:17","slug":"messi-jugara-ante-pumas-de-la-unam-por-leagues-cup-dt-del-inter-miami-lo-aclara","status":"publish","type":"post","link":"https:\/\/elregionaldigital.info\/?p=5149","title":{"rendered":"\u00bfMessi jugar\u00e1 ante Pumas de la UNAM por Leagues Cup? DT del Inter Miami lo aclara"},"content":{"rendered":"\n<p>agosto 5, 2025<\/p>\n\n\n\n<p>El entrenador del\u00a0<strong>Inter Miami, Javier Mascherano<\/strong>, dijo este martes que\u00a0<strong>Lionel Messi<\/strong>\u00a0no estar\u00e1 disponible para el partido del mi\u00e9rcoles 6 de agosto ante el\u00a0<strong>Pumas de la UNAM<\/strong>, por la\u00a0<strong>lesi\u00f3n muscular<\/strong>\u00a0que sufri\u00f3 en el \u00faltimo encuentro y le oblig\u00f3 a ser sustituido.<\/p>\n\n\n\n<p>\u201cPara el partido de ma\u00f1ana no va a estar\u201d, dijo Mascherano en la rueda de prensa previa a la tercera y \u00faltima jornada de la primera fase de la&nbsp;<strong>Leagues Cup 2025<\/strong>, en la que Inter Miami juega como local y se disputa el pase a cuartos de final.<\/p>\n\n\n\n<p>El preparador argentino dijo que hab\u00eda hablado ayer con Messi, y lo describi\u00f3 como \u201cun jugador bastante especial que suele recuperarse muy bien de las lesiones\u201d, aunque se\u00f1al\u00f3 que ser\u00e1n las pruebas m\u00e9dicas las que marquen cuando podr\u00e1 regresar a los terrenos de juego.<\/p>\n\n\n\n<p>En el lado opuesto, Inter Miami recibi\u00f3 hoy la buena noticia de que podr\u00e1 contar con el central uruguayo Maximiliano Falc\u00f3n para el partido ante los Pumas, dado que el comit\u00e9 disciplinario suspendi\u00f3 la tarjeta roja que recibi\u00f3 el defensa contra Necaxa el pasado s\u00e1bado.<\/p>\n\n\n\n<p>\u201cEs una buena noticia para nosotros. Cre\u00edamos que hab\u00eda sido injusto en el partido y esta decisi\u00f3n lo termina confirmando\u201d, afirm\u00f3 Mascherano.<\/p>\n\n\n\n<p>Sobre los Pumas, el entrenador asegur\u00f3: \u201cNos enfrentamos a un gran equipo con muy buenos jugadores. (Adalberto) Carrasquilla es de lo mejor\u201d.<\/p>\n\n\n\n<p>Una victoria en el tiempo reglamentario certificar\u00eda la clasificaci\u00f3n a cuartos de final de Inter Miami, mientras que cualquier otro resultado le har\u00eda depender del resto de partidos.<\/p>\n\n\n\n<figure class=\"wp-block-image size-large\"><img loading=\"lazy\" decoding=\"async\" width=\"1024\" height=\"704\" src=\"https:\/\/elregionaldigital.info\/wp-content\/uploads\/2025\/09\/image-23-1024x704.png\" alt=\"\" class=\"wp-image-5150\" srcset=\"https:\/\/elregionaldigital.info\/wp-content\/uploads\/2025\/09\/image-23-1024x704.png 1024w, https:\/\/elregionaldigital.info\/wp-content\/uploads\/2025\/09\/image-23-300x206.png 300w, https:\/\/elregionaldigital.info\/wp-content\/uploads\/2025\/09\/image-23-768x528.png 768w, https:\/\/elregionaldigital.info\/wp-content\/uploads\/2025\/09\/image-23-1536x1056.png 1536w, https:\/\/elregionaldigital.info\/wp-content\/uploads\/2025\/09\/image-23.png 1920w\" sizes=\"auto, (max-width: 1024px) 100vw, 1024px\" \/><\/figure>\n","protected":false},"excerpt":{"rendered":"<p>agosto 5, 2025 El entrenador del\u00a0Inter Miami, Javier Mascherano, dijo este martes que\u00a0Lionel Messi\u00a0no estar\u00e1 disponible para el partido del mi\u00e9rcoles 6 de agosto ante el\u00a0Pumas de la UNAM, por la\u00a0lesi\u00f3n muscular\u00a0que sufri\u00f3 en el \u00faltimo encuentro y le oblig\u00f3 a ser sustituido. \u201cPara el partido de ma\u00f1ana no va a estar\u201d, dijo Mascherano en [&hellip;]<\/p>\n","protected":false},"author":1,"featured_media":5150,"comment_status":"open","ping_status":"open","sticky":false,"template":"","format":"standard","meta":{"footnotes":""},"categories":[6],"tags":[],"class_list":["post-5149","post","type-post","status-publish","format-standard","has-post-thumbnail","hentry","category-deportes"],"blog_post_layout_featured_media_urls":{"thumbnail":["https:\/\/elregionaldigital.info\/wp-content\/uploads\/2025\/09\/image-23-150x150.png",150,150,true],"full":["https:\/\/elregionaldigital.info\/wp-content\/uploads\/2025\/09\/image-23.png",1920,1320,false]},"categories_names":{"6":{"name":"Deportes","link":"https:\/\/elregionaldigital.info\/?cat=6"}},"tags_names":[],"comments_number":"0","wpmagazine_modules_lite_featured_media_urls":{"thumbnail":["https:\/\/elregionaldigital.info\/wp-content\/uploads\/2025\/09\/image-23-150x150.png",150,150,true],"cvmm-medium":["https:\/\/elregionaldigital.info\/wp-content\/uploads\/2025\/09\/image-23-300x300.png",300,300,true],"cvmm-medium-plus":["https:\/\/elregionaldigital.info\/wp-content\/uploads\/2025\/09\/image-23-305x207.png",305,207,true],"cvmm-portrait":["https:\/\/elregionaldigital.info\/wp-content\/uploads\/2025\/09\/image-23-400x600.png",400,600,true],"cvmm-medium-square":["https:\/\/elregionaldigital.info\/wp-content\/uploads\/2025\/09\/image-23-600x600.png",600,600,true],"cvmm-large":["https:\/\/elregionaldigital.info\/wp-content\/uploads\/2025\/09\/image-23-1024x1024.png",1024,1024,true],"cvmm-small":["https:\/\/elregionaldigital.info\/wp-content\/uploads\/2025\/09\/image-23-130x95.png",130,95,true],"full":["https:\/\/elregionaldigital.info\/wp-content\/uploads\/2025\/09\/image-23.png",1920,1320,false]},"_links":{"self":[{"href":"https:\/\/elregionaldigital.info\/index.php?rest_route=\/wp\/v2\/posts\/5149","targetHints":{"allow":["GET"]}}],"collection":[{"href":"https:\/\/elregionaldigital.info\/index.php?rest_route=\/wp\/v2\/posts"}],"about":[{"href":"https:\/\/elregionaldigital.info\/index.php?rest_route=\/wp\/v2\/types\/post"}],"author":[{"embeddable":true,"href":"https:\/\/elregionaldigital.info\/index.php?rest_route=\/wp\/v2\/users\/1"}],"replies":[{"embeddable":true,"href":"https:\/\/elregionaldigital.info\/index.php?rest_route=%2Fwp%2Fv2%2Fcomments&post=5149"}],"version-history":[{"count":1,"href":"https:\/\/elregionaldigital.info\/index.php?rest_route=\/wp\/v2\/posts\/5149\/revisions"}],"predecessor-version":[{"id":5151,"href":"https:\/\/elregionaldigital.info\/index.php?rest_route=\/wp\/v2\/posts\/5149\/revisions\/5151"}],"wp:featuredmedia":[{"embeddable":true,"href":"https:\/\/elregionaldigital.info\/index.php?rest_route=\/wp\/v2\/media\/5150"}],"wp:attachment":[{"href":"https:\/\/elregionaldigital.info\/index.php?rest_route=%2Fwp%2Fv2%2Fmedia&parent=5149"}],"wp:term":[{"taxonomy":"category","embeddable":true,"href":"https:\/\/elregionaldigital.info\/index.php?rest_route=%2Fwp%2Fv2%2Fcategories&post=5149"},{"taxonomy":"post_tag","embeddable":true,"href":"https:\/\/elregionaldigital.info\/index.php?rest_route=%2Fwp%2Fv2%2Ftags&post=5149"}],"curies":[{"name":"wp","href":"https:\/\/api.w.org\/{rel}","templated":true}]}}