{"id":5143,"date":"2025-08-15T18:49:22","date_gmt":"2025-08-15T18:49:22","guid":{"rendered":"https:\/\/elregionaldigital.info\/?p=5143"},"modified":"2025-09-11T18:51:20","modified_gmt":"2025-09-11T18:51:20","slug":"anahi-alvarez-gana-el-oro-en-el-duatlon-de-los-juegos-mundiales-chengdu","status":"publish","type":"post","link":"https:\/\/elregionaldigital.info\/?p=5143","title":{"rendered":"Anah\u00ed \u00c1lvarez gana el oro en el duatl\u00f3n de los Juegos Mundiales Chengd\u00fa"},"content":{"rendered":"\n<p>agosto 15, 2025<\/p>\n\n\n\n<p>La mexicana\u00a0<strong>Anah\u00ed \u00c1lvarez<\/strong>\u00a0gan\u00f3 la\u00a0<strong>medalla de oro<\/strong>\u00a0en la prueba de\u00a0<strong>duatl\u00f3n<\/strong>\u00a0de los\u00a0<strong>Juegos Mundiales Chengd\u00fa 2025<\/strong>.<\/p>\n\n\n\n<p>La triatleta originaria de Durango contempl\u00f3 la prueba en un tiempo de 1:25:31 h, arrebat\u00e1ndole la victoria a la espa\u00f1ola Mar\u00eda Varo, quien se perfilaba como favorita.<\/p>\n\n\n\n<blockquote class=\"wp-block-quote is-layout-flow wp-block-quote-is-layout-flow\">\n<p>Estoy muy contenta y emocionada. Gracias a todas las personas que me apoyan\u201d, refiri\u00f3.<\/p>\n<\/blockquote>\n\n\n\n<p><strong>Anah\u00ed \u00c1lvarez<\/strong>&nbsp;dio a M\u00e9xico su tercera medalla de oro en los Juegos Mundiales Chengd\u00fa 2025, que se llevan a cabo en dicha ciudad china.<\/p>\n\n\n\n<figure class=\"wp-block-image size-large\"><img loading=\"lazy\" decoding=\"async\" width=\"1024\" height=\"631\" src=\"https:\/\/elregionaldigital.info\/wp-content\/uploads\/2025\/09\/image-21-1024x631.png\" alt=\"\" class=\"wp-image-5144\" srcset=\"https:\/\/elregionaldigital.info\/wp-content\/uploads\/2025\/09\/image-21-1024x631.png 1024w, https:\/\/elregionaldigital.info\/wp-content\/uploads\/2025\/09\/image-21-300x185.png 300w, https:\/\/elregionaldigital.info\/wp-content\/uploads\/2025\/09\/image-21-768x474.png 768w, https:\/\/elregionaldigital.info\/wp-content\/uploads\/2025\/09\/image-21.png 1200w\" sizes=\"auto, (max-width: 1024px) 100vw, 1024px\" \/><\/figure>\n","protected":false},"excerpt":{"rendered":"<p>agosto 15, 2025 La mexicana\u00a0Anah\u00ed \u00c1lvarez\u00a0gan\u00f3 la\u00a0medalla de oro\u00a0en la prueba de\u00a0duatl\u00f3n\u00a0de los\u00a0Juegos Mundiales Chengd\u00fa 2025. La triatleta originaria de Durango contempl\u00f3 la prueba en un tiempo de 1:25:31 h, arrebat\u00e1ndole la victoria a la espa\u00f1ola Mar\u00eda Varo, quien se perfilaba como favorita. Estoy muy contenta y emocionada. Gracias a todas las personas que me [&hellip;]<\/p>\n","protected":false},"author":1,"featured_media":5144,"comment_status":"open","ping_status":"open","sticky":false,"template":"","format":"standard","meta":{"footnotes":""},"categories":[6],"tags":[],"class_list":["post-5143","post","type-post","status-publish","format-standard","has-post-thumbnail","hentry","category-deportes"],"blog_post_layout_featured_media_urls":{"thumbnail":["https:\/\/elregionaldigital.info\/wp-content\/uploads\/2025\/09\/image-21-150x150.png",150,150,true],"full":["https:\/\/elregionaldigital.info\/wp-content\/uploads\/2025\/09\/image-21.png",1200,740,false]},"categories_names":{"6":{"name":"Deportes","link":"https:\/\/elregionaldigital.info\/?cat=6"}},"tags_names":[],"comments_number":"0","wpmagazine_modules_lite_featured_media_urls":{"thumbnail":["https:\/\/elregionaldigital.info\/wp-content\/uploads\/2025\/09\/image-21-150x150.png",150,150,true],"cvmm-medium":["https:\/\/elregionaldigital.info\/wp-content\/uploads\/2025\/09\/image-21-300x300.png",300,300,true],"cvmm-medium-plus":["https:\/\/elregionaldigital.info\/wp-content\/uploads\/2025\/09\/image-21-305x207.png",305,207,true],"cvmm-portrait":["https:\/\/elregionaldigital.info\/wp-content\/uploads\/2025\/09\/image-21-400x600.png",400,600,true],"cvmm-medium-square":["https:\/\/elregionaldigital.info\/wp-content\/uploads\/2025\/09\/image-21-600x600.png",600,600,true],"cvmm-large":["https:\/\/elregionaldigital.info\/wp-content\/uploads\/2025\/09\/image-21-1024x740.png",1024,740,true],"cvmm-small":["https:\/\/elregionaldigital.info\/wp-content\/uploads\/2025\/09\/image-21-130x95.png",130,95,true],"full":["https:\/\/elregionaldigital.info\/wp-content\/uploads\/2025\/09\/image-21.png",1200,740,false]},"_links":{"self":[{"href":"https:\/\/elregionaldigital.info\/index.php?rest_route=\/wp\/v2\/posts\/5143","targetHints":{"allow":["GET"]}}],"collection":[{"href":"https:\/\/elregionaldigital.info\/index.php?rest_route=\/wp\/v2\/posts"}],"about":[{"href":"https:\/\/elregionaldigital.info\/index.php?rest_route=\/wp\/v2\/types\/post"}],"author":[{"embeddable":true,"href":"https:\/\/elregionaldigital.info\/index.php?rest_route=\/wp\/v2\/users\/1"}],"replies":[{"embeddable":true,"href":"https:\/\/elregionaldigital.info\/index.php?rest_route=%2Fwp%2Fv2%2Fcomments&post=5143"}],"version-history":[{"count":1,"href":"https:\/\/elregionaldigital.info\/index.php?rest_route=\/wp\/v2\/posts\/5143\/revisions"}],"predecessor-version":[{"id":5145,"href":"https:\/\/elregionaldigital.info\/index.php?rest_route=\/wp\/v2\/posts\/5143\/revisions\/5145"}],"wp:featuredmedia":[{"embeddable":true,"href":"https:\/\/elregionaldigital.info\/index.php?rest_route=\/wp\/v2\/media\/5144"}],"wp:attachment":[{"href":"https:\/\/elregionaldigital.info\/index.php?rest_route=%2Fwp%2Fv2%2Fmedia&parent=5143"}],"wp:term":[{"taxonomy":"category","embeddable":true,"href":"https:\/\/elregionaldigital.info\/index.php?rest_route=%2Fwp%2Fv2%2Fcategories&post=5143"},{"taxonomy":"post_tag","embeddable":true,"href":"https:\/\/elregionaldigital.info\/index.php?rest_route=%2Fwp%2Fv2%2Ftags&post=5143"}],"curies":[{"name":"wp","href":"https:\/\/api.w.org\/{rel}","templated":true}]}}