{"id":5140,"date":"2025-08-19T18:46:10","date_gmt":"2025-08-19T18:46:10","guid":{"rendered":"https:\/\/elregionaldigital.info\/?p=5140"},"modified":"2025-09-11T18:49:20","modified_gmt":"2025-09-11T18:49:20","slug":"aqui-empieza-el-camino-seleccion-mexicana-femenil-de-flag-football-con-la-mira-puesta-en-jj-oo-2028","status":"publish","type":"post","link":"https:\/\/elregionaldigital.info\/?p=5140","title":{"rendered":"\u201cAqu\u00ed empieza el camino\u201d: Selecci\u00f3n Mexicana Femenil de Flag Football con la mira puesta en JJ.OO. 2028"},"content":{"rendered":"\n<p>agosto 19, 2025<\/p>\n\n\n\n<p>La&nbsp;<strong>Selecci\u00f3n Mexicana Femenil de Flag Football<\/strong>&nbsp;ya piensa en los&nbsp;<strong>Juegos Ol\u00edmpicos de Los \u00c1ngeles 2028,<\/strong>&nbsp;luego de conquistar el&nbsp;<strong>bicampeonato<\/strong>&nbsp;en los<strong>&nbsp;Juegos Mundiales<\/strong>.<\/p>\n\n\n\n<blockquote class=\"wp-block-quote is-layout-flow wp-block-quote-is-layout-flow\">\n<p>Aqu\u00ed empieza el camino, estamos listas, estamos preparadas, s\u00e9 que va a ser mucho mejor los siguientes a\u00f1os. M\u00e9xico va a seguir siendo potencia del mundo muchos a\u00f1os m\u00e1s\u201d, afirm\u00f3 la capitana de representivo nacional,&nbsp;<strong>Diana Flores<\/strong>, al llegar a la CDMX.<\/p>\n<\/blockquote>\n\n\n\n<p>La quarterback del equipo mexicano apunt\u00f3 que lo realizado en China en d\u00edas pasados \u201csuper\u00f3 sus sue\u00f1os m\u00e1s locos\u201d.<\/p>\n\n\n\n<p>\u201cAl final lo logramos y ganamos una medalla hist\u00f3rica que se queda para la eternidad. Los sue\u00f1os se hacen realidad, no hay sue\u00f1o tan grande que no se pueda hacer realidad, el trabajo en equipo, con resiliencia, con dedicaci\u00f3n, con disciplina, y es el principio de mucho m\u00e1s\u201d, puntualiz\u00f3 Flores.<\/p>\n\n\n\n<p>En un final dram\u00e1tico, la Selecci\u00f3n Mexicana Femenil de Flag Football se agigant\u00f3 y derrot\u00f3 por 26-21 a la potencia Estados Unidos en el duelo decisivo de los Juegos Mundiales Chengd\u00fa 2025, refrendando la corona obtenida en Birmingham 2022.<\/p>\n\n\n\n<p>El triunfo tricolor no solo signific\u00f3 la consagraci\u00f3n en territorio asi\u00e1tico. Tambi\u00e9n tuvo tintes de revancha, ya que en el Mundial de la especialidad 2024 fue el conjunto estadounidense el que sali\u00f3 con la mano en alto despu\u00e9s de la gran final.<\/p>\n\n\n\n<p>Adem\u00e1s, cabe recordar que el flag football formar\u00e1 parte del programa de los Juegos Ol\u00edmpicos a partir de la edici\u00f3n de Los \u00c1ngeles 2028, por lo que M\u00e9xico partir\u00e1 no solamente como candidato al podio, sino a quedarse con la medalla de oro.<\/p>\n\n\n\n<p>El siguiente reto del equipo femenil ser\u00e1 el Campeonato Continental de la especialidad, a celebrarse en septiembre.<\/p>\n\n\n\n<figure class=\"wp-block-image size-large\"><img loading=\"lazy\" decoding=\"async\" width=\"1024\" height=\"683\" src=\"https:\/\/elregionaldigital.info\/wp-content\/uploads\/2025\/09\/image-20-1024x683.png\" alt=\"\" class=\"wp-image-5141\" srcset=\"https:\/\/elregionaldigital.info\/wp-content\/uploads\/2025\/09\/image-20-1024x683.png 1024w, https:\/\/elregionaldigital.info\/wp-content\/uploads\/2025\/09\/image-20-300x200.png 300w, https:\/\/elregionaldigital.info\/wp-content\/uploads\/2025\/09\/image-20-768x512.png 768w, https:\/\/elregionaldigital.info\/wp-content\/uploads\/2025\/09\/image-20-1536x1024.png 1536w, https:\/\/elregionaldigital.info\/wp-content\/uploads\/2025\/09\/image-20.png 1920w\" sizes=\"auto, (max-width: 1024px) 100vw, 1024px\" \/><\/figure>\n","protected":false},"excerpt":{"rendered":"<p>agosto 19, 2025 La&nbsp;Selecci\u00f3n Mexicana Femenil de Flag Football&nbsp;ya piensa en los&nbsp;Juegos Ol\u00edmpicos de Los \u00c1ngeles 2028,&nbsp;luego de conquistar el&nbsp;bicampeonato&nbsp;en los&nbsp;Juegos Mundiales. Aqu\u00ed empieza el camino, estamos listas, estamos preparadas, s\u00e9 que va a ser mucho mejor los siguientes a\u00f1os. M\u00e9xico va a seguir siendo potencia del mundo muchos a\u00f1os m\u00e1s\u201d, afirm\u00f3 la capitana de [&hellip;]<\/p>\n","protected":false},"author":1,"featured_media":5141,"comment_status":"open","ping_status":"open","sticky":false,"template":"","format":"standard","meta":{"footnotes":""},"categories":[6],"tags":[],"class_list":["post-5140","post","type-post","status-publish","format-standard","has-post-thumbnail","hentry","category-deportes"],"blog_post_layout_featured_media_urls":{"thumbnail":["https:\/\/elregionaldigital.info\/wp-content\/uploads\/2025\/09\/image-20-150x150.png",150,150,true],"full":["https:\/\/elregionaldigital.info\/wp-content\/uploads\/2025\/09\/image-20.png",1920,1280,false]},"categories_names":{"6":{"name":"Deportes","link":"https:\/\/elregionaldigital.info\/?cat=6"}},"tags_names":[],"comments_number":"0","wpmagazine_modules_lite_featured_media_urls":{"thumbnail":["https:\/\/elregionaldigital.info\/wp-content\/uploads\/2025\/09\/image-20-150x150.png",150,150,true],"cvmm-medium":["https:\/\/elregionaldigital.info\/wp-content\/uploads\/2025\/09\/image-20-300x300.png",300,300,true],"cvmm-medium-plus":["https:\/\/elregionaldigital.info\/wp-content\/uploads\/2025\/09\/image-20-305x207.png",305,207,true],"cvmm-portrait":["https:\/\/elregionaldigital.info\/wp-content\/uploads\/2025\/09\/image-20-400x600.png",400,600,true],"cvmm-medium-square":["https:\/\/elregionaldigital.info\/wp-content\/uploads\/2025\/09\/image-20-600x600.png",600,600,true],"cvmm-large":["https:\/\/elregionaldigital.info\/wp-content\/uploads\/2025\/09\/image-20-1024x1024.png",1024,1024,true],"cvmm-small":["https:\/\/elregionaldigital.info\/wp-content\/uploads\/2025\/09\/image-20-130x95.png",130,95,true],"full":["https:\/\/elregionaldigital.info\/wp-content\/uploads\/2025\/09\/image-20.png",1920,1280,false]},"_links":{"self":[{"href":"https:\/\/elregionaldigital.info\/index.php?rest_route=\/wp\/v2\/posts\/5140","targetHints":{"allow":["GET"]}}],"collection":[{"href":"https:\/\/elregionaldigital.info\/index.php?rest_route=\/wp\/v2\/posts"}],"about":[{"href":"https:\/\/elregionaldigital.info\/index.php?rest_route=\/wp\/v2\/types\/post"}],"author":[{"embeddable":true,"href":"https:\/\/elregionaldigital.info\/index.php?rest_route=\/wp\/v2\/users\/1"}],"replies":[{"embeddable":true,"href":"https:\/\/elregionaldigital.info\/index.php?rest_route=%2Fwp%2Fv2%2Fcomments&post=5140"}],"version-history":[{"count":1,"href":"https:\/\/elregionaldigital.info\/index.php?rest_route=\/wp\/v2\/posts\/5140\/revisions"}],"predecessor-version":[{"id":5142,"href":"https:\/\/elregionaldigital.info\/index.php?rest_route=\/wp\/v2\/posts\/5140\/revisions\/5142"}],"wp:featuredmedia":[{"embeddable":true,"href":"https:\/\/elregionaldigital.info\/index.php?rest_route=\/wp\/v2\/media\/5141"}],"wp:attachment":[{"href":"https:\/\/elregionaldigital.info\/index.php?rest_route=%2Fwp%2Fv2%2Fmedia&parent=5140"}],"wp:term":[{"taxonomy":"category","embeddable":true,"href":"https:\/\/elregionaldigital.info\/index.php?rest_route=%2Fwp%2Fv2%2Fcategories&post=5140"},{"taxonomy":"post_tag","embeddable":true,"href":"https:\/\/elregionaldigital.info\/index.php?rest_route=%2Fwp%2Fv2%2Ftags&post=5140"}],"curies":[{"name":"wp","href":"https:\/\/api.w.org\/{rel}","templated":true}]}}