{"id":5137,"date":"2025-08-31T18:44:07","date_gmt":"2025-08-31T18:44:07","guid":{"rendered":"https:\/\/elregionaldigital.info\/?p=5137"},"modified":"2025-09-11T18:46:07","modified_gmt":"2025-09-11T18:46:07","slug":"djokovic-derrota-a-struff-y-avanza-a-cuartos-en-nueva-york","status":"publish","type":"post","link":"https:\/\/elregionaldigital.info\/?p=5137","title":{"rendered":"Djokovic derrota a Struff y avanza a cuartos en Nueva York"},"content":{"rendered":"\n<p>agosto 31, 2025<br>El serbio&nbsp;<strong>Novak Djokovic<\/strong>&nbsp;derrot\u00f3 este domingo al alem\u00e1n&nbsp;<strong>Jan-Lennard Struff<\/strong>&nbsp;y avanz\u00f3 a los cuartos de final del&nbsp;<strong>Abierto de Estados Unidos<\/strong>, pese a los&nbsp;<strong>problemas f\u00edsicos<\/strong>&nbsp;que le obligaron a recibir asistencia del&nbsp;<strong>fisioterapeuta en dos ocasiones<\/strong>.<\/p>\n\n\n\n<p>Djokovic, ganador de 24 \u2018Grand Slam\u2019 y actual n\u00famero 7 del mundo, se deshizo de&nbsp;<strong>Struff<\/strong>&nbsp;(n\u00famero 144) por 6-3, 6-3 y 6-2 en una hora y 49 minutos. En cuartos de final, el serbio se enfrentar\u00e1 al estadounidense Taylor Fritz, 4 del mundo.<\/p>\n\n\n\n<p>El rival de&nbsp;<strong>Djokovic<\/strong>&nbsp;este domingo,&nbsp;<strong>Struff<\/strong>, hab\u00eda llegado a octavos de&nbsp;<strong>Nueva York<\/strong>&nbsp;por primera vez en su carrera proveniente de las rondas de clasificaci\u00f3n previas.<\/p>\n\n\n\n<p><strong>Struff<\/strong>&nbsp;llegaba lanzado tras tumbar al dan\u00e9s Holger Rune (n\u00famero 11) y al estadounidense Frances Tiafoe (n\u00famero 17) en segunda y tercera ronda, pero Djokovic, con el que hab\u00eda perdido sus siete duelos previos, volvi\u00f3 a ser demasiado para el alem\u00e1n.<\/p>\n\n\n\n<p>El estado f\u00edsico de&nbsp;<strong>Djokovic<\/strong>, sin embargo, despert\u00f3 preocupaci\u00f3n despu\u00e9s de que el serbio solicitara asistencia del fisioterapeuta por molestias en el cuello y el hombro, y m\u00e1s tarde tambi\u00e9n en el brazo.<\/p>\n\n\n\n<p>Djokovic gan\u00f3 siete juegos seguidos entre los \u00faltimos cuatro del segundo cuarto y los tres primeros del tercero. El serbio conserv\u00f3 la ventaja de ese 3-0 inicial para cerrar el set 6-2.<\/p>\n\n\n\n<p>El serbio valor\u00f3 en declaraciones a pie de pista su efectividad al servicio esta noche: un 65 % de primeros saques y un 79 % de puntos ganados con ese golpe.<\/p>\n\n\n\n<blockquote class=\"wp-block-quote is-layout-flow wp-block-quote-is-layout-flow\">\n<p>Eso me hace la vida m\u00e1s f\u00e1cil en la pista. Quiz\u00e1s no necesito esforzarme de m\u00e1s o trabajar innecesariamente m\u00e1s de lo que debo. As\u00ed que trato de utilizar el cuadro de saque con la mayor precisi\u00f3n y eficacia posible\u201d, dijo.<\/p>\n<\/blockquote>\n\n\n\n<p>Entre&nbsp;<strong>Djokovic<\/strong>&nbsp;(38 a\u00f1os) y&nbsp;<strong>Struff<\/strong>&nbsp;(35), protagonizaron la eliminatoria de octavos de final con mayor edad combinada en la historia del Abierto de Estados Unidos.<\/p>\n\n\n\n<p>Fue la victoria n\u00famero 94 de&nbsp;<strong>Djokovic<\/strong>&nbsp;en&nbsp;<strong>Flushing Meadows<\/strong>, en sus 19 participaciones. Solo Jimmy Connors, con 98, tiene m\u00e1s.<\/p>\n\n\n\n<figure class=\"wp-block-image size-large\"><img loading=\"lazy\" decoding=\"async\" width=\"1024\" height=\"631\" src=\"https:\/\/elregionaldigital.info\/wp-content\/uploads\/2025\/09\/image-19-1024x631.png\" alt=\"\" class=\"wp-image-5138\" srcset=\"https:\/\/elregionaldigital.info\/wp-content\/uploads\/2025\/09\/image-19-1024x631.png 1024w, https:\/\/elregionaldigital.info\/wp-content\/uploads\/2025\/09\/image-19-300x185.png 300w, https:\/\/elregionaldigital.info\/wp-content\/uploads\/2025\/09\/image-19-768x474.png 768w, https:\/\/elregionaldigital.info\/wp-content\/uploads\/2025\/09\/image-19.png 1200w\" sizes=\"auto, (max-width: 1024px) 100vw, 1024px\" \/><\/figure>\n","protected":false},"excerpt":{"rendered":"<p>agosto 31, 2025El serbio&nbsp;Novak Djokovic&nbsp;derrot\u00f3 este domingo al alem\u00e1n&nbsp;Jan-Lennard Struff&nbsp;y avanz\u00f3 a los cuartos de final del&nbsp;Abierto de Estados Unidos, pese a los&nbsp;problemas f\u00edsicos&nbsp;que le obligaron a recibir asistencia del&nbsp;fisioterapeuta en dos ocasiones. Djokovic, ganador de 24 \u2018Grand Slam\u2019 y actual n\u00famero 7 del mundo, se deshizo de&nbsp;Struff&nbsp;(n\u00famero 144) por 6-3, 6-3 y 6-2 en [&hellip;]<\/p>\n","protected":false},"author":1,"featured_media":5138,"comment_status":"open","ping_status":"open","sticky":false,"template":"","format":"standard","meta":{"footnotes":""},"categories":[6],"tags":[],"class_list":["post-5137","post","type-post","status-publish","format-standard","has-post-thumbnail","hentry","category-deportes"],"blog_post_layout_featured_media_urls":{"thumbnail":["https:\/\/elregionaldigital.info\/wp-content\/uploads\/2025\/09\/image-19-150x150.png",150,150,true],"full":["https:\/\/elregionaldigital.info\/wp-content\/uploads\/2025\/09\/image-19.png",1200,740,false]},"categories_names":{"6":{"name":"Deportes","link":"https:\/\/elregionaldigital.info\/?cat=6"}},"tags_names":[],"comments_number":"0","wpmagazine_modules_lite_featured_media_urls":{"thumbnail":["https:\/\/elregionaldigital.info\/wp-content\/uploads\/2025\/09\/image-19-150x150.png",150,150,true],"cvmm-medium":["https:\/\/elregionaldigital.info\/wp-content\/uploads\/2025\/09\/image-19-300x300.png",300,300,true],"cvmm-medium-plus":["https:\/\/elregionaldigital.info\/wp-content\/uploads\/2025\/09\/image-19-305x207.png",305,207,true],"cvmm-portrait":["https:\/\/elregionaldigital.info\/wp-content\/uploads\/2025\/09\/image-19-400x600.png",400,600,true],"cvmm-medium-square":["https:\/\/elregionaldigital.info\/wp-content\/uploads\/2025\/09\/image-19-600x600.png",600,600,true],"cvmm-large":["https:\/\/elregionaldigital.info\/wp-content\/uploads\/2025\/09\/image-19-1024x740.png",1024,740,true],"cvmm-small":["https:\/\/elregionaldigital.info\/wp-content\/uploads\/2025\/09\/image-19-130x95.png",130,95,true],"full":["https:\/\/elregionaldigital.info\/wp-content\/uploads\/2025\/09\/image-19.png",1200,740,false]},"_links":{"self":[{"href":"https:\/\/elregionaldigital.info\/index.php?rest_route=\/wp\/v2\/posts\/5137","targetHints":{"allow":["GET"]}}],"collection":[{"href":"https:\/\/elregionaldigital.info\/index.php?rest_route=\/wp\/v2\/posts"}],"about":[{"href":"https:\/\/elregionaldigital.info\/index.php?rest_route=\/wp\/v2\/types\/post"}],"author":[{"embeddable":true,"href":"https:\/\/elregionaldigital.info\/index.php?rest_route=\/wp\/v2\/users\/1"}],"replies":[{"embeddable":true,"href":"https:\/\/elregionaldigital.info\/index.php?rest_route=%2Fwp%2Fv2%2Fcomments&post=5137"}],"version-history":[{"count":1,"href":"https:\/\/elregionaldigital.info\/index.php?rest_route=\/wp\/v2\/posts\/5137\/revisions"}],"predecessor-version":[{"id":5139,"href":"https:\/\/elregionaldigital.info\/index.php?rest_route=\/wp\/v2\/posts\/5137\/revisions\/5139"}],"wp:featuredmedia":[{"embeddable":true,"href":"https:\/\/elregionaldigital.info\/index.php?rest_route=\/wp\/v2\/media\/5138"}],"wp:attachment":[{"href":"https:\/\/elregionaldigital.info\/index.php?rest_route=%2Fwp%2Fv2%2Fmedia&parent=5137"}],"wp:term":[{"taxonomy":"category","embeddable":true,"href":"https:\/\/elregionaldigital.info\/index.php?rest_route=%2Fwp%2Fv2%2Fcategories&post=5137"},{"taxonomy":"post_tag","embeddable":true,"href":"https:\/\/elregionaldigital.info\/index.php?rest_route=%2Fwp%2Fv2%2Ftags&post=5137"}],"curies":[{"name":"wp","href":"https:\/\/api.w.org\/{rel}","templated":true}]}}