{"id":5134,"date":"2025-09-11T18:44:02","date_gmt":"2025-09-11T18:44:02","guid":{"rendered":"https:\/\/elregionaldigital.info\/?p=5134"},"modified":"2025-09-11T18:44:03","modified_gmt":"2025-09-11T18:44:03","slug":"isaac-del-toro-imparable-conquista-la-coppa-sabatini-2025","status":"publish","type":"post","link":"https:\/\/elregionaldigital.info\/?p=5134","title":{"rendered":"Isaac del Toro, imparable: conquista la Coppa Sabatini 2025"},"content":{"rendered":"\n<p>septiembre 11, 2025<\/p>\n\n\n\n<p>El ciclista mexicano<strong>\u00a0Isaac del Toro<\/strong>\u00a0(<strong>UAE Team Emirates<\/strong>) se impuso este jueves 11 de septiembre de 2025 en la\u00a0<strong>Coppa Sabatini<\/strong>, competencia de un d\u00eda que se realiza en la Toscana italiana.<\/p>\n\n\n\n<p>El integrante del UAE Team Emirates, de tan solo 21 a\u00f1os de edad, realiz\u00f3 un tiempo de de 4:46:56 horas, para de esta manera conseguir su decimoquinta victoria de la temporada.<\/p>\n\n\n\n<p>La&nbsp;<strong>Coppa Sabatini 2025&nbsp;<\/strong>es una competencia cl\u00e1sica de Italia que se realiza en un d\u00eda, con poco m\u00e1s de 197 kil\u00f3metros de recorrido.<\/p>\n\n\n\n<p>Este resultado en Italia consolida a Isaac del Toro como uno de los mejores ciclistas de la temporada 2o25, donde uno de sus principales resultados es el segundo lugar en el Giro de Italia, donde incluso gan\u00f3 la etapa reina en el Monte Grappay visti\u00f3 la \u2018maglia rosa\u2019 durante varias jornadas, adem\u00e1s de obtener el triunfo en el Tour de Austria.<\/p>\n\n\n\n<p>Esta semana ha sido redonda para el mexicano al obtener victorias en los o victorias en el GP Industria y el Giro della Toscana, todas en Italia.<\/p>\n\n\n\n<p>El orignario de Ensenada, Baja California participar\u00e1 este domingo 14 de septiembre de 2025 en el Trofeo Matteotti, otro de los cl\u00e1sicos del ciclismo italiano.<\/p>\n\n\n\n<figure class=\"wp-block-image size-large\"><img loading=\"lazy\" decoding=\"async\" width=\"1024\" height=\"683\" src=\"https:\/\/elregionaldigital.info\/wp-content\/uploads\/2025\/09\/image-18-1024x683.png\" alt=\"\" class=\"wp-image-5135\" srcset=\"https:\/\/elregionaldigital.info\/wp-content\/uploads\/2025\/09\/image-18-1024x683.png 1024w, https:\/\/elregionaldigital.info\/wp-content\/uploads\/2025\/09\/image-18-300x200.png 300w, https:\/\/elregionaldigital.info\/wp-content\/uploads\/2025\/09\/image-18-768x512.png 768w, https:\/\/elregionaldigital.info\/wp-content\/uploads\/2025\/09\/image-18-1536x1024.png 1536w, https:\/\/elregionaldigital.info\/wp-content\/uploads\/2025\/09\/image-18.png 1920w\" sizes=\"auto, (max-width: 1024px) 100vw, 1024px\" \/><\/figure>\n","protected":false},"excerpt":{"rendered":"<p>septiembre 11, 2025 El ciclista mexicano\u00a0Isaac del Toro\u00a0(UAE Team Emirates) se impuso este jueves 11 de septiembre de 2025 en la\u00a0Coppa Sabatini, competencia de un d\u00eda que se realiza en la Toscana italiana. El integrante del UAE Team Emirates, de tan solo 21 a\u00f1os de edad, realiz\u00f3 un tiempo de de 4:46:56 horas, para de [&hellip;]<\/p>\n","protected":false},"author":1,"featured_media":5135,"comment_status":"open","ping_status":"open","sticky":false,"template":"","format":"standard","meta":{"footnotes":""},"categories":[6],"tags":[],"class_list":["post-5134","post","type-post","status-publish","format-standard","has-post-thumbnail","hentry","category-deportes"],"blog_post_layout_featured_media_urls":{"thumbnail":["https:\/\/elregionaldigital.info\/wp-content\/uploads\/2025\/09\/image-18-150x150.png",150,150,true],"full":["https:\/\/elregionaldigital.info\/wp-content\/uploads\/2025\/09\/image-18.png",1920,1280,false]},"categories_names":{"6":{"name":"Deportes","link":"https:\/\/elregionaldigital.info\/?cat=6"}},"tags_names":[],"comments_number":"0","wpmagazine_modules_lite_featured_media_urls":{"thumbnail":["https:\/\/elregionaldigital.info\/wp-content\/uploads\/2025\/09\/image-18-150x150.png",150,150,true],"cvmm-medium":["https:\/\/elregionaldigital.info\/wp-content\/uploads\/2025\/09\/image-18-300x300.png",300,300,true],"cvmm-medium-plus":["https:\/\/elregionaldigital.info\/wp-content\/uploads\/2025\/09\/image-18-305x207.png",305,207,true],"cvmm-portrait":["https:\/\/elregionaldigital.info\/wp-content\/uploads\/2025\/09\/image-18-400x600.png",400,600,true],"cvmm-medium-square":["https:\/\/elregionaldigital.info\/wp-content\/uploads\/2025\/09\/image-18-600x600.png",600,600,true],"cvmm-large":["https:\/\/elregionaldigital.info\/wp-content\/uploads\/2025\/09\/image-18-1024x1024.png",1024,1024,true],"cvmm-small":["https:\/\/elregionaldigital.info\/wp-content\/uploads\/2025\/09\/image-18-130x95.png",130,95,true],"full":["https:\/\/elregionaldigital.info\/wp-content\/uploads\/2025\/09\/image-18.png",1920,1280,false]},"_links":{"self":[{"href":"https:\/\/elregionaldigital.info\/index.php?rest_route=\/wp\/v2\/posts\/5134","targetHints":{"allow":["GET"]}}],"collection":[{"href":"https:\/\/elregionaldigital.info\/index.php?rest_route=\/wp\/v2\/posts"}],"about":[{"href":"https:\/\/elregionaldigital.info\/index.php?rest_route=\/wp\/v2\/types\/post"}],"author":[{"embeddable":true,"href":"https:\/\/elregionaldigital.info\/index.php?rest_route=\/wp\/v2\/users\/1"}],"replies":[{"embeddable":true,"href":"https:\/\/elregionaldigital.info\/index.php?rest_route=%2Fwp%2Fv2%2Fcomments&post=5134"}],"version-history":[{"count":1,"href":"https:\/\/elregionaldigital.info\/index.php?rest_route=\/wp\/v2\/posts\/5134\/revisions"}],"predecessor-version":[{"id":5136,"href":"https:\/\/elregionaldigital.info\/index.php?rest_route=\/wp\/v2\/posts\/5134\/revisions\/5136"}],"wp:featuredmedia":[{"embeddable":true,"href":"https:\/\/elregionaldigital.info\/index.php?rest_route=\/wp\/v2\/media\/5135"}],"wp:attachment":[{"href":"https:\/\/elregionaldigital.info\/index.php?rest_route=%2Fwp%2Fv2%2Fmedia&parent=5134"}],"wp:term":[{"taxonomy":"category","embeddable":true,"href":"https:\/\/elregionaldigital.info\/index.php?rest_route=%2Fwp%2Fv2%2Fcategories&post=5134"},{"taxonomy":"post_tag","embeddable":true,"href":"https:\/\/elregionaldigital.info\/index.php?rest_route=%2Fwp%2Fv2%2Ftags&post=5134"}],"curies":[{"name":"wp","href":"https:\/\/api.w.org\/{rel}","templated":true}]}}