{"id":5116,"date":"2025-07-10T18:23:53","date_gmt":"2025-07-10T18:23:53","guid":{"rendered":"https:\/\/elregionaldigital.info\/?p=5116"},"modified":"2025-09-11T18:40:59","modified_gmt":"2025-09-11T18:40:59","slug":"recibe-personal-de-la-umeav-capacitacion-en-perspectiva-de-genero","status":"publish","type":"post","link":"https:\/\/elregionaldigital.info\/?p=5116","title":{"rendered":"Recibe personal de la UMEAV capacitaci\u00f3n en perspectiva de g\u00e9nero"},"content":{"rendered":"\n<p>Julio 10 de 2025<\/p>\n\n\n\n<p>Ciudad Victoria, Tamaulipas.- Con base en el compromiso de capacitaci\u00f3n constante del personal de la Secretar\u00eda de Seguridad P\u00fablica de Tamaulipas (SSPT) integrantes de la Unidad M\u00f3vil Especializada de Atenci\u00f3n a la Violencia (UMEAV) recibieron una capacitaci\u00f3n impartida por profesionales del Instituto de las Mujeres en Tamaulipas (IMT).<\/p>\n\n\n\n<p>Entre los temas presentados en esta pl\u00e1tica, se abordaron la perspectiva de g\u00e9nero; igualdad y equidad; tipos de violencia, modalidades y d\u00f3nde se presentan; estereotipos y roles de g\u00e9nero; as\u00ed como otras problem\u00e1ticas sociales, desde una perspectiva inclusiva y respetuosa.<\/p>\n\n\n\n<p>\u2018\u2019Hubo una participaci\u00f3n muy activa, nos dimos cuenta que realmente el conocimiento lo tienen, toda la informaci\u00f3n la han estado adquiriendo, hubo opiniones muy buenas la verdad y agradecemos much\u00edsimo eso, que hayan estado muy activos y espero que no sea la \u00faltima vez para poder estar aqu\u00ed\u2019\u2019, manifest\u00f3 la capacitadora del IMT, Estefan\u00eda D\u00e1vila Cruz.<\/p>\n\n\n\n<p>Con la finalidad de que personal de la Guardia Estatal de G\u00e9nero asignada a otras delegaciones regionales a lo largo de la entidad reciban esta capacitaci\u00f3n, se tiene prevista una pr\u00f3xima sesi\u00f3n virtual.<\/p>\n\n\n\n<p>En agradecimiento a su participaci\u00f3n, el subsecretario de Operaciones de la Guardia Estatal, Alex Melgarejo Torres entreg\u00f3 constancias a los facilitadores: Estefan\u00eda D\u00e1vila Cruz, Alejandro Magno Doria Mendoza y Jessica Berenice Carrizales, quienes acudieron en representaci\u00f3n de la titular del IMT, Marcia Benavides Villafranca.<\/p>\n\n\n\n<figure class=\"wp-block-image\"><a href=\"https:\/\/www.tamaulipas.gob.mx\/wp-content\/uploads\/2025\/07\/SSP-226-2025.-Recibe-personal-de-la-UMEAV-capacitacion-en-perspectiva-de-genero-6.jpeg\"><img decoding=\"async\" src=\"https:\/\/www.tamaulipas.gob.mx\/wp-content\/uploads\/2025\/07\/SSP-226-2025.-Recibe-personal-de-la-UMEAV-capacitacion-en-perspectiva-de-genero-6-850x500.jpeg\" alt=\"\"\/><\/a><\/figure>\n","protected":false},"excerpt":{"rendered":"<p>Julio 10 de 2025 Ciudad Victoria, Tamaulipas.- Con base en el compromiso de capacitaci\u00f3n constante del personal de la Secretar\u00eda de Seguridad P\u00fablica de Tamaulipas (SSPT) integrantes de la Unidad M\u00f3vil Especializada de Atenci\u00f3n a la Violencia (UMEAV) recibieron una capacitaci\u00f3n impartida por profesionales del Instituto de las Mujeres en Tamaulipas (IMT). Entre los temas [&hellip;]<\/p>\n","protected":false},"author":1,"featured_media":5117,"comment_status":"open","ping_status":"open","sticky":false,"template":"","format":"standard","meta":{"footnotes":""},"categories":[2],"tags":[],"class_list":["post-5116","post","type-post","status-publish","format-standard","has-post-thumbnail","hentry","category-tamaulipas"],"blog_post_layout_featured_media_urls":{"thumbnail":["https:\/\/elregionaldigital.info\/wp-content\/uploads\/2025\/09\/SSP-226-2025.-Recibe-personal-de-la-UMEAV-capacitacion-en-perspectiva-de-genero-6-850x500-1-150x150.jpeg",150,150,true],"full":["https:\/\/elregionaldigital.info\/wp-content\/uploads\/2025\/09\/SSP-226-2025.-Recibe-personal-de-la-UMEAV-capacitacion-en-perspectiva-de-genero-6-850x500-1.jpeg",850,500,false]},"categories_names":{"2":{"name":"Tamaulipas","link":"https:\/\/elregionaldigital.info\/?cat=2"}},"tags_names":[],"comments_number":"0","wpmagazine_modules_lite_featured_media_urls":{"thumbnail":["https:\/\/elregionaldigital.info\/wp-content\/uploads\/2025\/09\/SSP-226-2025.-Recibe-personal-de-la-UMEAV-capacitacion-en-perspectiva-de-genero-6-850x500-1-150x150.jpeg",150,150,true],"cvmm-medium":["https:\/\/elregionaldigital.info\/wp-content\/uploads\/2025\/09\/SSP-226-2025.-Recibe-personal-de-la-UMEAV-capacitacion-en-perspectiva-de-genero-6-850x500-1-300x300.jpeg",300,300,true],"cvmm-medium-plus":["https:\/\/elregionaldigital.info\/wp-content\/uploads\/2025\/09\/SSP-226-2025.-Recibe-personal-de-la-UMEAV-capacitacion-en-perspectiva-de-genero-6-850x500-1-305x207.jpeg",305,207,true],"cvmm-portrait":["https:\/\/elregionaldigital.info\/wp-content\/uploads\/2025\/09\/SSP-226-2025.-Recibe-personal-de-la-UMEAV-capacitacion-en-perspectiva-de-genero-6-850x500-1-400x500.jpeg",400,500,true],"cvmm-medium-square":["https:\/\/elregionaldigital.info\/wp-content\/uploads\/2025\/09\/SSP-226-2025.-Recibe-personal-de-la-UMEAV-capacitacion-en-perspectiva-de-genero-6-850x500-1-600x500.jpeg",600,500,true],"cvmm-large":["https:\/\/elregionaldigital.info\/wp-content\/uploads\/2025\/09\/SSP-226-2025.-Recibe-personal-de-la-UMEAV-capacitacion-en-perspectiva-de-genero-6-850x500-1.jpeg",850,500,false],"cvmm-small":["https:\/\/elregionaldigital.info\/wp-content\/uploads\/2025\/09\/SSP-226-2025.-Recibe-personal-de-la-UMEAV-capacitacion-en-perspectiva-de-genero-6-850x500-1-130x95.jpeg",130,95,true],"full":["https:\/\/elregionaldigital.info\/wp-content\/uploads\/2025\/09\/SSP-226-2025.-Recibe-personal-de-la-UMEAV-capacitacion-en-perspectiva-de-genero-6-850x500-1.jpeg",850,500,false]},"_links":{"self":[{"href":"https:\/\/elregionaldigital.info\/index.php?rest_route=\/wp\/v2\/posts\/5116","targetHints":{"allow":["GET"]}}],"collection":[{"href":"https:\/\/elregionaldigital.info\/index.php?rest_route=\/wp\/v2\/posts"}],"about":[{"href":"https:\/\/elregionaldigital.info\/index.php?rest_route=\/wp\/v2\/types\/post"}],"author":[{"embeddable":true,"href":"https:\/\/elregionaldigital.info\/index.php?rest_route=\/wp\/v2\/users\/1"}],"replies":[{"embeddable":true,"href":"https:\/\/elregionaldigital.info\/index.php?rest_route=%2Fwp%2Fv2%2Fcomments&post=5116"}],"version-history":[{"count":1,"href":"https:\/\/elregionaldigital.info\/index.php?rest_route=\/wp\/v2\/posts\/5116\/revisions"}],"predecessor-version":[{"id":5118,"href":"https:\/\/elregionaldigital.info\/index.php?rest_route=\/wp\/v2\/posts\/5116\/revisions\/5118"}],"wp:featuredmedia":[{"embeddable":true,"href":"https:\/\/elregionaldigital.info\/index.php?rest_route=\/wp\/v2\/media\/5117"}],"wp:attachment":[{"href":"https:\/\/elregionaldigital.info\/index.php?rest_route=%2Fwp%2Fv2%2Fmedia&parent=5116"}],"wp:term":[{"taxonomy":"category","embeddable":true,"href":"https:\/\/elregionaldigital.info\/index.php?rest_route=%2Fwp%2Fv2%2Fcategories&post=5116"},{"taxonomy":"post_tag","embeddable":true,"href":"https:\/\/elregionaldigital.info\/index.php?rest_route=%2Fwp%2Fv2%2Ftags&post=5116"}],"curies":[{"name":"wp","href":"https:\/\/api.w.org\/{rel}","templated":true}]}}