{"id":5113,"date":"2025-07-17T18:22:38","date_gmt":"2025-07-17T18:22:38","guid":{"rendered":"https:\/\/elregionaldigital.info\/?p=5113"},"modified":"2025-09-11T18:35:19","modified_gmt":"2025-09-11T18:35:19","slug":"avanza-87-obra-de-la-autopista-mante-ocampo-tula-detonara-desarrollo-regional-del-sur-de-tamaulipas","status":"publish","type":"post","link":"https:\/\/elregionaldigital.info\/?p=5113","title":{"rendered":"Avanza 87 % obra de la autopista Mante-Ocampo-Tula; detonar\u00e1 desarrollo regional del sur de Tamaulipas"},"content":{"rendered":"\n<p>Julio 17 de 2025<\/p>\n\n\n\n<p>Ocampo, Tamaulipas.- La construcci\u00f3n de la autopista Mante-Ocampo-Tula registra un avance del 87 por ciento y no existen afectaciones derivadas de las recientes lluvias, afirm\u00f3 Pedro Cepeda Anaya, secretario de Obras P\u00fablicas, quien reiter\u00f3 la trascendencia de este nodo log\u00edstico que detonar\u00e1 el desarrollo econ\u00f3mico y tur\u00edstico del sur del estado.<\/p>\n\n\n\n<p>Durante un recorrido por la magna obra, acompa\u00f1ado por representantes de medios de comunicaci\u00f3n y ejecutivos de la empresa constructora, el titular de la SOP destac\u00f3 la visi\u00f3n y liderazgo del gobernador Am\u00e9rico Villarreal para rescatar y desarrollar esta autopista de 107 kil\u00f3metros que fortalecer\u00e1 la integraci\u00f3n de Tamaulipas al desarrollo nacional.<\/p>\n\n\n\n<p>Agreg\u00f3 que la autopista conectar\u00e1 los puertos de Altamira y Tampico con el Baj\u00edo, centro del pa\u00eds y el Pac\u00edfico, y permitir\u00e1 reducir hasta dos horas en tiempos de traslado, generando ahorros millonarios en operaci\u00f3n, combustible y log\u00edstica para empresas y transportistas.<\/p>\n\n\n\n<p>En el recorrido, Jos\u00e9 Luis Amozoque\u00f1o Jim\u00e9nez, subdirector de construcci\u00f3n, explic\u00f3 que el t\u00fanel que lleva el nombre del Ing. Am\u00e9rico Villarreal Guerra, consta de 1.8 kil\u00f3metros de longitud y est\u00e1 totalmente blindado en el tema de la seguridad, la comunicaci\u00f3n y el se\u00f1alamiento, ya que estar\u00e1 controlado desde las casetas operativas ubicadas en puntos estrat\u00e9gicos para ser monitoreado y operado sin ning\u00fan problema.<\/p>\n\n\n\n<p>Agreg\u00f3 que el t\u00fanel tiene cuatro bah\u00edas o puntos de aparcamiento, dos por cada sentido, por lo que en caso de una aver\u00eda de un veh\u00edculo, tiene oportunidad de acercarse a una zona segura y recibir la asistencia necesaria.<\/p>\n\n\n\n<p>Por su parte, Naviela Gonz\u00e1lez, gerente ambiental de la concesionaria, mencion\u00f3 que la obra respeta el entorno y apuesta por un desarrollo responsable, ya que se llevan a cabo programas de reforestaci\u00f3n y reubicaci\u00f3n de flora silvestre en m\u00e1s de 470 hect\u00e1reas.<\/p>\n\n\n\n<p>Adem\u00e1s, dijo, es ambientalmente sustentable, ya que en su construcci\u00f3n se han utilizado m\u00e1s de 116 mil m\u00b3 de concreto ecol\u00f3gico permeable, logrando una reducci\u00f3n de 18,765 toneladas de CO\u2082 \u2014equivalente a la captura de carbono de m\u00e1s de 300 mil \u00e1rboles creciendo durante 10 a\u00f1os\u2014.<\/p>\n\n\n\n<p>Desde el inicio de su construcci\u00f3n, la autopista ha generado m\u00e1s de 5,000 empleos directos e indirectos, impulsando el ingreso y la calidad de vida en la regi\u00f3n.<\/p>\n\n\n\n<figure class=\"wp-block-image\"><a href=\"https:\/\/www.tamaulipas.gob.mx\/wp-content\/uploads\/2025\/07\/SOP-068-2025.-Avanza-87-obra-de-la-autopista-Mante-Ocampo-Tula-detonara-desarrollo-regional-del-sur-de-Tamaulipas-1.jpg\"><img decoding=\"async\" src=\"https:\/\/www.tamaulipas.gob.mx\/wp-content\/uploads\/2025\/07\/SOP-068-2025.-Avanza-87-obra-de-la-autopista-Mante-Ocampo-Tula-detonara-desarrollo-regional-del-sur-de-Tamaulipas-1-850x500.jpg\" alt=\"\"\/><\/a><\/figure>\n","protected":false},"excerpt":{"rendered":"<p>Julio 17 de 2025 Ocampo, Tamaulipas.- La construcci\u00f3n de la autopista Mante-Ocampo-Tula registra un avance del 87 por ciento y no existen afectaciones derivadas de las recientes lluvias, afirm\u00f3 Pedro Cepeda Anaya, secretario de Obras P\u00fablicas, quien reiter\u00f3 la trascendencia de este nodo log\u00edstico que detonar\u00e1 el desarrollo econ\u00f3mico y tur\u00edstico del sur del estado. [&hellip;]<\/p>\n","protected":false},"author":1,"featured_media":5114,"comment_status":"open","ping_status":"open","sticky":false,"template":"","format":"standard","meta":{"footnotes":""},"categories":[2],"tags":[],"class_list":["post-5113","post","type-post","status-publish","format-standard","has-post-thumbnail","hentry","category-tamaulipas"],"blog_post_layout_featured_media_urls":{"thumbnail":["https:\/\/elregionaldigital.info\/wp-content\/uploads\/2025\/09\/SOP-068-2025.-Avanza-87-obra-de-la-autopista-Mante-Ocampo-Tula-detonara-desarrollo-regional-del-sur-de-Tamaulipas-4-850x500-1-150x150.jpg",150,150,true],"full":["https:\/\/elregionaldigital.info\/wp-content\/uploads\/2025\/09\/SOP-068-2025.-Avanza-87-obra-de-la-autopista-Mante-Ocampo-Tula-detonara-desarrollo-regional-del-sur-de-Tamaulipas-4-850x500-1.jpg",850,500,false]},"categories_names":{"2":{"name":"Tamaulipas","link":"https:\/\/elregionaldigital.info\/?cat=2"}},"tags_names":[],"comments_number":"0","wpmagazine_modules_lite_featured_media_urls":{"thumbnail":["https:\/\/elregionaldigital.info\/wp-content\/uploads\/2025\/09\/SOP-068-2025.-Avanza-87-obra-de-la-autopista-Mante-Ocampo-Tula-detonara-desarrollo-regional-del-sur-de-Tamaulipas-4-850x500-1-150x150.jpg",150,150,true],"cvmm-medium":["https:\/\/elregionaldigital.info\/wp-content\/uploads\/2025\/09\/SOP-068-2025.-Avanza-87-obra-de-la-autopista-Mante-Ocampo-Tula-detonara-desarrollo-regional-del-sur-de-Tamaulipas-4-850x500-1-300x300.jpg",300,300,true],"cvmm-medium-plus":["https:\/\/elregionaldigital.info\/wp-content\/uploads\/2025\/09\/SOP-068-2025.-Avanza-87-obra-de-la-autopista-Mante-Ocampo-Tula-detonara-desarrollo-regional-del-sur-de-Tamaulipas-4-850x500-1-305x207.jpg",305,207,true],"cvmm-portrait":["https:\/\/elregionaldigital.info\/wp-content\/uploads\/2025\/09\/SOP-068-2025.-Avanza-87-obra-de-la-autopista-Mante-Ocampo-Tula-detonara-desarrollo-regional-del-sur-de-Tamaulipas-4-850x500-1-400x500.jpg",400,500,true],"cvmm-medium-square":["https:\/\/elregionaldigital.info\/wp-content\/uploads\/2025\/09\/SOP-068-2025.-Avanza-87-obra-de-la-autopista-Mante-Ocampo-Tula-detonara-desarrollo-regional-del-sur-de-Tamaulipas-4-850x500-1-600x500.jpg",600,500,true],"cvmm-large":["https:\/\/elregionaldigital.info\/wp-content\/uploads\/2025\/09\/SOP-068-2025.-Avanza-87-obra-de-la-autopista-Mante-Ocampo-Tula-detonara-desarrollo-regional-del-sur-de-Tamaulipas-4-850x500-1.jpg",850,500,false],"cvmm-small":["https:\/\/elregionaldigital.info\/wp-content\/uploads\/2025\/09\/SOP-068-2025.-Avanza-87-obra-de-la-autopista-Mante-Ocampo-Tula-detonara-desarrollo-regional-del-sur-de-Tamaulipas-4-850x500-1-130x95.jpg",130,95,true],"full":["https:\/\/elregionaldigital.info\/wp-content\/uploads\/2025\/09\/SOP-068-2025.-Avanza-87-obra-de-la-autopista-Mante-Ocampo-Tula-detonara-desarrollo-regional-del-sur-de-Tamaulipas-4-850x500-1.jpg",850,500,false]},"_links":{"self":[{"href":"https:\/\/elregionaldigital.info\/index.php?rest_route=\/wp\/v2\/posts\/5113","targetHints":{"allow":["GET"]}}],"collection":[{"href":"https:\/\/elregionaldigital.info\/index.php?rest_route=\/wp\/v2\/posts"}],"about":[{"href":"https:\/\/elregionaldigital.info\/index.php?rest_route=\/wp\/v2\/types\/post"}],"author":[{"embeddable":true,"href":"https:\/\/elregionaldigital.info\/index.php?rest_route=\/wp\/v2\/users\/1"}],"replies":[{"embeddable":true,"href":"https:\/\/elregionaldigital.info\/index.php?rest_route=%2Fwp%2Fv2%2Fcomments&post=5113"}],"version-history":[{"count":1,"href":"https:\/\/elregionaldigital.info\/index.php?rest_route=\/wp\/v2\/posts\/5113\/revisions"}],"predecessor-version":[{"id":5115,"href":"https:\/\/elregionaldigital.info\/index.php?rest_route=\/wp\/v2\/posts\/5113\/revisions\/5115"}],"wp:featuredmedia":[{"embeddable":true,"href":"https:\/\/elregionaldigital.info\/index.php?rest_route=\/wp\/v2\/media\/5114"}],"wp:attachment":[{"href":"https:\/\/elregionaldigital.info\/index.php?rest_route=%2Fwp%2Fv2%2Fmedia&parent=5113"}],"wp:term":[{"taxonomy":"category","embeddable":true,"href":"https:\/\/elregionaldigital.info\/index.php?rest_route=%2Fwp%2Fv2%2Fcategories&post=5113"},{"taxonomy":"post_tag","embeddable":true,"href":"https:\/\/elregionaldigital.info\/index.php?rest_route=%2Fwp%2Fv2%2Ftags&post=5113"}],"curies":[{"name":"wp","href":"https:\/\/api.w.org\/{rel}","templated":true}]}}