{"id":5098,"date":"2025-08-16T18:14:55","date_gmt":"2025-08-16T18:14:55","guid":{"rendered":"https:\/\/elregionaldigital.info\/?p=5098"},"modified":"2025-09-11T18:39:40","modified_gmt":"2025-09-11T18:39:40","slug":"fomenta-up-altamira-habitos-saludables-en-sus-estudiantes","status":"publish","type":"post","link":"https:\/\/elregionaldigital.info\/?p=5098","title":{"rendered":"Fomenta UP Altamira h\u00e1bitos saludables en sus estudiantes"},"content":{"rendered":"\n<p>Agosto 16 de 2025<\/p>\n\n\n\n<p>Altamira, Tamaulipas.\u2013 Con el objetivo de fomentar h\u00e1bitos saludables entre la comunidad estudiantil, personal de la Unidad n\u00famero 16 de La Morita, perteneciente al Instituto Mexicano del Seguro Social (IMSS), realiz\u00f3 una jornada de salud para las y los estudiantes de la Universidad Polit\u00e9cnica de Altamira.<\/p>\n\n\n\n<p>Mediante el programa PREVENIMSS, estudiantes de todas las carreras de la universidad tuvieron la oportunidad de participar en la jornada de salud, en la que se brindaron servicios de control de peso, talla, medici\u00f3n de glucosa y una campa\u00f1a de vacunaci\u00f3n contra el sarampi\u00f3n.<\/p>\n\n\n\n<p>Jes\u00fas Ricardo Ramos S\u00e1nchez, rector de la universidad, dijo que esta campa\u00f1a benefici\u00f3 a m\u00e1s de 550 alumnas y alumnos de la instituci\u00f3n, donde el personal m\u00e9dico detect\u00f3 algunos casos que requieren tratamiento por sus niveles de az\u00facar, invitando a las y los j\u00f3venes a practicar deporte y no consumir alimentos chatarra.<\/p>\n\n\n\n<p>Mencion\u00f3 que el personal de salud tambi\u00e9n aplic\u00f3 las vacunas contra el Virus del Papiloma Humano (VPH) y la bacteria causante del t\u00e9tanos a quienes las solicitaron. Adem\u00e1s, las y los j\u00f3venes recibieron atenci\u00f3n psicol\u00f3gica por parte del personal de la universidad.<\/p>\n\n\n\n<p>\u201cNuestro alumnado est\u00e1 en constante monitoreo, tanto en salud como en apoyo psicol\u00f3gico, como parte complementaria de sus servicios educativos. Todo esto se hace bajo la visi\u00f3n humanista de nuestro gobernador, Am\u00e9rico Villarreal Anaya, con el respaldo de Miguel \u00c1ngel Valdez Garc\u00eda, secretario de Educaci\u00f3n, y con el apoyo del personal de salud del IMSS de La Morita\u201d, enfatiz\u00f3.<\/p>\n\n\n\n<p>Reiter\u00f3 que la visi\u00f3n de la Universidad Polit\u00e9cnica de Altamira es brindar una educaci\u00f3n de calidad, con carreras acordes a las necesidades del mercado laboral actual, basada en principios como el humanismo, la inclusi\u00f3n y la participaci\u00f3n, en sinton\u00eda con la visi\u00f3n que impulsa el gobernador Am\u00e9rico Villarreal Anaya.<\/p>\n\n\n\n<figure class=\"wp-block-image\"><a href=\"https:\/\/www.tamaulipas.gob.mx\/wp-content\/uploads\/2025\/08\/UPA-006-2025.-Fomenta-UP-Altamira-habitos-saludables-en-sus-estudiantes-4.jpeg\"><img decoding=\"async\" src=\"https:\/\/www.tamaulipas.gob.mx\/wp-content\/uploads\/2025\/08\/UPA-006-2025.-Fomenta-UP-Altamira-habitos-saludables-en-sus-estudiantes-4-850x500.jpeg\" alt=\"\"\/><\/a><\/figure>\n","protected":false},"excerpt":{"rendered":"<p>Agosto 16 de 2025 Altamira, Tamaulipas.\u2013 Con el objetivo de fomentar h\u00e1bitos saludables entre la comunidad estudiantil, personal de la Unidad n\u00famero 16 de La Morita, perteneciente al Instituto Mexicano del Seguro Social (IMSS), realiz\u00f3 una jornada de salud para las y los estudiantes de la Universidad Polit\u00e9cnica de Altamira. Mediante el programa PREVENIMSS, estudiantes [&hellip;]<\/p>\n","protected":false},"author":1,"featured_media":5099,"comment_status":"open","ping_status":"open","sticky":false,"template":"","format":"standard","meta":{"footnotes":""},"categories":[2],"tags":[],"class_list":["post-5098","post","type-post","status-publish","format-standard","has-post-thumbnail","hentry","category-tamaulipas"],"blog_post_layout_featured_media_urls":{"thumbnail":["https:\/\/elregionaldigital.info\/wp-content\/uploads\/2025\/09\/UPA-006-2025.-Fomenta-UP-Altamira-habitos-saludables-en-sus-estudiantes-1-850x500-1-150x150.jpeg",150,150,true],"full":["https:\/\/elregionaldigital.info\/wp-content\/uploads\/2025\/09\/UPA-006-2025.-Fomenta-UP-Altamira-habitos-saludables-en-sus-estudiantes-1-850x500-1.jpeg",850,500,false]},"categories_names":{"2":{"name":"Tamaulipas","link":"https:\/\/elregionaldigital.info\/?cat=2"}},"tags_names":[],"comments_number":"0","wpmagazine_modules_lite_featured_media_urls":{"thumbnail":["https:\/\/elregionaldigital.info\/wp-content\/uploads\/2025\/09\/UPA-006-2025.-Fomenta-UP-Altamira-habitos-saludables-en-sus-estudiantes-1-850x500-1-150x150.jpeg",150,150,true],"cvmm-medium":["https:\/\/elregionaldigital.info\/wp-content\/uploads\/2025\/09\/UPA-006-2025.-Fomenta-UP-Altamira-habitos-saludables-en-sus-estudiantes-1-850x500-1-300x300.jpeg",300,300,true],"cvmm-medium-plus":["https:\/\/elregionaldigital.info\/wp-content\/uploads\/2025\/09\/UPA-006-2025.-Fomenta-UP-Altamira-habitos-saludables-en-sus-estudiantes-1-850x500-1-305x207.jpeg",305,207,true],"cvmm-portrait":["https:\/\/elregionaldigital.info\/wp-content\/uploads\/2025\/09\/UPA-006-2025.-Fomenta-UP-Altamira-habitos-saludables-en-sus-estudiantes-1-850x500-1-400x500.jpeg",400,500,true],"cvmm-medium-square":["https:\/\/elregionaldigital.info\/wp-content\/uploads\/2025\/09\/UPA-006-2025.-Fomenta-UP-Altamira-habitos-saludables-en-sus-estudiantes-1-850x500-1-600x500.jpeg",600,500,true],"cvmm-large":["https:\/\/elregionaldigital.info\/wp-content\/uploads\/2025\/09\/UPA-006-2025.-Fomenta-UP-Altamira-habitos-saludables-en-sus-estudiantes-1-850x500-1.jpeg",850,500,false],"cvmm-small":["https:\/\/elregionaldigital.info\/wp-content\/uploads\/2025\/09\/UPA-006-2025.-Fomenta-UP-Altamira-habitos-saludables-en-sus-estudiantes-1-850x500-1-130x95.jpeg",130,95,true],"full":["https:\/\/elregionaldigital.info\/wp-content\/uploads\/2025\/09\/UPA-006-2025.-Fomenta-UP-Altamira-habitos-saludables-en-sus-estudiantes-1-850x500-1.jpeg",850,500,false]},"_links":{"self":[{"href":"https:\/\/elregionaldigital.info\/index.php?rest_route=\/wp\/v2\/posts\/5098","targetHints":{"allow":["GET"]}}],"collection":[{"href":"https:\/\/elregionaldigital.info\/index.php?rest_route=\/wp\/v2\/posts"}],"about":[{"href":"https:\/\/elregionaldigital.info\/index.php?rest_route=\/wp\/v2\/types\/post"}],"author":[{"embeddable":true,"href":"https:\/\/elregionaldigital.info\/index.php?rest_route=\/wp\/v2\/users\/1"}],"replies":[{"embeddable":true,"href":"https:\/\/elregionaldigital.info\/index.php?rest_route=%2Fwp%2Fv2%2Fcomments&post=5098"}],"version-history":[{"count":1,"href":"https:\/\/elregionaldigital.info\/index.php?rest_route=\/wp\/v2\/posts\/5098\/revisions"}],"predecessor-version":[{"id":5100,"href":"https:\/\/elregionaldigital.info\/index.php?rest_route=\/wp\/v2\/posts\/5098\/revisions\/5100"}],"wp:featuredmedia":[{"embeddable":true,"href":"https:\/\/elregionaldigital.info\/index.php?rest_route=\/wp\/v2\/media\/5099"}],"wp:attachment":[{"href":"https:\/\/elregionaldigital.info\/index.php?rest_route=%2Fwp%2Fv2%2Fmedia&parent=5098"}],"wp:term":[{"taxonomy":"category","embeddable":true,"href":"https:\/\/elregionaldigital.info\/index.php?rest_route=%2Fwp%2Fv2%2Fcategories&post=5098"},{"taxonomy":"post_tag","embeddable":true,"href":"https:\/\/elregionaldigital.info\/index.php?rest_route=%2Fwp%2Fv2%2Ftags&post=5098"}],"curies":[{"name":"wp","href":"https:\/\/api.w.org\/{rel}","templated":true}]}}