{"id":5069,"date":"2025-07-09T17:55:10","date_gmt":"2025-07-09T17:55:10","guid":{"rendered":"https:\/\/elregionaldigital.info\/?p=5069"},"modified":"2025-09-11T17:58:48","modified_gmt":"2025-09-11T17:58:48","slug":"mi-proposito-es-reflexionar-lady-racista-se-disculpa-por-insultar-a-policia-de-la-cdmx","status":"publish","type":"post","link":"https:\/\/elregionaldigital.info\/?p=5069","title":{"rendered":"\u201cMi prop\u00f3sito es reflexionar\u201d: \u2018Lady Racista\u2019 se disculpa por insultar a polic\u00eda de la CDMX"},"content":{"rendered":"\n<p>julio 9, 2025<\/p>\n\n\n\n<p>Ximena P., mejor conocida como \u2018<strong>Lady Racista<\/strong>\u2018, ofreci\u00f3&nbsp;<strong>disculpas<\/strong>&nbsp;por los insultos que profiri\u00f3 contra un polic\u00eda de la Ciudad de M\u00e9xico.<\/p>\n\n\n\n<blockquote class=\"wp-block-quote is-layout-flow wp-block-quote-is-layout-flow\">\n<p>Soy plenamente consciente de la gravedad de mis palabras y s\u00e9 que lo que dije estuvo mal. No hay justificaci\u00f3n para expresiones que hieren, dividen y discriminan. Fue un error que asumo con responsabilidad\u201d, dijo.<\/p>\n<\/blockquote>\n\n\n\n<p>En sus disculpas, publicadas a trav\u00e9s del medio&nbsp;<em>Reforma<\/em>, la mujer reconoce que sus palabras ofendieron a un hombre que hac\u00eda su trabajo, pero tambi\u00e9n a quienes enfrentan discriminaci\u00f3n y desprecio.<\/p>\n\n\n\n<blockquote class=\"wp-block-quote is-layout-flow wp-block-quote-is-layout-flow\">\n<p>Lo lamento de coraz\u00f3n\u201d, agreg\u00f3.<\/p>\n<\/blockquote>\n\n\n\n<p>De acuerdo con Ximena P., es una mujer que cometi\u00f3 un grave error del que est\u00e1 dispuesta a aprender, cambiar y ser mejor, con lo que pide que el momento que protagoniz\u00f3 no la defina.<\/p>\n\n\n\n<blockquote class=\"wp-block-quote is-layout-flow wp-block-quote-is-layout-flow\">\n<p>Mi prop\u00f3sito es reflexionar profundamente sobre este acto, reparar el da\u00f1o que he causado y contribuir, desde mi lugar, a construir un pa\u00eds m\u00e1s justo, respetuoso y digno para todas y todos\u201d, expuso.<\/p>\n<\/blockquote>\n\n\n\n<p>Por \u00faltimo, \u2018<strong>Lady Racista<\/strong>\u2018 pidi\u00f3 \u201cperd\u00f3n con honestidad\u201d al polic\u00eda de Tr\u00e1nsito al que llam\u00f3 \u201cpinch* n*gro\u201d, mismo que present\u00f3 una\u00a0denuncia contra la mujer\u00a0por discriminaci\u00f3n.<\/p>\n\n\n\n<h2 class=\"wp-block-heading\">&nbsp;\u00bfQui\u00e9n es \u2018Lady Racista\u2019?<\/h2>\n\n\n\n<p>\u2018<strong>Lady Racista<\/strong>\u2018 fue el apodo que en redes sociales pusieron a una mujer que agredi\u00f3 verbalmente a un polic\u00eda capitalino en la colonia Hip\u00f3dromo Condesa.<\/p>\n\n\n\n<p>La presunta due\u00f1a del veh\u00edculo intent\u00f3 evitar la colocaci\u00f3n del inmovilizador, lo que desat\u00f3 un enfrentamiento con el polic\u00eda que acudi\u00f3 para respaldar a los trabajadores del Parqu\u00edmetro.<\/p>\n\n\n\n<blockquote class=\"wp-block-quote is-layout-flow wp-block-quote-is-layout-flow\">\n<p>\u201cNo me est\u00e9s insultando, pinc\u2026 negro\u201d, \u201codio a los negros como t\u00fa\u201d, \u201clos odio por nacos\u201d, \u201cno entiendes por las buenas, ahorita vas a ver\u201d, fueron algunas de las frases que la mujer dijo al polic\u00eda.<\/p>\n<\/blockquote>\n\n\n\n<p>Asimismo, los dos hijos de la mujer arremetieron contra el oficial.<\/p>\n\n\n\n<p>Tras el acto la mujer fue identificada como Ximena P., de nacionalidad argentina.<\/p>\n\n\n\n<p>De acuerdo con el reportero&nbsp;<em>Carlos Jim\u00e9nez<\/em>, la mujer vive en Santa Fe y debe 147 mil pesos de mantenimiento de su departamento, con lo que no tiene acceso a la alberca o el gimnasio de su edificio.<\/p>\n\n\n\n<p>Asimismo se revel\u00f3 que las placas del Mercedes Benz de la mujer cuentan con 26 infracciones en los \u00faltimos 5 a\u00f1os, muchas de ellas sin pagar.<\/p>\n\n\n\n<p>Sin embargo, las placas no corresponden con el modelo del veh\u00edculo.<\/p>\n\n\n\n<figure class=\"wp-block-image size-large\"><img loading=\"lazy\" decoding=\"async\" width=\"1024\" height=\"631\" src=\"https:\/\/elregionaldigital.info\/wp-content\/uploads\/2025\/09\/image-15-1024x631.png\" alt=\"\" class=\"wp-image-5070\" srcset=\"https:\/\/elregionaldigital.info\/wp-content\/uploads\/2025\/09\/image-15-1024x631.png 1024w, https:\/\/elregionaldigital.info\/wp-content\/uploads\/2025\/09\/image-15-300x185.png 300w, https:\/\/elregionaldigital.info\/wp-content\/uploads\/2025\/09\/image-15-768x474.png 768w, https:\/\/elregionaldigital.info\/wp-content\/uploads\/2025\/09\/image-15.png 1200w\" sizes=\"auto, (max-width: 1024px) 100vw, 1024px\" \/><\/figure>\n","protected":false},"excerpt":{"rendered":"<p>julio 9, 2025 Ximena P., mejor conocida como \u2018Lady Racista\u2018, ofreci\u00f3&nbsp;disculpas&nbsp;por los insultos que profiri\u00f3 contra un polic\u00eda de la Ciudad de M\u00e9xico. Soy plenamente consciente de la gravedad de mis palabras y s\u00e9 que lo que dije estuvo mal. No hay justificaci\u00f3n para expresiones que hieren, dividen y discriminan. Fue un error que asumo [&hellip;]<\/p>\n","protected":false},"author":1,"featured_media":5070,"comment_status":"open","ping_status":"open","sticky":false,"template":"","format":"standard","meta":{"footnotes":""},"categories":[5],"tags":[],"class_list":["post-5069","post","type-post","status-publish","format-standard","has-post-thumbnail","hentry","category-nacional"],"blog_post_layout_featured_media_urls":{"thumbnail":["https:\/\/elregionaldigital.info\/wp-content\/uploads\/2025\/09\/image-15-150x150.png",150,150,true],"full":["https:\/\/elregionaldigital.info\/wp-content\/uploads\/2025\/09\/image-15.png",1200,740,false]},"categories_names":{"5":{"name":"Nacional","link":"https:\/\/elregionaldigital.info\/?cat=5"}},"tags_names":[],"comments_number":"0","wpmagazine_modules_lite_featured_media_urls":{"thumbnail":["https:\/\/elregionaldigital.info\/wp-content\/uploads\/2025\/09\/image-15-150x150.png",150,150,true],"cvmm-medium":["https:\/\/elregionaldigital.info\/wp-content\/uploads\/2025\/09\/image-15-300x300.png",300,300,true],"cvmm-medium-plus":["https:\/\/elregionaldigital.info\/wp-content\/uploads\/2025\/09\/image-15-305x207.png",305,207,true],"cvmm-portrait":["https:\/\/elregionaldigital.info\/wp-content\/uploads\/2025\/09\/image-15-400x600.png",400,600,true],"cvmm-medium-square":["https:\/\/elregionaldigital.info\/wp-content\/uploads\/2025\/09\/image-15-600x600.png",600,600,true],"cvmm-large":["https:\/\/elregionaldigital.info\/wp-content\/uploads\/2025\/09\/image-15-1024x740.png",1024,740,true],"cvmm-small":["https:\/\/elregionaldigital.info\/wp-content\/uploads\/2025\/09\/image-15-130x95.png",130,95,true],"full":["https:\/\/elregionaldigital.info\/wp-content\/uploads\/2025\/09\/image-15.png",1200,740,false]},"_links":{"self":[{"href":"https:\/\/elregionaldigital.info\/index.php?rest_route=\/wp\/v2\/posts\/5069","targetHints":{"allow":["GET"]}}],"collection":[{"href":"https:\/\/elregionaldigital.info\/index.php?rest_route=\/wp\/v2\/posts"}],"about":[{"href":"https:\/\/elregionaldigital.info\/index.php?rest_route=\/wp\/v2\/types\/post"}],"author":[{"embeddable":true,"href":"https:\/\/elregionaldigital.info\/index.php?rest_route=\/wp\/v2\/users\/1"}],"replies":[{"embeddable":true,"href":"https:\/\/elregionaldigital.info\/index.php?rest_route=%2Fwp%2Fv2%2Fcomments&post=5069"}],"version-history":[{"count":1,"href":"https:\/\/elregionaldigital.info\/index.php?rest_route=\/wp\/v2\/posts\/5069\/revisions"}],"predecessor-version":[{"id":5071,"href":"https:\/\/elregionaldigital.info\/index.php?rest_route=\/wp\/v2\/posts\/5069\/revisions\/5071"}],"wp:featuredmedia":[{"embeddable":true,"href":"https:\/\/elregionaldigital.info\/index.php?rest_route=\/wp\/v2\/media\/5070"}],"wp:attachment":[{"href":"https:\/\/elregionaldigital.info\/index.php?rest_route=%2Fwp%2Fv2%2Fmedia&parent=5069"}],"wp:term":[{"taxonomy":"category","embeddable":true,"href":"https:\/\/elregionaldigital.info\/index.php?rest_route=%2Fwp%2Fv2%2Fcategories&post=5069"},{"taxonomy":"post_tag","embeddable":true,"href":"https:\/\/elregionaldigital.info\/index.php?rest_route=%2Fwp%2Fv2%2Ftags&post=5069"}],"curies":[{"name":"wp","href":"https:\/\/api.w.org\/{rel}","templated":true}]}}