{"id":5065,"date":"2025-07-18T16:07:19","date_gmt":"2025-07-18T16:07:19","guid":{"rendered":"https:\/\/elregionaldigital.info\/?p=5065"},"modified":"2025-09-11T16:20:53","modified_gmt":"2025-09-11T16:20:53","slug":"garcia-harfuch-descarta-complicidad-de-instituciones-con-red-de-huachicol","status":"publish","type":"post","link":"https:\/\/elregionaldigital.info\/?p=5065","title":{"rendered":"Garc\u00eda Harfuch descarta complicidad de instituciones con red de \u2018huachicol\u2019"},"content":{"rendered":"\n<p>julio 18, 2025<\/p>\n\n\n\n<p><strong>Omar Garc\u00eda Harfuch<\/strong>, secretario de Seguridad y Protecci\u00f3n Ciudadana (<strong>SSPC<\/strong>), descart\u00f3 que exista complicidad de la Secretar\u00eda de Marina (<strong>Semar<\/strong>) y de la Fiscal\u00eda General de la Rep\u00fablica (<strong>FGR<\/strong>) con una red de\u00a0<strong>tr\u00e1fico de combustible<\/strong>, tambi\u00e9n conocido como\u00a0<em><strong>huachicol<\/strong><\/em>.<\/p>\n\n\n\n<p>El titular de la SSPC reaccion\u00f3 a la informaci\u00f3n que public\u00f3 el peri\u00f3dico Reforma en el sentido de que un presunto l\u00edder de una organizaci\u00f3n dedicada al&nbsp;<em>huachicol<\/em>&nbsp;en el centro del pa\u00eds recib\u00eda protecci\u00f3n de Semar, FGR y de la Coordinaci\u00f3n de Inteligencia de Petr\u00f3leos Mexicanos (Pemex).<\/p>\n\n\n\n<p>De acuerdo con la investigaci\u00f3n, la FGR intervino legalmente el tel\u00e9fono de&nbsp;<strong>Cirio Sergio Rebollo Mendoza<\/strong>&nbsp;<em><strong>Don Checo<\/strong><\/em>, presunto l\u00edder de la red criminal, semanas antes de su detenci\u00f3n con miles de llamadas, y constat\u00f3 que la red de tr\u00e1fico implicaba, seg\u00fan las grabaciones, pagos a agentes funcionarios de Pemex y que FGR le avis\u00f3 sobre su posible detenci\u00f3n.<\/p>\n\n\n\n<p>Garc\u00eda Harfuch, en un mensaje en la red social X cit\u00f3 la informaci\u00f3n que \u201crefiere que hab\u00eda protecci\u00f3n de Semar y de la FGR a una c\u00e9lula criminal dedicada al robo de hidrocarburo\u201d, y precis\u00f3 que despu\u00e9s de seis meses de trabajos de investigaci\u00f3n realizado por personal de la SSPC y en coordinaci\u00f3n con Semar y FGR obtuvo doce \u00f3rdenes de cateo y siete \u00f3rdenes de aprehensi\u00f3n.<\/p>\n\n\n\n<p>Record\u00f3 que como resultado de ese operativo se desmantel\u00f3 una de las \u201cprincipales organizaciones criminales dedicadas al robo y comercializaci\u00f3n il\u00edcita de hidrocarburo en la zona centro del pa\u00eds\u201d.<\/p>\n\n\n\n<p>Adem\u00e1s de que fueron detenidas 32 personas, se aseguraron 16 millones de pesos (unos 855.000 d\u00f3lares), 21 tractocamiones, ocho pipas, diversos contenedores y un tanque estacionario, adem\u00e1s de animales ex\u00f3ticos lo que fue un \u201checho sin precedentes\u201d.<\/p>\n\n\n\n<blockquote class=\"wp-block-quote is-layout-flow wp-block-quote-is-layout-flow\">\n<p>\u201cLas investigaciones contin\u00faan y no hay un s\u00f3lo indicio o prueba sobre una colusi\u00f3n de las dos instituciones referidas, fueron precisamente estas instituciones, las que desarticularon esta red criminal\u201d, expuso.<\/p>\n<\/blockquote>\n\n\n\n<p>En ese sentido, la presidenta<strong>&nbsp;Claudia Sheinbaum<\/strong>, rechaz\u00f3 las acusaciones y dijo que la Semar \u201ctiene el mayor reconocimiento del pueblo de M\u00e9xico\u201d y pidi\u00f3 a las instituciones dar su versi\u00f3n sobre los hechos.<\/p>\n\n\n\n<p>El pasado 29 de junio, Garc\u00eda Harfuch inform\u00f3 que el operativo simult\u00e1neo para desarticular la red criminal se cumpli\u00f3 en la Ciudad de M\u00e9xico, Estado de M\u00e9xico y Quer\u00e9taro.<\/p>\n\n\n\n<p>En la operaci\u00f3n fueron detenidas 32 personas, incluidos los l\u00edderes del grupo: Ciro Sergio \u2018N\u2019 y Luis Miguel \u2018N\u2019, alias&nbsp;<em><strong>Flaco de Oro<\/strong><\/em>, quienes operaban en los estados de M\u00e9xico, Hidalgo y Quer\u00e9taro.<\/p>\n\n\n\n<figure class=\"wp-block-image size-large\"><img loading=\"lazy\" decoding=\"async\" width=\"1024\" height=\"668\" src=\"https:\/\/elregionaldigital.info\/wp-content\/uploads\/2025\/09\/image-14-1024x668.png\" alt=\"\" class=\"wp-image-5066\" srcset=\"https:\/\/elregionaldigital.info\/wp-content\/uploads\/2025\/09\/image-14-1024x668.png 1024w, https:\/\/elregionaldigital.info\/wp-content\/uploads\/2025\/09\/image-14-300x196.png 300w, https:\/\/elregionaldigital.info\/wp-content\/uploads\/2025\/09\/image-14-768x501.png 768w, https:\/\/elregionaldigital.info\/wp-content\/uploads\/2025\/09\/image-14-1536x1002.png 1536w, https:\/\/elregionaldigital.info\/wp-content\/uploads\/2025\/09\/image-14.png 1920w\" sizes=\"auto, (max-width: 1024px) 100vw, 1024px\" \/><\/figure>\n","protected":false},"excerpt":{"rendered":"<p>julio 18, 2025 Omar Garc\u00eda Harfuch, secretario de Seguridad y Protecci\u00f3n Ciudadana (SSPC), descart\u00f3 que exista complicidad de la Secretar\u00eda de Marina (Semar) y de la Fiscal\u00eda General de la Rep\u00fablica (FGR) con una red de\u00a0tr\u00e1fico de combustible, tambi\u00e9n conocido como\u00a0huachicol. El titular de la SSPC reaccion\u00f3 a la informaci\u00f3n que public\u00f3 el peri\u00f3dico Reforma [&hellip;]<\/p>\n","protected":false},"author":1,"featured_media":5066,"comment_status":"open","ping_status":"open","sticky":false,"template":"","format":"standard","meta":{"footnotes":""},"categories":[5],"tags":[],"class_list":["post-5065","post","type-post","status-publish","format-standard","has-post-thumbnail","hentry","category-nacional"],"blog_post_layout_featured_media_urls":{"thumbnail":["https:\/\/elregionaldigital.info\/wp-content\/uploads\/2025\/09\/image-14-150x150.png",150,150,true],"full":["https:\/\/elregionaldigital.info\/wp-content\/uploads\/2025\/09\/image-14.png",1920,1253,false]},"categories_names":{"5":{"name":"Nacional","link":"https:\/\/elregionaldigital.info\/?cat=5"}},"tags_names":[],"comments_number":"0","wpmagazine_modules_lite_featured_media_urls":{"thumbnail":["https:\/\/elregionaldigital.info\/wp-content\/uploads\/2025\/09\/image-14-150x150.png",150,150,true],"cvmm-medium":["https:\/\/elregionaldigital.info\/wp-content\/uploads\/2025\/09\/image-14-300x300.png",300,300,true],"cvmm-medium-plus":["https:\/\/elregionaldigital.info\/wp-content\/uploads\/2025\/09\/image-14-305x207.png",305,207,true],"cvmm-portrait":["https:\/\/elregionaldigital.info\/wp-content\/uploads\/2025\/09\/image-14-400x600.png",400,600,true],"cvmm-medium-square":["https:\/\/elregionaldigital.info\/wp-content\/uploads\/2025\/09\/image-14-600x600.png",600,600,true],"cvmm-large":["https:\/\/elregionaldigital.info\/wp-content\/uploads\/2025\/09\/image-14-1024x1024.png",1024,1024,true],"cvmm-small":["https:\/\/elregionaldigital.info\/wp-content\/uploads\/2025\/09\/image-14-130x95.png",130,95,true],"full":["https:\/\/elregionaldigital.info\/wp-content\/uploads\/2025\/09\/image-14.png",1920,1253,false]},"_links":{"self":[{"href":"https:\/\/elregionaldigital.info\/index.php?rest_route=\/wp\/v2\/posts\/5065","targetHints":{"allow":["GET"]}}],"collection":[{"href":"https:\/\/elregionaldigital.info\/index.php?rest_route=\/wp\/v2\/posts"}],"about":[{"href":"https:\/\/elregionaldigital.info\/index.php?rest_route=\/wp\/v2\/types\/post"}],"author":[{"embeddable":true,"href":"https:\/\/elregionaldigital.info\/index.php?rest_route=\/wp\/v2\/users\/1"}],"replies":[{"embeddable":true,"href":"https:\/\/elregionaldigital.info\/index.php?rest_route=%2Fwp%2Fv2%2Fcomments&post=5065"}],"version-history":[{"count":1,"href":"https:\/\/elregionaldigital.info\/index.php?rest_route=\/wp\/v2\/posts\/5065\/revisions"}],"predecessor-version":[{"id":5067,"href":"https:\/\/elregionaldigital.info\/index.php?rest_route=\/wp\/v2\/posts\/5065\/revisions\/5067"}],"wp:featuredmedia":[{"embeddable":true,"href":"https:\/\/elregionaldigital.info\/index.php?rest_route=\/wp\/v2\/media\/5066"}],"wp:attachment":[{"href":"https:\/\/elregionaldigital.info\/index.php?rest_route=%2Fwp%2Fv2%2Fmedia&parent=5065"}],"wp:term":[{"taxonomy":"category","embeddable":true,"href":"https:\/\/elregionaldigital.info\/index.php?rest_route=%2Fwp%2Fv2%2Fcategories&post=5065"},{"taxonomy":"post_tag","embeddable":true,"href":"https:\/\/elregionaldigital.info\/index.php?rest_route=%2Fwp%2Fv2%2Ftags&post=5065"}],"curies":[{"name":"wp","href":"https:\/\/api.w.org\/{rel}","templated":true}]}}