{"id":5062,"date":"2025-07-22T16:03:57","date_gmt":"2025-07-22T16:03:57","guid":{"rendered":"https:\/\/elregionaldigital.info\/?p=5062"},"modified":"2025-09-11T16:07:15","modified_gmt":"2025-09-11T16:07:15","slug":"guardia-nacional-despliega-plan-cero-robos-para-combatir-delitos-en-carreteras-y-autopistas","status":"publish","type":"post","link":"https:\/\/elregionaldigital.info\/?p=5062","title":{"rendered":"Guardia Nacional despliega Plan \u201cCero Robos\u201d, para combatir delitos en carreteras y autopistas"},"content":{"rendered":"\n<p>julio 22, 2025<\/p>\n\n\n\n<p>La\u00a0<strong>Guardia Nacional<\/strong>\u00a0puso en marcha el\u00a0<strong>Plan \u201cCero Robos\u201d<\/strong>, con el objetivo de combatir con mayor contundencia este delito y dar\u00a0<strong>seguridad<\/strong>\u00a0en\u00a0<strong>carreteras y autopistas<\/strong>\u00a0del pa\u00eds.<\/p>\n\n\n\n<p>Lo anterior fue detallado por el comandante de la Guardia Nacional,&nbsp;<strong>Hern\u00e1n Cort\u00e9s Hern\u00e1ndez<\/strong>, quien apunt\u00f3 que se aplicar\u00e1 de forma inmediata en tres autopistas: la&nbsp;<strong>M\u00e9xico-Quer\u00e9taro; M\u00e9xico-Puebla<\/strong>, y<strong>&nbsp;Mazatl\u00e1n-Culiac\u00e1n<\/strong>.<\/p>\n\n\n\n<p>Se indic\u00f3 que en la&nbsp;<strong>autopista&nbsp;M\u00e9xico-Quer\u00e9taro<\/strong>&nbsp;fueron desplegados un total de 585 efectivos y 194 veh\u00edculos. Tambi\u00e9n se cuenta con el apoyo de tres helic\u00f3pteros, dos aeronaves no tripuladas y&nbsp;20 drones, adem\u00e1s de 10 torres para la detecci\u00f3n de veh\u00edculos con reporte de robo y cuatro c\u00e9lulas de inteligencia para la identificaci\u00f3n y ubicaci\u00f3n de grupos delictivos.<\/p>\n\n\n\n<p>En la&nbsp;<strong>autopista M\u00e9xico-Puebla<\/strong>&nbsp;se tiene contemplado un despliegue de 302 elementos y 131 veh\u00edculos. Con respecto al apoyo a\u00e9reo se incluyen tres helic\u00f3pteros, dos aeronaves no tripuladas y 22 drones. Se desplegaron en esta v\u00eda diez torres para la detecci\u00f3n de robo y cinco c\u00e9lulas de inteligencia para la identificaci\u00f3n, ubicaci\u00f3n y detenci\u00f3n de integrantes de organizaciones delictivas.<\/p>\n\n\n\n<p>En la<strong>&nbsp;maxipista Mazatl\u00e1n-Culiac\u00e1n<\/strong>&nbsp;se llevan a cabo patrullajes con 298 efectivos y 143 veh\u00edculos, los cuales reciben apoyo de dos helic\u00f3pteros y 12 drones como medios a\u00e9reos. Tambi\u00e9n se incluyen cinco torres de identificaci\u00f3n de veh\u00edculos robados y cuatro c\u00e9lulas de inteligencia para la obtenci\u00f3n de informaci\u00f3n para generar \u00f3rdenes de aprehensi\u00f3n y \u00f3rdenes t\u00e9cnicas de investigaci\u00f3n.<\/p>\n\n\n\n<p>\u201cCon este despliegue de tropas y medios, se busca reducir a\u00fan m\u00e1s la incidencia de robos vehiculares de transporte de carga y de veh\u00edculos particulares\u201d, expuso.<\/p>\n\n\n\n<p>Cort\u00e9s Mart\u00ednez apunt\u00f3 que otra de las operaciones que se realizan para contribuir a la seguridad p\u00fablica es la denominada&nbsp;<strong>Paradero Seguro<\/strong>, cuyo objetivo es el desmantelamiento de los establecimientos conocidos como&nbsp;<em>cachimbas<\/em>, donde han sido desarticulados 145 instalaciones de esta naturaleza, adem\u00e1s de ser decomisados 171 mil 736 litros de hidrocarburo y detenido a 38 personas.<\/p>\n\n\n\n<p>El comandanta de la Guardia Nacional asever\u00f3 que en el primer semestre de 2025 hay una disminuci\u00f3n de 22.41 por ciento en el robo a transporte de carga, al pasar de cuatro mil 29 casos en el mismo periodo de 2024 a tres mil 126.<\/p>\n\n\n\n<figure class=\"wp-block-image size-large\"><img loading=\"lazy\" decoding=\"async\" width=\"1024\" height=\"683\" src=\"https:\/\/elregionaldigital.info\/wp-content\/uploads\/2025\/09\/image-13-1024x683.png\" alt=\"\" class=\"wp-image-5063\" srcset=\"https:\/\/elregionaldigital.info\/wp-content\/uploads\/2025\/09\/image-13-1024x683.png 1024w, https:\/\/elregionaldigital.info\/wp-content\/uploads\/2025\/09\/image-13-300x200.png 300w, https:\/\/elregionaldigital.info\/wp-content\/uploads\/2025\/09\/image-13-768x512.png 768w, https:\/\/elregionaldigital.info\/wp-content\/uploads\/2025\/09\/image-13-1536x1024.png 1536w, https:\/\/elregionaldigital.info\/wp-content\/uploads\/2025\/09\/image-13.png 1920w\" sizes=\"auto, (max-width: 1024px) 100vw, 1024px\" \/><\/figure>\n","protected":false},"excerpt":{"rendered":"<p>julio 22, 2025 La\u00a0Guardia Nacional\u00a0puso en marcha el\u00a0Plan \u201cCero Robos\u201d, con el objetivo de combatir con mayor contundencia este delito y dar\u00a0seguridad\u00a0en\u00a0carreteras y autopistas\u00a0del pa\u00eds. Lo anterior fue detallado por el comandante de la Guardia Nacional,&nbsp;Hern\u00e1n Cort\u00e9s Hern\u00e1ndez, quien apunt\u00f3 que se aplicar\u00e1 de forma inmediata en tres autopistas: la&nbsp;M\u00e9xico-Quer\u00e9taro; M\u00e9xico-Puebla, y&nbsp;Mazatl\u00e1n-Culiac\u00e1n. Se indic\u00f3 que [&hellip;]<\/p>\n","protected":false},"author":1,"featured_media":5063,"comment_status":"open","ping_status":"open","sticky":false,"template":"","format":"standard","meta":{"footnotes":""},"categories":[5],"tags":[],"class_list":["post-5062","post","type-post","status-publish","format-standard","has-post-thumbnail","hentry","category-nacional"],"blog_post_layout_featured_media_urls":{"thumbnail":["https:\/\/elregionaldigital.info\/wp-content\/uploads\/2025\/09\/image-13-150x150.png",150,150,true],"full":["https:\/\/elregionaldigital.info\/wp-content\/uploads\/2025\/09\/image-13.png",1920,1280,false]},"categories_names":{"5":{"name":"Nacional","link":"https:\/\/elregionaldigital.info\/?cat=5"}},"tags_names":[],"comments_number":"0","wpmagazine_modules_lite_featured_media_urls":{"thumbnail":["https:\/\/elregionaldigital.info\/wp-content\/uploads\/2025\/09\/image-13-150x150.png",150,150,true],"cvmm-medium":["https:\/\/elregionaldigital.info\/wp-content\/uploads\/2025\/09\/image-13-300x300.png",300,300,true],"cvmm-medium-plus":["https:\/\/elregionaldigital.info\/wp-content\/uploads\/2025\/09\/image-13-305x207.png",305,207,true],"cvmm-portrait":["https:\/\/elregionaldigital.info\/wp-content\/uploads\/2025\/09\/image-13-400x600.png",400,600,true],"cvmm-medium-square":["https:\/\/elregionaldigital.info\/wp-content\/uploads\/2025\/09\/image-13-600x600.png",600,600,true],"cvmm-large":["https:\/\/elregionaldigital.info\/wp-content\/uploads\/2025\/09\/image-13-1024x1024.png",1024,1024,true],"cvmm-small":["https:\/\/elregionaldigital.info\/wp-content\/uploads\/2025\/09\/image-13-130x95.png",130,95,true],"full":["https:\/\/elregionaldigital.info\/wp-content\/uploads\/2025\/09\/image-13.png",1920,1280,false]},"_links":{"self":[{"href":"https:\/\/elregionaldigital.info\/index.php?rest_route=\/wp\/v2\/posts\/5062","targetHints":{"allow":["GET"]}}],"collection":[{"href":"https:\/\/elregionaldigital.info\/index.php?rest_route=\/wp\/v2\/posts"}],"about":[{"href":"https:\/\/elregionaldigital.info\/index.php?rest_route=\/wp\/v2\/types\/post"}],"author":[{"embeddable":true,"href":"https:\/\/elregionaldigital.info\/index.php?rest_route=\/wp\/v2\/users\/1"}],"replies":[{"embeddable":true,"href":"https:\/\/elregionaldigital.info\/index.php?rest_route=%2Fwp%2Fv2%2Fcomments&post=5062"}],"version-history":[{"count":1,"href":"https:\/\/elregionaldigital.info\/index.php?rest_route=\/wp\/v2\/posts\/5062\/revisions"}],"predecessor-version":[{"id":5064,"href":"https:\/\/elregionaldigital.info\/index.php?rest_route=\/wp\/v2\/posts\/5062\/revisions\/5064"}],"wp:featuredmedia":[{"embeddable":true,"href":"https:\/\/elregionaldigital.info\/index.php?rest_route=\/wp\/v2\/media\/5063"}],"wp:attachment":[{"href":"https:\/\/elregionaldigital.info\/index.php?rest_route=%2Fwp%2Fv2%2Fmedia&parent=5062"}],"wp:term":[{"taxonomy":"category","embeddable":true,"href":"https:\/\/elregionaldigital.info\/index.php?rest_route=%2Fwp%2Fv2%2Fcategories&post=5062"},{"taxonomy":"post_tag","embeddable":true,"href":"https:\/\/elregionaldigital.info\/index.php?rest_route=%2Fwp%2Fv2%2Ftags&post=5062"}],"curies":[{"name":"wp","href":"https:\/\/api.w.org\/{rel}","templated":true}]}}