{"id":5056,"date":"2025-07-29T15:59:02","date_gmt":"2025-07-29T15:59:02","guid":{"rendered":"https:\/\/elregionaldigital.info\/?p=5056"},"modified":"2025-09-11T16:01:26","modified_gmt":"2025-09-11T16:01:26","slug":"marcelo-ebrard-llama-a-mantener-calma-ante-presion-arancelaria-de-ee-uu","status":"publish","type":"post","link":"https:\/\/elregionaldigital.info\/?p=5056","title":{"rendered":"Marcelo Ebrard llama a mantener calma ante presi\u00f3n arancelaria de EE.UU."},"content":{"rendered":"\n<p>julio 29, 2025<\/p>\n\n\n\n<p>El secretario de Econom\u00eda,&nbsp;<strong>Marcelo Ebrard<\/strong>, pidi\u00f3 este martes mantener la \u201csangre fr\u00eda\u201d y \u201cno entrar en p\u00e1nico\u201d frente a la inminente&nbsp;<strong>imposici\u00f3n de aranceles<\/strong>&nbsp;del 30 % a productos mexicanos fuera del&nbsp;<strong>T-MEC,<\/strong>&nbsp;al asegurar que&nbsp;<strong>M\u00e9xico<\/strong>&nbsp;ya ha cumplido con las exigencias de&nbsp;<strong>Estados Unidos<\/strong>&nbsp;y espera una resoluci\u00f3n favorable en las pr\u00f3ximas horas.<\/p>\n\n\n\n<p>Durante su participaci\u00f3n en el evento \u00b4<strong>M\u00e9xico IA. Inversi\u00f3n Acelerada<\/strong>\u00b4,&nbsp;<strong>Ebrard<\/strong>&nbsp;declar\u00f3 que las negociaciones con Washington han sido \u201cintensas\u201d y \u201ccomplejas\u201d, pero expres\u00f3 optimismo<\/p>\n\n\n\n<blockquote class=\"wp-block-quote is-layout-flow wp-block-quote-is-layout-flow\">\n<p>\u201cA unos d\u00edas de la presi\u00f3n arancelaria que tenemos. Bueno, en primer lugar, les dir\u00eda, pues hay que tener sangre fr\u00eda. Don\u2019t panic\u201d, afirm\u00f3 el funcionario.<\/p>\n<\/blockquote>\n\n\n\n<p>La tensi\u00f3n se debe al posible incremento del 25 % al 30 % de los aranceles por parte del Gobierno de Do<strong>n<\/strong>ald&nbsp;<strong>Trump<\/strong>&nbsp;a las exportaciones mexicanas fuera del marco del&nbsp;<strong>Tratado entre<\/strong>&nbsp;<strong>M\u00e9xico, Estados Unidos y Canad\u00e1 (T-MEC)<\/strong>.<\/p>\n\n\n\n<p>El nuevo esquema podr\u00eda entrar en vigor este viernes 1 de agosto, aunque a\u00fan se barajan escenarios como una pr\u00f3rroga o reducci\u00f3n del porcentaje, mientras el responsable de la pol\u00edtica econ\u00f3mica de&nbsp;<strong>M\u00e9xico<\/strong>&nbsp;mantiene una perspectiva positiva<\/p>\n\n\n\n<blockquote class=\"wp-block-quote is-layout-flow wp-block-quote-is-layout-flow\">\n<p>\u201cYa todo lo que M\u00e9xico ten\u00eda que hacer est\u00e1 hecho. Ahora tenemos que esperar hoy, ma\u00f1ana y el jueves. Mi perspectiva es positiva, vamos a ver en qu\u00e9 resulta\u201d, dijo.<\/p>\n<\/blockquote>\n\n\n\n<figure class=\"wp-block-image size-large\"><img loading=\"lazy\" decoding=\"async\" width=\"1024\" height=\"683\" src=\"https:\/\/elregionaldigital.info\/wp-content\/uploads\/2025\/09\/image-11-1024x683.png\" alt=\"\" class=\"wp-image-5057\" srcset=\"https:\/\/elregionaldigital.info\/wp-content\/uploads\/2025\/09\/image-11-1024x683.png 1024w, https:\/\/elregionaldigital.info\/wp-content\/uploads\/2025\/09\/image-11-300x200.png 300w, https:\/\/elregionaldigital.info\/wp-content\/uploads\/2025\/09\/image-11-768x512.png 768w, https:\/\/elregionaldigital.info\/wp-content\/uploads\/2025\/09\/image-11-1536x1025.png 1536w, https:\/\/elregionaldigital.info\/wp-content\/uploads\/2025\/09\/image-11.png 1920w\" sizes=\"auto, (max-width: 1024px) 100vw, 1024px\" \/><\/figure>\n","protected":false},"excerpt":{"rendered":"<p>julio 29, 2025 El secretario de Econom\u00eda,&nbsp;Marcelo Ebrard, pidi\u00f3 este martes mantener la \u201csangre fr\u00eda\u201d y \u201cno entrar en p\u00e1nico\u201d frente a la inminente&nbsp;imposici\u00f3n de aranceles&nbsp;del 30 % a productos mexicanos fuera del&nbsp;T-MEC,&nbsp;al asegurar que&nbsp;M\u00e9xico&nbsp;ya ha cumplido con las exigencias de&nbsp;Estados Unidos&nbsp;y espera una resoluci\u00f3n favorable en las pr\u00f3ximas horas. Durante su participaci\u00f3n en el [&hellip;]<\/p>\n","protected":false},"author":1,"featured_media":5057,"comment_status":"open","ping_status":"open","sticky":false,"template":"","format":"standard","meta":{"footnotes":""},"categories":[5],"tags":[],"class_list":["post-5056","post","type-post","status-publish","format-standard","has-post-thumbnail","hentry","category-nacional"],"blog_post_layout_featured_media_urls":{"thumbnail":["https:\/\/elregionaldigital.info\/wp-content\/uploads\/2025\/09\/image-11-150x150.png",150,150,true],"full":["https:\/\/elregionaldigital.info\/wp-content\/uploads\/2025\/09\/image-11.png",1920,1281,false]},"categories_names":{"5":{"name":"Nacional","link":"https:\/\/elregionaldigital.info\/?cat=5"}},"tags_names":[],"comments_number":"0","wpmagazine_modules_lite_featured_media_urls":{"thumbnail":["https:\/\/elregionaldigital.info\/wp-content\/uploads\/2025\/09\/image-11-150x150.png",150,150,true],"cvmm-medium":["https:\/\/elregionaldigital.info\/wp-content\/uploads\/2025\/09\/image-11-300x300.png",300,300,true],"cvmm-medium-plus":["https:\/\/elregionaldigital.info\/wp-content\/uploads\/2025\/09\/image-11-305x207.png",305,207,true],"cvmm-portrait":["https:\/\/elregionaldigital.info\/wp-content\/uploads\/2025\/09\/image-11-400x600.png",400,600,true],"cvmm-medium-square":["https:\/\/elregionaldigital.info\/wp-content\/uploads\/2025\/09\/image-11-600x600.png",600,600,true],"cvmm-large":["https:\/\/elregionaldigital.info\/wp-content\/uploads\/2025\/09\/image-11-1024x1024.png",1024,1024,true],"cvmm-small":["https:\/\/elregionaldigital.info\/wp-content\/uploads\/2025\/09\/image-11-130x95.png",130,95,true],"full":["https:\/\/elregionaldigital.info\/wp-content\/uploads\/2025\/09\/image-11.png",1920,1281,false]},"_links":{"self":[{"href":"https:\/\/elregionaldigital.info\/index.php?rest_route=\/wp\/v2\/posts\/5056","targetHints":{"allow":["GET"]}}],"collection":[{"href":"https:\/\/elregionaldigital.info\/index.php?rest_route=\/wp\/v2\/posts"}],"about":[{"href":"https:\/\/elregionaldigital.info\/index.php?rest_route=\/wp\/v2\/types\/post"}],"author":[{"embeddable":true,"href":"https:\/\/elregionaldigital.info\/index.php?rest_route=\/wp\/v2\/users\/1"}],"replies":[{"embeddable":true,"href":"https:\/\/elregionaldigital.info\/index.php?rest_route=%2Fwp%2Fv2%2Fcomments&post=5056"}],"version-history":[{"count":1,"href":"https:\/\/elregionaldigital.info\/index.php?rest_route=\/wp\/v2\/posts\/5056\/revisions"}],"predecessor-version":[{"id":5058,"href":"https:\/\/elregionaldigital.info\/index.php?rest_route=\/wp\/v2\/posts\/5056\/revisions\/5058"}],"wp:featuredmedia":[{"embeddable":true,"href":"https:\/\/elregionaldigital.info\/index.php?rest_route=\/wp\/v2\/media\/5057"}],"wp:attachment":[{"href":"https:\/\/elregionaldigital.info\/index.php?rest_route=%2Fwp%2Fv2%2Fmedia&parent=5056"}],"wp:term":[{"taxonomy":"category","embeddable":true,"href":"https:\/\/elregionaldigital.info\/index.php?rest_route=%2Fwp%2Fv2%2Fcategories&post=5056"},{"taxonomy":"post_tag","embeddable":true,"href":"https:\/\/elregionaldigital.info\/index.php?rest_route=%2Fwp%2Fv2%2Ftags&post=5056"}],"curies":[{"name":"wp","href":"https:\/\/api.w.org\/{rel}","templated":true}]}}