{"id":5050,"date":"2025-08-06T15:53:21","date_gmt":"2025-08-06T15:53:21","guid":{"rendered":"https:\/\/elregionaldigital.info\/?p=5050"},"modified":"2025-09-11T15:56:51","modified_gmt":"2025-09-11T15:56:51","slug":"bbva-mexico-ve-con-buenos-ojos-plan-de-pemex-pero-admite-que-faltan-cambios-estructurales","status":"publish","type":"post","link":"https:\/\/elregionaldigital.info\/?p=5050","title":{"rendered":"BBVA M\u00e9xico ve con buenos ojos plan de Pemex, pero admite que faltan cambios estructurales"},"content":{"rendered":"\n<p>agosto 6, 2025<\/p>\n\n\n\n<p>El economista en jefe de\u00a0<strong>BBVA M\u00e9xico,\u00a0Carlos Serrano<\/strong>, consider\u00f3 que el nuevo<strong>\u00a0Plan Estrat\u00e9gico de Petr\u00f3leos Mexicanos (Pemex)<\/strong>\u00a0brinda un respiro financiero a la empresa estatal en el corto plazo, pero advirti\u00f3 que a\u00fan se requieren cambios estructurales en su modelo de negocio para lograr una\u00a0<strong>soluci\u00f3n sostenible y aumentar la producci\u00f3n de crudo.<\/strong><\/p>\n\n\n\n<p>En conferencia de prensa,&nbsp;<strong>Serrano<\/strong>&nbsp;se\u00f1al\u00f3 que la reciente emisi\u00f3n de notas precapitalizadas por 12 mil millones de d\u00f3lares representa un primer paso positivo, pues permitir\u00e1 a&nbsp;<strong>Pemex<\/strong>&nbsp;enfrentar sus vencimientos de deuda inmediatos, tanto en 2025 como en 2026<\/p>\n\n\n\n<p>Sin embargo, el economista apunt\u00f3 que las medidas anunciadas por el&nbsp;<strong>Gobierno mexicano<\/strong>&nbsp;deben complementarse con transformaciones m\u00e1s profundas para revertir la ca\u00edda en la producci\u00f3n petrolera y mejorar la posici\u00f3n financiera de la empresa a largo plazo.<\/p>\n\n\n\n<blockquote class=\"wp-block-quote is-layout-flow wp-block-quote-is-layout-flow\">\n<p>\u201cEstas medidas que se han anunciado creemos que alivian la situaci\u00f3n de vencimientos de Pemex en el corto plazo, pero para que haya una soluci\u00f3n estructural, habr\u00eda que aumentar la producci\u00f3n petrolera y para eso habr\u00eda que ver cambios estructurales en modelo de negocio y que todav\u00eda no se anuncian\u201d, dijo<\/p>\n<\/blockquote>\n\n\n\n<p><strong>Serrano<\/strong>&nbsp;destac\u00f3 como positivos dos elementos clave del plan:&nbsp;<strong>la reintroducci\u00f3n de contratos mixtos y la exploraci\u00f3n de campos no convencionales,<\/strong>&nbsp;en especial para la extracci\u00f3n de gas natural, que se realiza con pr\u00e1cticas como la<strong>&nbsp;facturaci\u00f3n hidr\u00e1ulica o \u2018fracking\u2019.<\/strong><\/p>\n\n\n\n<p>En su opini\u00f3n, permitir la inversi\u00f3n privada en estas \u00e1reas podr\u00eda atraer capital,<strong>&nbsp;elevar los niveles de producci\u00f3n<\/strong>&nbsp;y, al mismo tiempo,&nbsp;<strong>generar ingresos adicionales<\/strong>&nbsp;para el gobierno mediante esquemas de regal\u00edas.<\/p>\n\n\n\n<blockquote class=\"wp-block-quote is-layout-flow wp-block-quote-is-layout-flow\">\n<p>\u201cEstos contratos, como los que se asignaron en las rondas (petroleras) previas, asignan un porcentaje muy alto de regal\u00edas al Gobierno mexicano (\u2026) Entonces, esto no solo puede ayudar a aumentar la producci\u00f3n, esto tambi\u00e9n puede contribuir a alivianar la presi\u00f3n sobre las finanzas p\u00fablicas. Y el tema de los no convencionales creemos que hay un potencial muy grande\u201d, explic\u00f3.<\/p>\n<\/blockquote>\n\n\n\n<p>En este sentido, tambi\u00e9n consider\u00f3 que hoy \u201cno hay raz\u00f3n para pensar que&nbsp;<strong>M\u00e9xico<\/strong>&nbsp;no tiene exactamente los mismos recursos de lo que hay en&nbsp;<strong>Nuevo M\u00e9xico<\/strong>&nbsp;y en&nbsp;<strong>Texas\u201d,<\/strong>&nbsp;por lo que impuls\u00f3 a revisar el potencial de esta regi\u00f3n para la producci\u00f3n de gas natural.<\/p>\n\n\n\n<blockquote class=\"wp-block-quote is-layout-flow wp-block-quote-is-layout-flow\">\n<p>\u201cLas fronteras no son un tema geol\u00f3gico, las fronteras son temas pol\u00edticos y M\u00e9xico creo que tiene un potencial enorme\u201d, concluy\u00f3.<\/p>\n<\/blockquote>\n\n\n\n<figure class=\"wp-block-image size-large\"><img loading=\"lazy\" decoding=\"async\" width=\"1024\" height=\"683\" src=\"https:\/\/elregionaldigital.info\/wp-content\/uploads\/2025\/09\/image-9-1024x683.png\" alt=\"\" class=\"wp-image-5051\" srcset=\"https:\/\/elregionaldigital.info\/wp-content\/uploads\/2025\/09\/image-9-1024x683.png 1024w, https:\/\/elregionaldigital.info\/wp-content\/uploads\/2025\/09\/image-9-300x200.png 300w, https:\/\/elregionaldigital.info\/wp-content\/uploads\/2025\/09\/image-9-768x512.png 768w, https:\/\/elregionaldigital.info\/wp-content\/uploads\/2025\/09\/image-9-1536x1024.png 1536w, https:\/\/elregionaldigital.info\/wp-content\/uploads\/2025\/09\/image-9.png 1920w\" sizes=\"auto, (max-width: 1024px) 100vw, 1024px\" \/><\/figure>\n","protected":false},"excerpt":{"rendered":"<p>agosto 6, 2025 El economista en jefe de\u00a0BBVA M\u00e9xico,\u00a0Carlos Serrano, consider\u00f3 que el nuevo\u00a0Plan Estrat\u00e9gico de Petr\u00f3leos Mexicanos (Pemex)\u00a0brinda un respiro financiero a la empresa estatal en el corto plazo, pero advirti\u00f3 que a\u00fan se requieren cambios estructurales en su modelo de negocio para lograr una\u00a0soluci\u00f3n sostenible y aumentar la producci\u00f3n de crudo. En conferencia [&hellip;]<\/p>\n","protected":false},"author":1,"featured_media":5051,"comment_status":"open","ping_status":"open","sticky":false,"template":"","format":"standard","meta":{"footnotes":""},"categories":[5],"tags":[],"class_list":["post-5050","post","type-post","status-publish","format-standard","has-post-thumbnail","hentry","category-nacional"],"blog_post_layout_featured_media_urls":{"thumbnail":["https:\/\/elregionaldigital.info\/wp-content\/uploads\/2025\/09\/image-9-150x150.png",150,150,true],"full":["https:\/\/elregionaldigital.info\/wp-content\/uploads\/2025\/09\/image-9.png",1920,1280,false]},"categories_names":{"5":{"name":"Nacional","link":"https:\/\/elregionaldigital.info\/?cat=5"}},"tags_names":[],"comments_number":"0","wpmagazine_modules_lite_featured_media_urls":{"thumbnail":["https:\/\/elregionaldigital.info\/wp-content\/uploads\/2025\/09\/image-9-150x150.png",150,150,true],"cvmm-medium":["https:\/\/elregionaldigital.info\/wp-content\/uploads\/2025\/09\/image-9-300x300.png",300,300,true],"cvmm-medium-plus":["https:\/\/elregionaldigital.info\/wp-content\/uploads\/2025\/09\/image-9-305x207.png",305,207,true],"cvmm-portrait":["https:\/\/elregionaldigital.info\/wp-content\/uploads\/2025\/09\/image-9-400x600.png",400,600,true],"cvmm-medium-square":["https:\/\/elregionaldigital.info\/wp-content\/uploads\/2025\/09\/image-9-600x600.png",600,600,true],"cvmm-large":["https:\/\/elregionaldigital.info\/wp-content\/uploads\/2025\/09\/image-9-1024x1024.png",1024,1024,true],"cvmm-small":["https:\/\/elregionaldigital.info\/wp-content\/uploads\/2025\/09\/image-9-130x95.png",130,95,true],"full":["https:\/\/elregionaldigital.info\/wp-content\/uploads\/2025\/09\/image-9.png",1920,1280,false]},"_links":{"self":[{"href":"https:\/\/elregionaldigital.info\/index.php?rest_route=\/wp\/v2\/posts\/5050","targetHints":{"allow":["GET"]}}],"collection":[{"href":"https:\/\/elregionaldigital.info\/index.php?rest_route=\/wp\/v2\/posts"}],"about":[{"href":"https:\/\/elregionaldigital.info\/index.php?rest_route=\/wp\/v2\/types\/post"}],"author":[{"embeddable":true,"href":"https:\/\/elregionaldigital.info\/index.php?rest_route=\/wp\/v2\/users\/1"}],"replies":[{"embeddable":true,"href":"https:\/\/elregionaldigital.info\/index.php?rest_route=%2Fwp%2Fv2%2Fcomments&post=5050"}],"version-history":[{"count":1,"href":"https:\/\/elregionaldigital.info\/index.php?rest_route=\/wp\/v2\/posts\/5050\/revisions"}],"predecessor-version":[{"id":5052,"href":"https:\/\/elregionaldigital.info\/index.php?rest_route=\/wp\/v2\/posts\/5050\/revisions\/5052"}],"wp:featuredmedia":[{"embeddable":true,"href":"https:\/\/elregionaldigital.info\/index.php?rest_route=\/wp\/v2\/media\/5051"}],"wp:attachment":[{"href":"https:\/\/elregionaldigital.info\/index.php?rest_route=%2Fwp%2Fv2%2Fmedia&parent=5050"}],"wp:term":[{"taxonomy":"category","embeddable":true,"href":"https:\/\/elregionaldigital.info\/index.php?rest_route=%2Fwp%2Fv2%2Fcategories&post=5050"},{"taxonomy":"post_tag","embeddable":true,"href":"https:\/\/elregionaldigital.info\/index.php?rest_route=%2Fwp%2Fv2%2Ftags&post=5050"}],"curies":[{"name":"wp","href":"https:\/\/api.w.org\/{rel}","templated":true}]}}