{"id":5040,"date":"2025-08-21T15:44:55","date_gmt":"2025-08-21T15:44:55","guid":{"rendered":"https:\/\/elregionaldigital.info\/?p=5040"},"modified":"2025-09-11T15:47:59","modified_gmt":"2025-09-11T15:47:59","slug":"sheinbaum-se-reune-con-gobernadores-para-afrontar-el-cierre-de-la-frontera-al-ganado-mexicano","status":"publish","type":"post","link":"https:\/\/elregionaldigital.info\/?p=5040","title":{"rendered":"Sheinbaum se re\u00fane con gobernadores para afrontar el cierre de la frontera al ganado mexicano"},"content":{"rendered":"\n<p>agosto 21, 2025<\/p>\n\n\n\n<p>La presidenta&nbsp;<strong>Claudia Sheinbaum<\/strong>&nbsp;sostuvo este mi\u00e9rcoles una reuni\u00f3n con los gobernadores de&nbsp;<strong>Sonora<\/strong>,&nbsp;<strong>Alfonso Durazo<\/strong>; de&nbsp;<strong>Coahuila<\/strong>,&nbsp;<strong>Manolo Jim\u00e9nez<\/strong>; y de&nbsp;<strong>Durango<\/strong>,&nbsp;<strong>Esteban Villegas<\/strong>.<\/p>\n\n\n\n<p>En compa\u00f1\u00eda de representantes de asociaciones ganaderas, los mandatarios abordaron el cierre de la frontera con EE.UU. al paso de&nbsp;<strong>ganado mexicano<\/strong>&nbsp;por el&nbsp;<strong>gusano barrenador<\/strong>.<\/p>\n\n\n\n<p>El pasado 9 de julio, el&nbsp;<strong>Departamento de Agricultura de Estados Unidos (USDA)<\/strong>&nbsp;cerr\u00f3 de nuevo la frontera a la exportaci\u00f3n de ganado mexicano, tras la detecci\u00f3n de un nuevo caso de la enfermedad en el estado de&nbsp;<strong>Veracruz.<\/strong><\/p>\n\n\n\n<p>La suspensi\u00f3n fue anunciada por la secretaria del&nbsp;<strong>USDA,<\/strong>&nbsp;<strong>Brooke L. Rollins<\/strong>, lo que detuvo inmediatamente el flujo de ganado mexicano hacia el mercado estadounidense.<\/p>\n\n\n\n<p>Este fue el tercer cierre en apenas ocho meses y tan solo tres d\u00edas despu\u00e9s de su reapertura, en la que se alcanzaron a enviar 900 cabezas de\u00a0<strong>ganado de M\u00e9xico a EE.UU.<\/strong><\/p>\n\n\n\n<figure class=\"wp-block-image size-large\"><img loading=\"lazy\" decoding=\"async\" width=\"1024\" height=\"648\" src=\"https:\/\/elregionaldigital.info\/wp-content\/uploads\/2025\/09\/image-6-1024x648.png\" alt=\"\" class=\"wp-image-5041\" srcset=\"https:\/\/elregionaldigital.info\/wp-content\/uploads\/2025\/09\/image-6-1024x648.png 1024w, https:\/\/elregionaldigital.info\/wp-content\/uploads\/2025\/09\/image-6-300x190.png 300w, https:\/\/elregionaldigital.info\/wp-content\/uploads\/2025\/09\/image-6-768x486.png 768w, https:\/\/elregionaldigital.info\/wp-content\/uploads\/2025\/09\/image-6-1536x972.png 1536w, https:\/\/elregionaldigital.info\/wp-content\/uploads\/2025\/09\/image-6.png 2048w\" sizes=\"auto, (max-width: 1024px) 100vw, 1024px\" \/><\/figure>\n","protected":false},"excerpt":{"rendered":"<p>agosto 21, 2025 La presidenta&nbsp;Claudia Sheinbaum&nbsp;sostuvo este mi\u00e9rcoles una reuni\u00f3n con los gobernadores de&nbsp;Sonora,&nbsp;Alfonso Durazo; de&nbsp;Coahuila,&nbsp;Manolo Jim\u00e9nez; y de&nbsp;Durango,&nbsp;Esteban Villegas. En compa\u00f1\u00eda de representantes de asociaciones ganaderas, los mandatarios abordaron el cierre de la frontera con EE.UU. al paso de&nbsp;ganado mexicano&nbsp;por el&nbsp;gusano barrenador. El pasado 9 de julio, el&nbsp;Departamento de Agricultura de Estados Unidos (USDA)&nbsp;cerr\u00f3 [&hellip;]<\/p>\n","protected":false},"author":1,"featured_media":5042,"comment_status":"open","ping_status":"open","sticky":false,"template":"","format":"standard","meta":{"footnotes":""},"categories":[5],"tags":[],"class_list":["post-5040","post","type-post","status-publish","format-standard","has-post-thumbnail","hentry","category-nacional"],"blog_post_layout_featured_media_urls":{"thumbnail":["https:\/\/elregionaldigital.info\/wp-content\/uploads\/2025\/09\/sheinbaum-se-reune-con-gobernadores-para-afrontar-el-cierre-de-la-frontera-al-ganado-mexicano-150x150.jpg",150,150,true],"full":["https:\/\/elregionaldigital.info\/wp-content\/uploads\/2025\/09\/sheinbaum-se-reune-con-gobernadores-para-afrontar-el-cierre-de-la-frontera-al-ganado-mexicano.jpg",2048,1296,false]},"categories_names":{"5":{"name":"Nacional","link":"https:\/\/elregionaldigital.info\/?cat=5"}},"tags_names":[],"comments_number":"0","wpmagazine_modules_lite_featured_media_urls":{"thumbnail":["https:\/\/elregionaldigital.info\/wp-content\/uploads\/2025\/09\/sheinbaum-se-reune-con-gobernadores-para-afrontar-el-cierre-de-la-frontera-al-ganado-mexicano-150x150.jpg",150,150,true],"cvmm-medium":["https:\/\/elregionaldigital.info\/wp-content\/uploads\/2025\/09\/sheinbaum-se-reune-con-gobernadores-para-afrontar-el-cierre-de-la-frontera-al-ganado-mexicano-300x300.jpg",300,300,true],"cvmm-medium-plus":["https:\/\/elregionaldigital.info\/wp-content\/uploads\/2025\/09\/sheinbaum-se-reune-con-gobernadores-para-afrontar-el-cierre-de-la-frontera-al-ganado-mexicano-305x207.jpg",305,207,true],"cvmm-portrait":["https:\/\/elregionaldigital.info\/wp-content\/uploads\/2025\/09\/sheinbaum-se-reune-con-gobernadores-para-afrontar-el-cierre-de-la-frontera-al-ganado-mexicano-400x600.jpg",400,600,true],"cvmm-medium-square":["https:\/\/elregionaldigital.info\/wp-content\/uploads\/2025\/09\/sheinbaum-se-reune-con-gobernadores-para-afrontar-el-cierre-de-la-frontera-al-ganado-mexicano-600x600.jpg",600,600,true],"cvmm-large":["https:\/\/elregionaldigital.info\/wp-content\/uploads\/2025\/09\/sheinbaum-se-reune-con-gobernadores-para-afrontar-el-cierre-de-la-frontera-al-ganado-mexicano-1024x1024.jpg",1024,1024,true],"cvmm-small":["https:\/\/elregionaldigital.info\/wp-content\/uploads\/2025\/09\/sheinbaum-se-reune-con-gobernadores-para-afrontar-el-cierre-de-la-frontera-al-ganado-mexicano-130x95.jpg",130,95,true],"full":["https:\/\/elregionaldigital.info\/wp-content\/uploads\/2025\/09\/sheinbaum-se-reune-con-gobernadores-para-afrontar-el-cierre-de-la-frontera-al-ganado-mexicano.jpg",2048,1296,false]},"_links":{"self":[{"href":"https:\/\/elregionaldigital.info\/index.php?rest_route=\/wp\/v2\/posts\/5040","targetHints":{"allow":["GET"]}}],"collection":[{"href":"https:\/\/elregionaldigital.info\/index.php?rest_route=\/wp\/v2\/posts"}],"about":[{"href":"https:\/\/elregionaldigital.info\/index.php?rest_route=\/wp\/v2\/types\/post"}],"author":[{"embeddable":true,"href":"https:\/\/elregionaldigital.info\/index.php?rest_route=\/wp\/v2\/users\/1"}],"replies":[{"embeddable":true,"href":"https:\/\/elregionaldigital.info\/index.php?rest_route=%2Fwp%2Fv2%2Fcomments&post=5040"}],"version-history":[{"count":1,"href":"https:\/\/elregionaldigital.info\/index.php?rest_route=\/wp\/v2\/posts\/5040\/revisions"}],"predecessor-version":[{"id":5043,"href":"https:\/\/elregionaldigital.info\/index.php?rest_route=\/wp\/v2\/posts\/5040\/revisions\/5043"}],"wp:featuredmedia":[{"embeddable":true,"href":"https:\/\/elregionaldigital.info\/index.php?rest_route=\/wp\/v2\/media\/5042"}],"wp:attachment":[{"href":"https:\/\/elregionaldigital.info\/index.php?rest_route=%2Fwp%2Fv2%2Fmedia&parent=5040"}],"wp:term":[{"taxonomy":"category","embeddable":true,"href":"https:\/\/elregionaldigital.info\/index.php?rest_route=%2Fwp%2Fv2%2Fcategories&post=5040"},{"taxonomy":"post_tag","embeddable":true,"href":"https:\/\/elregionaldigital.info\/index.php?rest_route=%2Fwp%2Fv2%2Ftags&post=5040"}],"curies":[{"name":"wp","href":"https:\/\/api.w.org\/{rel}","templated":true}]}}