{"id":5037,"date":"2025-08-26T15:42:29","date_gmt":"2025-08-26T15:42:29","guid":{"rendered":"https:\/\/elregionaldigital.info\/?p=5037"},"modified":"2025-09-11T15:44:51","modified_gmt":"2025-09-11T15:44:51","slug":"defiende-norma-pina-actuar-de-la-scjn-ante-asedio-politico","status":"publish","type":"post","link":"https:\/\/elregionaldigital.info\/?p=5037","title":{"rendered":"Defiende Norma Pi\u00f1a actuar de la SCJN ante \u201casedio pol\u00edtico\u201d"},"content":{"rendered":"\n<p>agosto 26, 2025<\/p>\n\n\n\n<p>La presidenta saliente de la&nbsp;<strong>Suprema Corte de Justicia de la Naci\u00f3n (SCJN), Norma Pi\u00f1a<\/strong>, present\u00f3 este martes su \u00faltimo&nbsp;<strong>informe de labores<\/strong>, en la v\u00edspera de la inminente reconfiguraci\u00f3n del m\u00e1ximo tribunal a partir del 1 de septiembre.<\/p>\n\n\n\n<blockquote class=\"wp-block-quote is-layout-flow wp-block-quote-is-layout-flow\">\n<p>\u201cCon este mensaje concluye mi \u00faltimo informe y con \u00e9l una etapa del Poder Judicial de la Federaci\u00f3n\u201d, mencion\u00f3 en su discurso desde el recinto judicial ubicado en el Centro Hist\u00f3rico de la capital mexicana.<\/p>\n<\/blockquote>\n\n\n\n<p>Luego de dos a\u00f1os de ser nombrada la&nbsp;<strong>primera mujer presidenta de la Suprema Corte<\/strong>, marcados por un cierre de sexenio de confrontaci\u00f3n pol\u00edtica del entonces presidente Andr\u00e9s Manuel L\u00f3pez Obrador (2018-2024),&nbsp;<strong>Pi\u00f1a<\/strong>&nbsp;defendi\u00f3 el actuar del&nbsp;<strong>m\u00e1ximo tribunal<\/strong>&nbsp;\u201cbajo el asedio\u201d.<\/p>\n\n\n\n<blockquote class=\"wp-block-quote is-layout-flow wp-block-quote-is-layout-flow\">\n<p>\u201cBajo el asedio, a pesar de las calumnias, a la desinformaci\u00f3n, a la agresi\u00f3n, sostuvimos con firmeza los pilares de la Constituci\u00f3n\u201d, dijo la ministra presidenta.<\/p>\n\n\n\n<p>\u201cNo respondimos con estridencias, respondimos con sentencias. No apelamos nunca a la confrontaci\u00f3n. Apelamos a la raz\u00f3n, al di\u00e1logo y al derecho\u201d, manifest\u00f3.<\/p>\n<\/blockquote>\n\n\n\n<p>El discurso de&nbsp;<strong>Norma Pi\u00f1a&nbsp;<\/strong>pone fin a una etapa in\u00e9dita en la historia del&nbsp;<strong>Poder Judicial, la reforma constitucional de 2024<\/strong>&nbsp;\u2014planteada por el entonces presidente L\u00f3pez Obrador e impulsada despu\u00e9s por la actual mandataria&nbsp;<strong>Claudia Sheinbaum<\/strong>\u2014 acort\u00f3 su periodo y cambi\u00f3 el dise\u00f1o institucional de la&nbsp;<strong>Corte<\/strong>&nbsp;que hab\u00eda prevalecido en los \u00faltimos 40 a\u00f1os.<\/p>\n\n\n\n<p>Subray\u00f3 que la independencia judicial<strong>&nbsp;\u201cno se ostenta, se ejerce\u201d,<\/strong>&nbsp;as\u00ed como que \u201cel rumbo del pa\u00eds no puede depender del aplauso ni del agravio, sino (\u2026) de trabajar hombro con hombro para hacer realidad los fines del&nbsp;<strong>proyecto nacional contenidos en nuestra Constituci\u00f3n\u201d.<\/strong><\/p>\n\n\n\n<p>En este sentido,&nbsp;<strong>Norma Pi\u00f1a&nbsp;<\/strong>apunt\u00f3 que m\u00e1s all\u00e1 de las diferencias leg\u00edtimas, de las interpretaciones que distinguen a una democracia constitucional viva, \u201chay una verdad que no admite fisuras:<strong>&nbsp;todos somos mexicanas y mexicanos\u201d.<\/strong><\/p>\n\n\n\n<blockquote class=\"wp-block-quote is-layout-flow wp-block-quote-is-layout-flow\">\n<p>\u201cLo que nos une es la voluntad firme de que este pa\u00eds prospere, sea m\u00e1s justo y alcance de una vez y para siempre el ideal formulado por Jos\u00e9 Mar\u00eda Morelos en los sentimientos de la naci\u00f3n, que todo aquel que se queje con justicia tenga un tribunal que lo escuche, que lo ampara apare y lo defienda contra el fuerte y el arbitrario\u201d, abund\u00f3.<\/p>\n<\/blockquote>\n\n\n\n<p>La reforma judicial que entrar\u00e1 en vigor el&nbsp;<strong>pr\u00f3ximo domingo<\/strong>&nbsp;implica no solo una&nbsp;<strong>nueva integraci\u00f3n de la Corte<\/strong>, sino un redise\u00f1o del&nbsp;<strong>Consejo de la Judicatura<\/strong>&nbsp;y cambios en la carrera judicial.<\/p>\n\n\n\n<figure class=\"wp-block-image size-large\"><img loading=\"lazy\" decoding=\"async\" width=\"1024\" height=\"683\" src=\"https:\/\/elregionaldigital.info\/wp-content\/uploads\/2025\/09\/image-5-1024x683.png\" alt=\"\" class=\"wp-image-5038\" srcset=\"https:\/\/elregionaldigital.info\/wp-content\/uploads\/2025\/09\/image-5-1024x683.png 1024w, https:\/\/elregionaldigital.info\/wp-content\/uploads\/2025\/09\/image-5-300x200.png 300w, https:\/\/elregionaldigital.info\/wp-content\/uploads\/2025\/09\/image-5-768x512.png 768w, https:\/\/elregionaldigital.info\/wp-content\/uploads\/2025\/09\/image-5-1536x1024.png 1536w, https:\/\/elregionaldigital.info\/wp-content\/uploads\/2025\/09\/image-5.png 1920w\" sizes=\"auto, (max-width: 1024px) 100vw, 1024px\" \/><\/figure>\n","protected":false},"excerpt":{"rendered":"<p>agosto 26, 2025 La presidenta saliente de la&nbsp;Suprema Corte de Justicia de la Naci\u00f3n (SCJN), Norma Pi\u00f1a, present\u00f3 este martes su \u00faltimo&nbsp;informe de labores, en la v\u00edspera de la inminente reconfiguraci\u00f3n del m\u00e1ximo tribunal a partir del 1 de septiembre. \u201cCon este mensaje concluye mi \u00faltimo informe y con \u00e9l una etapa del Poder Judicial [&hellip;]<\/p>\n","protected":false},"author":1,"featured_media":5038,"comment_status":"open","ping_status":"open","sticky":false,"template":"","format":"standard","meta":{"footnotes":""},"categories":[5],"tags":[],"class_list":["post-5037","post","type-post","status-publish","format-standard","has-post-thumbnail","hentry","category-nacional"],"blog_post_layout_featured_media_urls":{"thumbnail":["https:\/\/elregionaldigital.info\/wp-content\/uploads\/2025\/09\/image-5-150x150.png",150,150,true],"full":["https:\/\/elregionaldigital.info\/wp-content\/uploads\/2025\/09\/image-5.png",1920,1280,false]},"categories_names":{"5":{"name":"Nacional","link":"https:\/\/elregionaldigital.info\/?cat=5"}},"tags_names":[],"comments_number":"0","wpmagazine_modules_lite_featured_media_urls":{"thumbnail":["https:\/\/elregionaldigital.info\/wp-content\/uploads\/2025\/09\/image-5-150x150.png",150,150,true],"cvmm-medium":["https:\/\/elregionaldigital.info\/wp-content\/uploads\/2025\/09\/image-5-300x300.png",300,300,true],"cvmm-medium-plus":["https:\/\/elregionaldigital.info\/wp-content\/uploads\/2025\/09\/image-5-305x207.png",305,207,true],"cvmm-portrait":["https:\/\/elregionaldigital.info\/wp-content\/uploads\/2025\/09\/image-5-400x600.png",400,600,true],"cvmm-medium-square":["https:\/\/elregionaldigital.info\/wp-content\/uploads\/2025\/09\/image-5-600x600.png",600,600,true],"cvmm-large":["https:\/\/elregionaldigital.info\/wp-content\/uploads\/2025\/09\/image-5-1024x1024.png",1024,1024,true],"cvmm-small":["https:\/\/elregionaldigital.info\/wp-content\/uploads\/2025\/09\/image-5-130x95.png",130,95,true],"full":["https:\/\/elregionaldigital.info\/wp-content\/uploads\/2025\/09\/image-5.png",1920,1280,false]},"_links":{"self":[{"href":"https:\/\/elregionaldigital.info\/index.php?rest_route=\/wp\/v2\/posts\/5037","targetHints":{"allow":["GET"]}}],"collection":[{"href":"https:\/\/elregionaldigital.info\/index.php?rest_route=\/wp\/v2\/posts"}],"about":[{"href":"https:\/\/elregionaldigital.info\/index.php?rest_route=\/wp\/v2\/types\/post"}],"author":[{"embeddable":true,"href":"https:\/\/elregionaldigital.info\/index.php?rest_route=\/wp\/v2\/users\/1"}],"replies":[{"embeddable":true,"href":"https:\/\/elregionaldigital.info\/index.php?rest_route=%2Fwp%2Fv2%2Fcomments&post=5037"}],"version-history":[{"count":1,"href":"https:\/\/elregionaldigital.info\/index.php?rest_route=\/wp\/v2\/posts\/5037\/revisions"}],"predecessor-version":[{"id":5039,"href":"https:\/\/elregionaldigital.info\/index.php?rest_route=\/wp\/v2\/posts\/5037\/revisions\/5039"}],"wp:featuredmedia":[{"embeddable":true,"href":"https:\/\/elregionaldigital.info\/index.php?rest_route=\/wp\/v2\/media\/5038"}],"wp:attachment":[{"href":"https:\/\/elregionaldigital.info\/index.php?rest_route=%2Fwp%2Fv2%2Fmedia&parent=5037"}],"wp:term":[{"taxonomy":"category","embeddable":true,"href":"https:\/\/elregionaldigital.info\/index.php?rest_route=%2Fwp%2Fv2%2Fcategories&post=5037"},{"taxonomy":"post_tag","embeddable":true,"href":"https:\/\/elregionaldigital.info\/index.php?rest_route=%2Fwp%2Fv2%2Ftags&post=5037"}],"curies":[{"name":"wp","href":"https:\/\/api.w.org\/{rel}","templated":true}]}}