{"id":5033,"date":"2025-08-29T15:38:51","date_gmt":"2025-08-29T15:38:51","guid":{"rendered":"https:\/\/elregionaldigital.info\/?p=5033"},"modified":"2025-09-11T15:42:18","modified_gmt":"2025-09-11T15:42:18","slug":"gobernador-rocha-moya-entrega-apoyos-a-comunidades-indigenas","status":"publish","type":"post","link":"https:\/\/elregionaldigital.info\/?p=5033","title":{"rendered":"Gobernador Rocha Moya entrega apoyos a comunidades ind\u00edgenas"},"content":{"rendered":"\n<p>agosto 29, 2025<\/p>\n\n\n\n<p>El gobernador&nbsp;<strong>Rub\u00e9n Rocha Moya<\/strong>&nbsp;encabez\u00f3 la inauguraci\u00f3n del&nbsp;<strong>Tianguis de las Comunidades Ind\u00edgenas<\/strong>&nbsp;en la explanada de&nbsp;<strong>Palacio de Gobierno&nbsp;<\/strong>en&nbsp;<strong>Culiac\u00e1n<\/strong>, donde entreg\u00f3 recursos por 2 millones de pesos destinados a 163 proyectos productivos de pueblos originarios.<\/p>\n\n\n\n<p>Durante el encuentro, en el que se exhibieron artesan\u00edas y productos elaborados a mano, el mandatario estatal convivi\u00f3 con habitantes de comunidades yoremes, mixtecas, zapotecas, otom\u00edes y n\u00e1huatl, quienes recibieron apoyos econ\u00f3micos que van de los 10 mil a los 25 mil pesos para impulsar&nbsp;<strong>talleres de artesan\u00edas<\/strong>,&nbsp;<strong>carpinter\u00eda<\/strong>,&nbsp;<strong>herrer\u00eda<\/strong>,&nbsp;<strong>panader\u00edas<\/strong>,&nbsp;<strong>gastronom\u00eda tradicional<\/strong>,&nbsp;<strong>reposter\u00eda<\/strong>,&nbsp;<strong>tortiller\u00edas<\/strong>&nbsp;y&nbsp;<strong>corte y confecci\u00f3n<\/strong>, entre otros.<\/p>\n\n\n\n<p><strong>Rocha Moya<\/strong>&nbsp;instruy\u00f3 a la&nbsp;<strong>secretaria de Bienestar y Desarrollo Sustentable<\/strong>,&nbsp;<strong>Mar\u00eda In\u00e9s P\u00e9rez Corral<\/strong>, duplicar para el pr\u00f3ximo a\u00f1o tanto el n\u00famero de&nbsp;<strong>proyectos<\/strong>&nbsp;como el monto de los recursos, al se\u00f1alar que el impulso al&nbsp;<strong>emprendedurismo<\/strong>&nbsp;de las comunidades ind\u00edgenas es una prioridad de su administraci\u00f3n.<\/p>\n\n\n\n<p>El gobernador destac\u00f3 que desde el inicio de su gesti\u00f3n se han realizado obras de infraestructura en pueblos ind\u00edgenas, como la construcci\u00f3n de carreteras en&nbsp;<strong>Vallejo<\/strong>,&nbsp;<strong>Goros II<\/strong>,&nbsp;<strong>El T\u00e9roque Viejo<\/strong>,&nbsp;<strong>El Tr\u00e9bol III<\/strong>&nbsp;y&nbsp;<strong>Cuitaboca<\/strong>, adem\u00e1s de los trabajos en proceso hacia&nbsp;<strong>Baymena<\/strong>&nbsp;y&nbsp;<strong>L\u00e1zaro C\u00e1rdenas<\/strong>. Asimismo, anunci\u00f3 que a partir del 1 de enero de 2026 se pondr\u00e1 en marcha un programa especial para preservar las lenguas originarias, mediante la contrataci\u00f3n de hablantes nativos para la ense\u00f1anza a nuevas generaciones.<\/p>\n\n\n\n<figure class=\"wp-block-image size-large\"><img loading=\"lazy\" decoding=\"async\" width=\"1024\" height=\"683\" src=\"https:\/\/elregionaldigital.info\/wp-content\/uploads\/2025\/09\/image-4-1024x683.png\" alt=\"\" class=\"wp-image-5035\" srcset=\"https:\/\/elregionaldigital.info\/wp-content\/uploads\/2025\/09\/image-4-1024x683.png 1024w, https:\/\/elregionaldigital.info\/wp-content\/uploads\/2025\/09\/image-4-300x200.png 300w, https:\/\/elregionaldigital.info\/wp-content\/uploads\/2025\/09\/image-4-768x512.png 768w, https:\/\/elregionaldigital.info\/wp-content\/uploads\/2025\/09\/image-4-1536x1025.png 1536w, https:\/\/elregionaldigital.info\/wp-content\/uploads\/2025\/09\/image-4.png 2048w\" sizes=\"auto, (max-width: 1024px) 100vw, 1024px\" \/><\/figure>\n","protected":false},"excerpt":{"rendered":"<p>agosto 29, 2025 El gobernador&nbsp;Rub\u00e9n Rocha Moya&nbsp;encabez\u00f3 la inauguraci\u00f3n del&nbsp;Tianguis de las Comunidades Ind\u00edgenas&nbsp;en la explanada de&nbsp;Palacio de Gobierno&nbsp;en&nbsp;Culiac\u00e1n, donde entreg\u00f3 recursos por 2 millones de pesos destinados a 163 proyectos productivos de pueblos originarios. Durante el encuentro, en el que se exhibieron artesan\u00edas y productos elaborados a mano, el mandatario estatal convivi\u00f3 con habitantes [&hellip;]<\/p>\n","protected":false},"author":1,"featured_media":5035,"comment_status":"open","ping_status":"open","sticky":false,"template":"","format":"standard","meta":{"footnotes":""},"categories":[5],"tags":[],"class_list":["post-5033","post","type-post","status-publish","format-standard","has-post-thumbnail","hentry","category-nacional"],"blog_post_layout_featured_media_urls":{"thumbnail":["https:\/\/elregionaldigital.info\/wp-content\/uploads\/2025\/09\/image-4-150x150.png",150,150,true],"full":["https:\/\/elregionaldigital.info\/wp-content\/uploads\/2025\/09\/image-4.png",2048,1366,false]},"categories_names":{"5":{"name":"Nacional","link":"https:\/\/elregionaldigital.info\/?cat=5"}},"tags_names":[],"comments_number":"0","wpmagazine_modules_lite_featured_media_urls":{"thumbnail":["https:\/\/elregionaldigital.info\/wp-content\/uploads\/2025\/09\/image-4-150x150.png",150,150,true],"cvmm-medium":["https:\/\/elregionaldigital.info\/wp-content\/uploads\/2025\/09\/image-4-300x300.png",300,300,true],"cvmm-medium-plus":["https:\/\/elregionaldigital.info\/wp-content\/uploads\/2025\/09\/image-4-305x207.png",305,207,true],"cvmm-portrait":["https:\/\/elregionaldigital.info\/wp-content\/uploads\/2025\/09\/image-4-400x600.png",400,600,true],"cvmm-medium-square":["https:\/\/elregionaldigital.info\/wp-content\/uploads\/2025\/09\/image-4-600x600.png",600,600,true],"cvmm-large":["https:\/\/elregionaldigital.info\/wp-content\/uploads\/2025\/09\/image-4-1024x1024.png",1024,1024,true],"cvmm-small":["https:\/\/elregionaldigital.info\/wp-content\/uploads\/2025\/09\/image-4-130x95.png",130,95,true],"full":["https:\/\/elregionaldigital.info\/wp-content\/uploads\/2025\/09\/image-4.png",2048,1366,false]},"_links":{"self":[{"href":"https:\/\/elregionaldigital.info\/index.php?rest_route=\/wp\/v2\/posts\/5033","targetHints":{"allow":["GET"]}}],"collection":[{"href":"https:\/\/elregionaldigital.info\/index.php?rest_route=\/wp\/v2\/posts"}],"about":[{"href":"https:\/\/elregionaldigital.info\/index.php?rest_route=\/wp\/v2\/types\/post"}],"author":[{"embeddable":true,"href":"https:\/\/elregionaldigital.info\/index.php?rest_route=\/wp\/v2\/users\/1"}],"replies":[{"embeddable":true,"href":"https:\/\/elregionaldigital.info\/index.php?rest_route=%2Fwp%2Fv2%2Fcomments&post=5033"}],"version-history":[{"count":1,"href":"https:\/\/elregionaldigital.info\/index.php?rest_route=\/wp\/v2\/posts\/5033\/revisions"}],"predecessor-version":[{"id":5036,"href":"https:\/\/elregionaldigital.info\/index.php?rest_route=\/wp\/v2\/posts\/5033\/revisions\/5036"}],"wp:featuredmedia":[{"embeddable":true,"href":"https:\/\/elregionaldigital.info\/index.php?rest_route=\/wp\/v2\/media\/5035"}],"wp:attachment":[{"href":"https:\/\/elregionaldigital.info\/index.php?rest_route=%2Fwp%2Fv2%2Fmedia&parent=5033"}],"wp:term":[{"taxonomy":"category","embeddable":true,"href":"https:\/\/elregionaldigital.info\/index.php?rest_route=%2Fwp%2Fv2%2Fcategories&post=5033"},{"taxonomy":"post_tag","embeddable":true,"href":"https:\/\/elregionaldigital.info\/index.php?rest_route=%2Fwp%2Fv2%2Ftags&post=5033"}],"curies":[{"name":"wp","href":"https:\/\/api.w.org\/{rel}","templated":true}]}}