{"id":5029,"date":"2025-09-01T15:35:08","date_gmt":"2025-09-01T15:35:08","guid":{"rendered":"https:\/\/elregionaldigital.info\/?p=5029"},"modified":"2025-09-11T15:38:49","modified_gmt":"2025-09-11T15:38:49","slug":"nueva-suprema-corte-sera-distinta-no-sera-guiada-por-el-poder-o-el-dinero-hugo-aguilar","status":"publish","type":"post","link":"https:\/\/elregionaldigital.info\/?p=5029","title":{"rendered":"Nueva Suprema Corte ser\u00e1 distinta, no ser\u00e1 guiada por el poder o el dinero: Hugo Aguilar"},"content":{"rendered":"\n<p>septiembre 1, 2025<\/p>\n\n\n\n<p><strong>Hugo Aguilar Ortiz<\/strong>, presidente electo de la<strong>&nbsp;Suprema Corte de Justicia de la Naci\u00f3n<\/strong>&nbsp;(<strong>SCJN<\/strong>), dej\u00f3 en claro que a los<strong>&nbsp;nuevos integrantes<\/strong>&nbsp;del M\u00e1ximo Tribunal no los guiar\u00e1 el poder ni el dinero, sino el<strong>&nbsp;servicio al pueblo<\/strong>.<\/p>\n\n\n\n<p>Lo anterior fue detallado por Aguilar Ortiz durante la\u00a0<strong>\u201cconsagraci\u00f3n\u201d de los bastones de mando<\/strong>\u00a0en la Zona Arqueol\u00f3gica de Cuicuilco, donde dej\u00f3 en claro que la nueva Suprema Corte ser\u00e1 muy distinta a las dem\u00e1s.<\/p>\n\n\n\n<blockquote class=\"wp-block-quote is-layout-flow wp-block-quote-is-layout-flow\">\n<p>Tengan la seguridad que es una Corte distinta, una Corte diferente a las anteriores, aqu\u00ed el pensamiento y el coraz\u00f3n no los va a guiar el poder ni el dinero, sino el servicio al pueblo, el servicio a cada uno de ustedes y hoy es una muestra palpable de que hay un compromiso en esa direcci\u00f3n\u201d, declar\u00f3.<\/p>\n<\/blockquote>\n\n\n\n<p>\u201cQuiero decirles que estamos haciendo un equipo importante para arrancar la nueva Suprema Corte con otra visi\u00f3n, con otro esp\u00edritu, con otro \u00e1nimo\u201d, puntualiz\u00f3.<\/p>\n\n\n\n<p>El ministro electo agradeci\u00f3 a las comunidades ind\u00edgenas por estar presente en la nueva integraci\u00f3n de la Suprema Corte.<\/p>\n\n\n\n<p>\u201cMuchas gracias por estar ac\u00e1, gracias por venir desde sus comunidades para acompa\u00f1arnos en este momento importante para cada uno de nosotros y para el Pa\u00eds. Estamos iniciando algo nuevo, yo quiero decirles que no s\u00f3lo somos materia, somos inteligencia y somos esp\u00edritu, y por eso, hoy quisimos iniciar nuestras actividades con la gu\u00eda de nuestras sabias, nuestros sabios\u201d, dijo.<\/p>\n\n\n\n<p>\u201cQuiero agradecer tambi\u00e9n la presencia de mis compa\u00f1eros y compa\u00f1eras, ministros y ministras, y vamos a integrar la nueva Suprema Corte de Justicia de la Naci\u00f3n. Cuando surgi\u00f3 la iniciativa de recibir el bast\u00f3n de mando, ellos abrieron su coraz\u00f3n, su pensamiento, para acompa\u00f1ar este momento importante\u201d, agreg\u00f3.<\/p>\n\n\n\n<p>Este lunes 1 de septiembre a las 19:30 h se realizar\u00e1 una sesi\u00f3n solemne en el&nbsp;<strong>Senado de la Rep\u00fablica<\/strong>, donde 881 juzgadores tomar\u00e1n protesta, incluidos los nuevos ministros de la Suprema Corte, que por primera vez estar\u00e1 encabezada por un presidente de origen ind\u00edgena.<\/p>\n\n\n","protected":false},"excerpt":{"rendered":"<p>septiembre 1, 2025 Hugo Aguilar Ortiz, presidente electo de la&nbsp;Suprema Corte de Justicia de la Naci\u00f3n&nbsp;(SCJN), dej\u00f3 en claro que a los&nbsp;nuevos integrantes&nbsp;del M\u00e1ximo Tribunal no los guiar\u00e1 el poder ni el dinero, sino el&nbsp;servicio al pueblo. Lo anterior fue detallado por Aguilar Ortiz durante la\u00a0\u201cconsagraci\u00f3n\u201d de los bastones de mando\u00a0en la Zona Arqueol\u00f3gica de [&hellip;]<\/p>\n","protected":false},"author":1,"featured_media":5031,"comment_status":"open","ping_status":"open","sticky":false,"template":"","format":"standard","meta":{"footnotes":""},"categories":[5],"tags":[],"class_list":["post-5029","post","type-post","status-publish","format-standard","has-post-thumbnail","hentry","category-nacional"],"blog_post_layout_featured_media_urls":{"thumbnail":["https:\/\/elregionaldigital.info\/wp-content\/uploads\/2025\/09\/ministros-suprema-corte-scjn-hugo-aguilar-consagracion-bastones-150x150.jpg",150,150,true],"full":["https:\/\/elregionaldigital.info\/wp-content\/uploads\/2025\/09\/ministros-suprema-corte-scjn-hugo-aguilar-consagracion-bastones.jpg",1920,1280,false]},"categories_names":{"5":{"name":"Nacional","link":"https:\/\/elregionaldigital.info\/?cat=5"}},"tags_names":[],"comments_number":"0","wpmagazine_modules_lite_featured_media_urls":{"thumbnail":["https:\/\/elregionaldigital.info\/wp-content\/uploads\/2025\/09\/ministros-suprema-corte-scjn-hugo-aguilar-consagracion-bastones-150x150.jpg",150,150,true],"cvmm-medium":["https:\/\/elregionaldigital.info\/wp-content\/uploads\/2025\/09\/ministros-suprema-corte-scjn-hugo-aguilar-consagracion-bastones-300x300.jpg",300,300,true],"cvmm-medium-plus":["https:\/\/elregionaldigital.info\/wp-content\/uploads\/2025\/09\/ministros-suprema-corte-scjn-hugo-aguilar-consagracion-bastones-305x207.jpg",305,207,true],"cvmm-portrait":["https:\/\/elregionaldigital.info\/wp-content\/uploads\/2025\/09\/ministros-suprema-corte-scjn-hugo-aguilar-consagracion-bastones-400x600.jpg",400,600,true],"cvmm-medium-square":["https:\/\/elregionaldigital.info\/wp-content\/uploads\/2025\/09\/ministros-suprema-corte-scjn-hugo-aguilar-consagracion-bastones-600x600.jpg",600,600,true],"cvmm-large":["https:\/\/elregionaldigital.info\/wp-content\/uploads\/2025\/09\/ministros-suprema-corte-scjn-hugo-aguilar-consagracion-bastones-1024x1024.jpg",1024,1024,true],"cvmm-small":["https:\/\/elregionaldigital.info\/wp-content\/uploads\/2025\/09\/ministros-suprema-corte-scjn-hugo-aguilar-consagracion-bastones-130x95.jpg",130,95,true],"full":["https:\/\/elregionaldigital.info\/wp-content\/uploads\/2025\/09\/ministros-suprema-corte-scjn-hugo-aguilar-consagracion-bastones.jpg",1920,1280,false]},"_links":{"self":[{"href":"https:\/\/elregionaldigital.info\/index.php?rest_route=\/wp\/v2\/posts\/5029","targetHints":{"allow":["GET"]}}],"collection":[{"href":"https:\/\/elregionaldigital.info\/index.php?rest_route=\/wp\/v2\/posts"}],"about":[{"href":"https:\/\/elregionaldigital.info\/index.php?rest_route=\/wp\/v2\/types\/post"}],"author":[{"embeddable":true,"href":"https:\/\/elregionaldigital.info\/index.php?rest_route=\/wp\/v2\/users\/1"}],"replies":[{"embeddable":true,"href":"https:\/\/elregionaldigital.info\/index.php?rest_route=%2Fwp%2Fv2%2Fcomments&post=5029"}],"version-history":[{"count":1,"href":"https:\/\/elregionaldigital.info\/index.php?rest_route=\/wp\/v2\/posts\/5029\/revisions"}],"predecessor-version":[{"id":5032,"href":"https:\/\/elregionaldigital.info\/index.php?rest_route=\/wp\/v2\/posts\/5029\/revisions\/5032"}],"wp:featuredmedia":[{"embeddable":true,"href":"https:\/\/elregionaldigital.info\/index.php?rest_route=\/wp\/v2\/media\/5031"}],"wp:attachment":[{"href":"https:\/\/elregionaldigital.info\/index.php?rest_route=%2Fwp%2Fv2%2Fmedia&parent=5029"}],"wp:term":[{"taxonomy":"category","embeddable":true,"href":"https:\/\/elregionaldigital.info\/index.php?rest_route=%2Fwp%2Fv2%2Fcategories&post=5029"},{"taxonomy":"post_tag","embeddable":true,"href":"https:\/\/elregionaldigital.info\/index.php?rest_route=%2Fwp%2Fv2%2Ftags&post=5029"}],"curies":[{"name":"wp","href":"https:\/\/api.w.org\/{rel}","templated":true}]}}