{"id":5025,"date":"2025-09-05T15:32:28","date_gmt":"2025-09-05T15:32:28","guid":{"rendered":"https:\/\/elregionaldigital.info\/?p=5025"},"modified":"2025-09-11T15:35:01","modified_gmt":"2025-09-11T15:35:01","slug":"defensa-conmemora-el-dia-del-estado-mayor","status":"publish","type":"post","link":"https:\/\/elregionaldigital.info\/?p=5025","title":{"rendered":"Defensa conmemora el D\u00eda del Estado Mayor"},"content":{"rendered":"\n<p>septiembre 5, 2025<\/p>\n\n\n\n<p>La Secretar\u00eda de la Defensa Nacional llev\u00f3 a cabo este viernes la ceremonia conmemorativa por el D\u00eda del Estado Mayor, realizada en las instalaciones del Campo Deportivo Militar \u201cMarte\u201d.<\/p>\n\n\n\n<p>El evento fue encabezado por el general Ricardo Trevilla Trejo, secretario de la Defensa Nacional, y cont\u00f3 con la asistencia de altos funcionarios de la dependencia, as\u00ed como de agregados militares, de defensa y policiales acreditados en M\u00e9xico. Tambi\u00e9n participaron integrantes de los Estados Mayores del Ej\u00e9rcito, Fuerza A\u00e9rea y Guardia Nacional, representantes de Regiones Militares y A\u00e9reas, Coordinaciones Territoriales, adem\u00e1s de invitados especiales.<\/p>\n\n\n\n<p>Durante la ceremonia, el General de Divisi\u00f3n Arturo Coronel Flores, jefe del Estado Mayor Conjunto de la Defensa Nacional, ofreci\u00f3 el discurso oficial, en el que destac\u00f3 la trayectoria hist\u00f3rica de esta instituci\u00f3n. Se\u00f1al\u00f3 que este a\u00f1o se cumplen:<\/p>\n\n\n\n<ul class=\"wp-block-list\">\n<li>202 a\u00f1os de la creaci\u00f3n del primer Estado Mayor en M\u00e9xico.<\/li>\n\n\n\n<li>82 a\u00f1os desde su reestructuraci\u00f3n con la fundaci\u00f3n de la SEDENA.<\/li>\n\n\n\n<li>4 a\u00f1os de su transformaci\u00f3n en Estado Mayor Conjunto de la Defensa Nacional, impulsada por el propio General Trevilla Trejo, cuando fung\u00eda como jefe de esa instancia.<\/li>\n<\/ul>\n\n\n\n<p>Coronel Flores subray\u00f3 que el Estado Mayor Conjunto es el \u00f3rgano t\u00e9cnico-operativo que apoya al Alto Mando de las Fuerzas Armadas en la planeaci\u00f3n y coordinaci\u00f3n de tareas relacionadas con la defensa nacional y la seguridad p\u00fablica. Entre sus funciones se incluyen la organizaci\u00f3n, adiestramiento y desarrollo del Ej\u00e9rcito, Fuerza A\u00e9rea y Guardia Nacional, as\u00ed como labores de auxilio a la poblaci\u00f3n en casos de desastres, vigilancia del espacio a\u00e9reo y acciones vinculadas al desarrollo nacional.<\/p>\n\n\n\n<p>En su mensaje, el general afirm\u00f3 que el Estado Mayor Conjunto mantiene un perfil axiol\u00f3gico s\u00f3lido, enfocado en la institucionalidad y la identidad militar de M\u00e9xico.<\/p>\n\n\n\n<p>Como parte de la ceremonia, se otorg\u00f3 la Distinci\u00f3n de Desempe\u00f1o a 44 integrantes de los Estados Mayores del Ej\u00e9rcito, Fuerza A\u00e9rea y de la Guardia Nacional, en reconocimiento a su esfuerzo y compromiso en el cumplimiento de sus labores.<\/p>\n\n\n\n<p>El acto concluy\u00f3 con la entonaci\u00f3n del Himno Nacional Mexicano, en un ambiente solemne que reafirm\u00f3 la importancia del Estado Mayor como pieza clave en la estructura militar del pa\u00eds<\/p>\n\n\n\n<figure class=\"wp-block-image size-large\"><img loading=\"lazy\" decoding=\"async\" width=\"1024\" height=\"576\" src=\"https:\/\/elregionaldigital.info\/wp-content\/uploads\/2025\/09\/image-2-1024x576.png\" alt=\"\" class=\"wp-image-5026\" srcset=\"https:\/\/elregionaldigital.info\/wp-content\/uploads\/2025\/09\/image-2-1024x576.png 1024w, https:\/\/elregionaldigital.info\/wp-content\/uploads\/2025\/09\/image-2-300x169.png 300w, https:\/\/elregionaldigital.info\/wp-content\/uploads\/2025\/09\/image-2-768x432.png 768w, https:\/\/elregionaldigital.info\/wp-content\/uploads\/2025\/09\/image-2-1536x864.png 1536w, https:\/\/elregionaldigital.info\/wp-content\/uploads\/2025\/09\/image-2.png 1920w\" sizes=\"auto, (max-width: 1024px) 100vw, 1024px\" \/><\/figure>\n","protected":false},"excerpt":{"rendered":"<p>septiembre 5, 2025 La Secretar\u00eda de la Defensa Nacional llev\u00f3 a cabo este viernes la ceremonia conmemorativa por el D\u00eda del Estado Mayor, realizada en las instalaciones del Campo Deportivo Militar \u201cMarte\u201d. El evento fue encabezado por el general Ricardo Trevilla Trejo, secretario de la Defensa Nacional, y cont\u00f3 con la asistencia de altos funcionarios [&hellip;]<\/p>\n","protected":false},"author":1,"featured_media":5027,"comment_status":"open","ping_status":"open","sticky":false,"template":"","format":"standard","meta":{"footnotes":""},"categories":[5],"tags":[],"class_list":["post-5025","post","type-post","status-publish","format-standard","has-post-thumbnail","hentry","category-nacional"],"blog_post_layout_featured_media_urls":{"thumbnail":["https:\/\/elregionaldigital.info\/wp-content\/uploads\/2025\/09\/aniversario-del-dia-del-estado-mayor-6-150x150.jpg",150,150,true],"full":["https:\/\/elregionaldigital.info\/wp-content\/uploads\/2025\/09\/aniversario-del-dia-del-estado-mayor-6.jpg",1920,1080,false]},"categories_names":{"5":{"name":"Nacional","link":"https:\/\/elregionaldigital.info\/?cat=5"}},"tags_names":[],"comments_number":"0","wpmagazine_modules_lite_featured_media_urls":{"thumbnail":["https:\/\/elregionaldigital.info\/wp-content\/uploads\/2025\/09\/aniversario-del-dia-del-estado-mayor-6-150x150.jpg",150,150,true],"cvmm-medium":["https:\/\/elregionaldigital.info\/wp-content\/uploads\/2025\/09\/aniversario-del-dia-del-estado-mayor-6-300x300.jpg",300,300,true],"cvmm-medium-plus":["https:\/\/elregionaldigital.info\/wp-content\/uploads\/2025\/09\/aniversario-del-dia-del-estado-mayor-6-305x207.jpg",305,207,true],"cvmm-portrait":["https:\/\/elregionaldigital.info\/wp-content\/uploads\/2025\/09\/aniversario-del-dia-del-estado-mayor-6-400x600.jpg",400,600,true],"cvmm-medium-square":["https:\/\/elregionaldigital.info\/wp-content\/uploads\/2025\/09\/aniversario-del-dia-del-estado-mayor-6-600x600.jpg",600,600,true],"cvmm-large":["https:\/\/elregionaldigital.info\/wp-content\/uploads\/2025\/09\/aniversario-del-dia-del-estado-mayor-6-1024x1024.jpg",1024,1024,true],"cvmm-small":["https:\/\/elregionaldigital.info\/wp-content\/uploads\/2025\/09\/aniversario-del-dia-del-estado-mayor-6-130x95.jpg",130,95,true],"full":["https:\/\/elregionaldigital.info\/wp-content\/uploads\/2025\/09\/aniversario-del-dia-del-estado-mayor-6.jpg",1920,1080,false]},"_links":{"self":[{"href":"https:\/\/elregionaldigital.info\/index.php?rest_route=\/wp\/v2\/posts\/5025","targetHints":{"allow":["GET"]}}],"collection":[{"href":"https:\/\/elregionaldigital.info\/index.php?rest_route=\/wp\/v2\/posts"}],"about":[{"href":"https:\/\/elregionaldigital.info\/index.php?rest_route=\/wp\/v2\/types\/post"}],"author":[{"embeddable":true,"href":"https:\/\/elregionaldigital.info\/index.php?rest_route=\/wp\/v2\/users\/1"}],"replies":[{"embeddable":true,"href":"https:\/\/elregionaldigital.info\/index.php?rest_route=%2Fwp%2Fv2%2Fcomments&post=5025"}],"version-history":[{"count":1,"href":"https:\/\/elregionaldigital.info\/index.php?rest_route=\/wp\/v2\/posts\/5025\/revisions"}],"predecessor-version":[{"id":5028,"href":"https:\/\/elregionaldigital.info\/index.php?rest_route=\/wp\/v2\/posts\/5025\/revisions\/5028"}],"wp:featuredmedia":[{"embeddable":true,"href":"https:\/\/elregionaldigital.info\/index.php?rest_route=\/wp\/v2\/media\/5027"}],"wp:attachment":[{"href":"https:\/\/elregionaldigital.info\/index.php?rest_route=%2Fwp%2Fv2%2Fmedia&parent=5025"}],"wp:term":[{"taxonomy":"category","embeddable":true,"href":"https:\/\/elregionaldigital.info\/index.php?rest_route=%2Fwp%2Fv2%2Fcategories&post=5025"},{"taxonomy":"post_tag","embeddable":true,"href":"https:\/\/elregionaldigital.info\/index.php?rest_route=%2Fwp%2Fv2%2Ftags&post=5025"}],"curies":[{"name":"wp","href":"https:\/\/api.w.org\/{rel}","templated":true}]}}