{"id":5021,"date":"2025-09-08T15:29:25","date_gmt":"2025-09-08T15:29:25","guid":{"rendered":"https:\/\/elregionaldigital.info\/?p=5021"},"modified":"2025-09-11T15:32:23","modified_gmt":"2025-09-11T15:32:23","slug":"suben-a-diez-los-muertos-por-el-impacto-de-un-tren-con-autobus-en-el-estado-de-mexico","status":"publish","type":"post","link":"https:\/\/elregionaldigital.info\/?p=5021","title":{"rendered":"Suben a diez los muertos por el impacto de un tren con autob\u00fas en el Estado de M\u00e9xico"},"content":{"rendered":"\n<p>septiembre 8, 2025<br>El n\u00famero de muertos por el choque de un&nbsp;<strong>ferrocarril<\/strong>&nbsp;con un autob\u00fas de pasajeros de doble piso subi\u00f3 de ocho a diez, inform\u00f3 este lunes el coordinador general de&nbsp;<strong>Protecci\u00f3n Civil del Estado de M\u00e9xico, Adri\u00e1n Hern\u00e1ndez Romero.<\/strong><\/p>\n\n\n\n<p>El accidente ocurri\u00f3 la ma\u00f1ana de este lunes en la carretera federal&nbsp;<strong>Atlacomulco\u2013Maravat\u00edo<\/strong>&nbsp;(zona industrial).<\/p>\n\n\n\n<blockquote class=\"wp-block-quote is-layout-flow wp-block-quote-is-layout-flow\">\n<p>\u201cTenemos un total de 41 lesionados, de los cuales cuatro son de la primera prioridad, 16 de la segunda y 21 de la tercera prioridad (\u2026) y tenemos un n\u00famero de 10 decesos\u201d, dijo Hern\u00e1ndez al canal de televisi\u00f3n Milenio, tras el levantamiento de hechos de la Fiscal\u00eda General de Justicia del estado.<\/p>\n<\/blockquote>\n\n\n\n<p>obre el estado de los heridos, explic\u00f3 que dos fueron trasladados por el grupo de&nbsp;<strong>rescate<\/strong>&nbsp;\u2018<strong>Rel\u00e1mpagos<\/strong>\u2019 al hospital&nbsp;<strong>Adolfo L\u00f3pez Mateos<\/strong>, ubicado en la ciudad de Toluca, mientras que otros se encuentran en cl\u00ednicas de los municipios de&nbsp;<strong>Atlacomulco, Ixtlahuaca y Jocotitl\u00e1n<\/strong>.<\/p>\n\n\n\n<p>Tambi\u00e9n comunic\u00f3 que la empresa ferroviaria&nbsp;<strong>Canadian Pacific Kansas City (CPKC en M\u00e9xico)<\/strong>&nbsp;\u201cya est\u00e1 haciendo lo propio para liberar la v\u00eda y establecer la circulaci\u00f3n\u201d, y confirm\u00f3 que el autob\u00fas de la l\u00ednea&nbsp;<strong>Herradura de Plata<\/strong>&nbsp;transportaba 51 pasajeros.<\/p>\n\n\n\n<p>En cuanto al&nbsp;<strong>conductor del autob\u00fas<\/strong>, anunci\u00f3 que est\u00e1 detenido y agreg\u00f3 que es un asunto que la autoridad responsable tendr\u00e1 que resolver.<\/p>\n\n\n\n<p>La compa\u00f1\u00eda hizo un llamado a la\u00a0<strong>poblaci\u00f3n, conductores y choferes<\/strong>\u00a0a respetar los se\u00f1alamientos y a cumplir la orden de alto total en los cruces de ferrocarril para evitar estas lamentables situaciones.<\/p>\n\n\n\n<p>El accidente fue divulgado este lunes en redes sociales tras la circulaci\u00f3n de un\u00a0<strong>video<\/strong>\u00a0en el que se observ\u00f3 a varias personas que intentaron ayudar a salir por el techo del\u00a0<strong>autob\u00fas a los pasajeros<\/strong>\u00a0atrapados, mientras que otros m\u00e1s se encuentran en el suelo.<\/p>\n\n\n\n<figure class=\"wp-block-image size-large\"><img loading=\"lazy\" decoding=\"async\" width=\"1024\" height=\"650\" src=\"https:\/\/elregionaldigital.info\/wp-content\/uploads\/2025\/09\/image-1-1024x650.png\" alt=\"\" class=\"wp-image-5023\" srcset=\"https:\/\/elregionaldigital.info\/wp-content\/uploads\/2025\/09\/image-1-1024x650.png 1024w, https:\/\/elregionaldigital.info\/wp-content\/uploads\/2025\/09\/image-1-300x190.png 300w, https:\/\/elregionaldigital.info\/wp-content\/uploads\/2025\/09\/image-1-768x487.png 768w, https:\/\/elregionaldigital.info\/wp-content\/uploads\/2025\/09\/image-1-1536x974.png 1536w, https:\/\/elregionaldigital.info\/wp-content\/uploads\/2025\/09\/image-1.png 1920w\" sizes=\"auto, (max-width: 1024px) 100vw, 1024px\" \/><\/figure>\n","protected":false},"excerpt":{"rendered":"<p>septiembre 8, 2025El n\u00famero de muertos por el choque de un&nbsp;ferrocarril&nbsp;con un autob\u00fas de pasajeros de doble piso subi\u00f3 de ocho a diez, inform\u00f3 este lunes el coordinador general de&nbsp;Protecci\u00f3n Civil del Estado de M\u00e9xico, Adri\u00e1n Hern\u00e1ndez Romero. El accidente ocurri\u00f3 la ma\u00f1ana de este lunes en la carretera federal&nbsp;Atlacomulco\u2013Maravat\u00edo&nbsp;(zona industrial). \u201cTenemos un total de [&hellip;]<\/p>\n","protected":false},"author":1,"featured_media":5022,"comment_status":"open","ping_status":"open","sticky":false,"template":"","format":"standard","meta":{"footnotes":""},"categories":[5],"tags":[],"class_list":["post-5021","post","type-post","status-publish","format-standard","has-post-thumbnail","hentry","category-nacional"],"blog_post_layout_featured_media_urls":{"thumbnail":["https:\/\/elregionaldigital.info\/wp-content\/uploads\/2025\/09\/36b8960be76a771d9e4fed0db0070faec970a44bw-150x150.jpg",150,150,true],"full":["https:\/\/elregionaldigital.info\/wp-content\/uploads\/2025\/09\/36b8960be76a771d9e4fed0db0070faec970a44bw.jpg",1920,1218,false]},"categories_names":{"5":{"name":"Nacional","link":"https:\/\/elregionaldigital.info\/?cat=5"}},"tags_names":[],"comments_number":"0","wpmagazine_modules_lite_featured_media_urls":{"thumbnail":["https:\/\/elregionaldigital.info\/wp-content\/uploads\/2025\/09\/36b8960be76a771d9e4fed0db0070faec970a44bw-150x150.jpg",150,150,true],"cvmm-medium":["https:\/\/elregionaldigital.info\/wp-content\/uploads\/2025\/09\/36b8960be76a771d9e4fed0db0070faec970a44bw-300x300.jpg",300,300,true],"cvmm-medium-plus":["https:\/\/elregionaldigital.info\/wp-content\/uploads\/2025\/09\/36b8960be76a771d9e4fed0db0070faec970a44bw-305x207.jpg",305,207,true],"cvmm-portrait":["https:\/\/elregionaldigital.info\/wp-content\/uploads\/2025\/09\/36b8960be76a771d9e4fed0db0070faec970a44bw-400x600.jpg",400,600,true],"cvmm-medium-square":["https:\/\/elregionaldigital.info\/wp-content\/uploads\/2025\/09\/36b8960be76a771d9e4fed0db0070faec970a44bw-600x600.jpg",600,600,true],"cvmm-large":["https:\/\/elregionaldigital.info\/wp-content\/uploads\/2025\/09\/36b8960be76a771d9e4fed0db0070faec970a44bw-1024x1024.jpg",1024,1024,true],"cvmm-small":["https:\/\/elregionaldigital.info\/wp-content\/uploads\/2025\/09\/36b8960be76a771d9e4fed0db0070faec970a44bw-130x95.jpg",130,95,true],"full":["https:\/\/elregionaldigital.info\/wp-content\/uploads\/2025\/09\/36b8960be76a771d9e4fed0db0070faec970a44bw.jpg",1920,1218,false]},"_links":{"self":[{"href":"https:\/\/elregionaldigital.info\/index.php?rest_route=\/wp\/v2\/posts\/5021","targetHints":{"allow":["GET"]}}],"collection":[{"href":"https:\/\/elregionaldigital.info\/index.php?rest_route=\/wp\/v2\/posts"}],"about":[{"href":"https:\/\/elregionaldigital.info\/index.php?rest_route=\/wp\/v2\/types\/post"}],"author":[{"embeddable":true,"href":"https:\/\/elregionaldigital.info\/index.php?rest_route=\/wp\/v2\/users\/1"}],"replies":[{"embeddable":true,"href":"https:\/\/elregionaldigital.info\/index.php?rest_route=%2Fwp%2Fv2%2Fcomments&post=5021"}],"version-history":[{"count":1,"href":"https:\/\/elregionaldigital.info\/index.php?rest_route=\/wp\/v2\/posts\/5021\/revisions"}],"predecessor-version":[{"id":5024,"href":"https:\/\/elregionaldigital.info\/index.php?rest_route=\/wp\/v2\/posts\/5021\/revisions\/5024"}],"wp:featuredmedia":[{"embeddable":true,"href":"https:\/\/elregionaldigital.info\/index.php?rest_route=\/wp\/v2\/media\/5022"}],"wp:attachment":[{"href":"https:\/\/elregionaldigital.info\/index.php?rest_route=%2Fwp%2Fv2%2Fmedia&parent=5021"}],"wp:term":[{"taxonomy":"category","embeddable":true,"href":"https:\/\/elregionaldigital.info\/index.php?rest_route=%2Fwp%2Fv2%2Fcategories&post=5021"},{"taxonomy":"post_tag","embeddable":true,"href":"https:\/\/elregionaldigital.info\/index.php?rest_route=%2Fwp%2Fv2%2Ftags&post=5021"}],"curies":[{"name":"wp","href":"https:\/\/api.w.org\/{rel}","templated":true}]}}