{"id":5017,"date":"2025-09-11T15:29:21","date_gmt":"2025-09-11T15:29:21","guid":{"rendered":"https:\/\/elregionaldigital.info\/?p=5017"},"modified":"2025-09-11T15:29:22","modified_gmt":"2025-09-11T15:29:22","slug":"atacan-a-jose-luis-corrales-secretario-de-seguridad-de-amozoc-puebla","status":"publish","type":"post","link":"https:\/\/elregionaldigital.info\/?p=5017","title":{"rendered":"Atacan a Jos\u00e9 Luis Corrales, secretario de Seguridad de Amozoc, Puebla"},"content":{"rendered":"\n<p>septiembre 11, 2025<\/p>\n\n\n\n<p><strong>Jos\u00e9 Luis Corrales Serrano<\/strong>, secretario de Seguridad P\u00fablica de&nbsp;<strong>Amozoc, Puebla<\/strong>, fue&nbsp;<strong>atacado a balazos<\/strong>&nbsp;la tarde del mi\u00e9rcoles 10 de septiembre de 2025.<\/p>\n\n\n\n<p>Medios locales detallaron que el ataque armado ocurri\u00f3 en el&nbsp;<strong>Barrio de San Miguel&nbsp;<\/strong>de dicho municipio poblando, justo en las inmediaciones del Centro de Salud con Servicios Ampliados (CESSA), lo cual oblig\u00f3 a una fuerte movilizaci\u00f3n por parte de agentes policiacos.<\/p>\n\n\n\n<p>El titular de Seguridad de Amozoc fue herido y trasladado de emergencia a un hospital de la capital poblana, donde su estado de salud se reporta como reservado.<\/p>\n\n\n\n<p>La&nbsp;<strong>Secretar\u00eda de Seguridad P\u00fablica de Puebla<\/strong>&nbsp;indic\u00f3 en un comunicado que llevo a cabo en la zona un fuerte operativo conjunto entre la Polic\u00eda de Amozoc y elementos de la Secretar\u00eda de Marina, &nbsp;durante el cual fue repelida&nbsp;la agresi\u00f3n&nbsp;por parte de&nbsp;civiles&nbsp;armados.<\/p>\n\n\n\n<p>\u201cDerivado del ataque, el titular de la dependencia municipal result\u00f3 lesionado por proyectil de arma de fuego, por lo que de inmediato fue trasladado a un nosocomio para recibir atenci\u00f3n m\u00e9dica\u201d, se lee en el bolet\u00edn de prensa.<\/p>\n\n\n\n<p>\u201cDe igual manera, se reporta un masculino sin signos vitales, el cual aparentemente estaba involucrado en este suceso\u201d, se\u00f1al\u00f3.<\/p>\n\n\n\n<p>Elementos de la Fiscal\u00eda de Puebla llevaron a cabo las investigaciones pertinentes en el Barrio de San Miguel.<\/p>\n\n\n\n<figure class=\"wp-block-image size-large\"><img loading=\"lazy\" decoding=\"async\" width=\"1024\" height=\"683\" src=\"https:\/\/elregionaldigital.info\/wp-content\/uploads\/2025\/09\/image-1024x683.png\" alt=\"\" class=\"wp-image-5018\" srcset=\"https:\/\/elregionaldigital.info\/wp-content\/uploads\/2025\/09\/image-1024x683.png 1024w, https:\/\/elregionaldigital.info\/wp-content\/uploads\/2025\/09\/image-300x200.png 300w, https:\/\/elregionaldigital.info\/wp-content\/uploads\/2025\/09\/image-768x512.png 768w, https:\/\/elregionaldigital.info\/wp-content\/uploads\/2025\/09\/image-1536x1024.png 1536w, https:\/\/elregionaldigital.info\/wp-content\/uploads\/2025\/09\/image.png 1920w\" sizes=\"auto, (max-width: 1024px) 100vw, 1024px\" \/><\/figure>\n","protected":false},"excerpt":{"rendered":"<p>septiembre 11, 2025 Jos\u00e9 Luis Corrales Serrano, secretario de Seguridad P\u00fablica de&nbsp;Amozoc, Puebla, fue&nbsp;atacado a balazos&nbsp;la tarde del mi\u00e9rcoles 10 de septiembre de 2025. Medios locales detallaron que el ataque armado ocurri\u00f3 en el&nbsp;Barrio de San Miguel&nbsp;de dicho municipio poblando, justo en las inmediaciones del Centro de Salud con Servicios Ampliados (CESSA), lo cual oblig\u00f3 [&hellip;]<\/p>\n","protected":false},"author":1,"featured_media":5019,"comment_status":"open","ping_status":"open","sticky":false,"template":"","format":"standard","meta":{"footnotes":""},"categories":[5],"tags":[],"class_list":["post-5017","post","type-post","status-publish","format-standard","has-post-thumbnail","hentry","category-nacional"],"blog_post_layout_featured_media_urls":{"thumbnail":["https:\/\/elregionaldigital.info\/wp-content\/uploads\/2025\/09\/jose-luis-corrales-seguridad-amozoc-puebla-150x150.jpg",150,150,true],"full":["https:\/\/elregionaldigital.info\/wp-content\/uploads\/2025\/09\/jose-luis-corrales-seguridad-amozoc-puebla.jpg",1920,1280,false]},"categories_names":{"5":{"name":"Nacional","link":"https:\/\/elregionaldigital.info\/?cat=5"}},"tags_names":[],"comments_number":"0","wpmagazine_modules_lite_featured_media_urls":{"thumbnail":["https:\/\/elregionaldigital.info\/wp-content\/uploads\/2025\/09\/jose-luis-corrales-seguridad-amozoc-puebla-150x150.jpg",150,150,true],"cvmm-medium":["https:\/\/elregionaldigital.info\/wp-content\/uploads\/2025\/09\/jose-luis-corrales-seguridad-amozoc-puebla-300x300.jpg",300,300,true],"cvmm-medium-plus":["https:\/\/elregionaldigital.info\/wp-content\/uploads\/2025\/09\/jose-luis-corrales-seguridad-amozoc-puebla-305x207.jpg",305,207,true],"cvmm-portrait":["https:\/\/elregionaldigital.info\/wp-content\/uploads\/2025\/09\/jose-luis-corrales-seguridad-amozoc-puebla-400x600.jpg",400,600,true],"cvmm-medium-square":["https:\/\/elregionaldigital.info\/wp-content\/uploads\/2025\/09\/jose-luis-corrales-seguridad-amozoc-puebla-600x600.jpg",600,600,true],"cvmm-large":["https:\/\/elregionaldigital.info\/wp-content\/uploads\/2025\/09\/jose-luis-corrales-seguridad-amozoc-puebla-1024x1024.jpg",1024,1024,true],"cvmm-small":["https:\/\/elregionaldigital.info\/wp-content\/uploads\/2025\/09\/jose-luis-corrales-seguridad-amozoc-puebla-130x95.jpg",130,95,true],"full":["https:\/\/elregionaldigital.info\/wp-content\/uploads\/2025\/09\/jose-luis-corrales-seguridad-amozoc-puebla.jpg",1920,1280,false]},"_links":{"self":[{"href":"https:\/\/elregionaldigital.info\/index.php?rest_route=\/wp\/v2\/posts\/5017","targetHints":{"allow":["GET"]}}],"collection":[{"href":"https:\/\/elregionaldigital.info\/index.php?rest_route=\/wp\/v2\/posts"}],"about":[{"href":"https:\/\/elregionaldigital.info\/index.php?rest_route=\/wp\/v2\/types\/post"}],"author":[{"embeddable":true,"href":"https:\/\/elregionaldigital.info\/index.php?rest_route=\/wp\/v2\/users\/1"}],"replies":[{"embeddable":true,"href":"https:\/\/elregionaldigital.info\/index.php?rest_route=%2Fwp%2Fv2%2Fcomments&post=5017"}],"version-history":[{"count":1,"href":"https:\/\/elregionaldigital.info\/index.php?rest_route=\/wp\/v2\/posts\/5017\/revisions"}],"predecessor-version":[{"id":5020,"href":"https:\/\/elregionaldigital.info\/index.php?rest_route=\/wp\/v2\/posts\/5017\/revisions\/5020"}],"wp:featuredmedia":[{"embeddable":true,"href":"https:\/\/elregionaldigital.info\/index.php?rest_route=\/wp\/v2\/media\/5019"}],"wp:attachment":[{"href":"https:\/\/elregionaldigital.info\/index.php?rest_route=%2Fwp%2Fv2%2Fmedia&parent=5017"}],"wp:term":[{"taxonomy":"category","embeddable":true,"href":"https:\/\/elregionaldigital.info\/index.php?rest_route=%2Fwp%2Fv2%2Fcategories&post=5017"},{"taxonomy":"post_tag","embeddable":true,"href":"https:\/\/elregionaldigital.info\/index.php?rest_route=%2Fwp%2Fv2%2Ftags&post=5017"}],"curies":[{"name":"wp","href":"https:\/\/api.w.org\/{rel}","templated":true}]}}