{"id":4944,"date":"2025-08-22T15:21:31","date_gmt":"2025-08-22T15:21:31","guid":{"rendered":"https:\/\/elregionaldigital.info\/?p=4944"},"modified":"2025-08-25T15:22:37","modified_gmt":"2025-08-25T15:22:37","slug":"inicia-el-campeon-con-triunfo","status":"publish","type":"post","link":"https:\/\/elregionaldigital.info\/?p=4944","title":{"rendered":"Inicia el campe\u00f3n con triunfo"},"content":{"rendered":"\n<p>22 de agosto del 2025<\/p>\n\n\n\n<p><strong>&#8220;<\/strong>&nbsp;Correcaminos de la Universidad Aut\u00f3noma de Tamaulipas inici\u00f3 el Torneo 2025-2026 de la Liga Premier con el pie derecho, tras vencer por 1-0 a Lobos ULMX en el partido disputado este viernes 22 de agosto, dentro de la \u201cprimera vuelta&#8221; en el Estadio Eugenio Alvizo Porras.&nbsp;<strong>&#8220;<\/strong><\/p>\n\n\n\n<p>\u200b<\/p>\n\n\n\n<p>Ciudad Victoria, Tam.; 22 de agosto de 2025.<\/p>\n\n\n\n<p>El equipo dirigido por Jorge Dimas inici\u00f3 con intensidad su participaci\u00f3n en esta campa\u00f1a, haciendo valer la local\u00eda realizando un gran futbol en cada minuto del partido, en busca del triunfo.<\/p>\n\n\n\n<p>En la primera mitad, el marcador fue de 0-0.<\/p>\n\n\n\n<p>Para la parte complementaria, el futbolista victorense Luis Requena abri\u00f3 el marcador para la Universidad Aut\u00f3noma de Tamaulipas al minuto 52&#8242;.<\/p>\n\n\n\n<p>Con la gran victoria, Correcaminos suma sus primeros tres puntos de la temporada.<\/p>\n\n\n\n<p>Para la pr\u00f3xima jornada, visitar\u00e1n a Halcones FC, este s\u00e1bado 30 de agosto a las 16:00 horas en la Unidad Deportiva Hermanos L\u00f3pez Ray\u00f3n de Uruapan, Michoac\u00e1n, en lo que ser\u00e1 la fecha dos de la primera vuelta del Torneo 2025-2026 de la Liga Premier.<\/p>\n\n\n\n<p>El once inicial de Correcaminos:<\/p>\n\n\n\n<p>84- Miguel Mart\u00ednez.<\/p>\n\n\n\n<p>83- Antouan Hern\u00e1ndez.<\/p>\n\n\n\n<p>85- Gianni Rubli.<\/p>\n\n\n\n<p>93- Luis Requena.<\/p>\n\n\n\n<p>94- Emilio L\u00f3pez.<\/p>\n\n\n\n<p>97- Julio Flores.<\/p>\n\n\n\n<p>99- Luis Garc\u00eda.<\/p>\n\n\n\n<p>101- Danilo Rinc\u00f3n.<\/p>\n\n\n\n<p>102- Leonardo D\u00e1vila.<\/p>\n\n\n\n<p>106- Servando Aguilar.<\/p>\n\n\n\n<p>107- Francisco Negrete.\u200b<\/p>\n\n\n\n<figure class=\"wp-block-image\"><img decoding=\"async\" src=\"https:\/\/www.uat.edu.mx\/noticias\/PublishingImages\/2024\/05\/2_EQO958.jpg\" alt=\"\"\/><\/figure>\n","protected":false},"excerpt":{"rendered":"<p>22 de agosto del 2025 &#8220;&nbsp;Correcaminos de la Universidad Aut\u00f3noma de Tamaulipas inici\u00f3 el Torneo 2025-2026 de la Liga Premier con el pie derecho, tras vencer por 1-0 a Lobos ULMX en el partido disputado este viernes 22 de agosto, dentro de la \u201cprimera vuelta&#8221; en el Estadio Eugenio Alvizo Porras.&nbsp;&#8220; \u200b Ciudad Victoria, Tam.; [&hellip;]<\/p>\n","protected":false},"author":1,"featured_media":4945,"comment_status":"open","ping_status":"open","sticky":false,"template":"","format":"standard","meta":{"footnotes":""},"categories":[6,4],"tags":[],"class_list":["post-4944","post","type-post","status-publish","format-standard","has-post-thumbnail","hentry","category-deportes","category-universidades"],"blog_post_layout_featured_media_urls":{"thumbnail":["https:\/\/elregionaldigital.info\/wp-content\/uploads\/2025\/08\/1_EQO958-9-150x150.jpg",150,150,true],"full":["https:\/\/elregionaldigital.info\/wp-content\/uploads\/2025\/08\/1_EQO958-9.jpg",900,599,false]},"categories_names":{"6":{"name":"Deportes","link":"https:\/\/elregionaldigital.info\/?cat=6"},"4":{"name":"Universidades","link":"https:\/\/elregionaldigital.info\/?cat=4"}},"tags_names":[],"comments_number":"0","wpmagazine_modules_lite_featured_media_urls":{"thumbnail":["https:\/\/elregionaldigital.info\/wp-content\/uploads\/2025\/08\/1_EQO958-9-150x150.jpg",150,150,true],"cvmm-medium":["https:\/\/elregionaldigital.info\/wp-content\/uploads\/2025\/08\/1_EQO958-9-300x300.jpg",300,300,true],"cvmm-medium-plus":["https:\/\/elregionaldigital.info\/wp-content\/uploads\/2025\/08\/1_EQO958-9-305x207.jpg",305,207,true],"cvmm-portrait":["https:\/\/elregionaldigital.info\/wp-content\/uploads\/2025\/08\/1_EQO958-9-400x599.jpg",400,599,true],"cvmm-medium-square":["https:\/\/elregionaldigital.info\/wp-content\/uploads\/2025\/08\/1_EQO958-9-600x599.jpg",600,599,true],"cvmm-large":["https:\/\/elregionaldigital.info\/wp-content\/uploads\/2025\/08\/1_EQO958-9.jpg",900,599,false],"cvmm-small":["https:\/\/elregionaldigital.info\/wp-content\/uploads\/2025\/08\/1_EQO958-9-130x95.jpg",130,95,true],"full":["https:\/\/elregionaldigital.info\/wp-content\/uploads\/2025\/08\/1_EQO958-9.jpg",900,599,false]},"_links":{"self":[{"href":"https:\/\/elregionaldigital.info\/index.php?rest_route=\/wp\/v2\/posts\/4944","targetHints":{"allow":["GET"]}}],"collection":[{"href":"https:\/\/elregionaldigital.info\/index.php?rest_route=\/wp\/v2\/posts"}],"about":[{"href":"https:\/\/elregionaldigital.info\/index.php?rest_route=\/wp\/v2\/types\/post"}],"author":[{"embeddable":true,"href":"https:\/\/elregionaldigital.info\/index.php?rest_route=\/wp\/v2\/users\/1"}],"replies":[{"embeddable":true,"href":"https:\/\/elregionaldigital.info\/index.php?rest_route=%2Fwp%2Fv2%2Fcomments&post=4944"}],"version-history":[{"count":1,"href":"https:\/\/elregionaldigital.info\/index.php?rest_route=\/wp\/v2\/posts\/4944\/revisions"}],"predecessor-version":[{"id":4946,"href":"https:\/\/elregionaldigital.info\/index.php?rest_route=\/wp\/v2\/posts\/4944\/revisions\/4946"}],"wp:featuredmedia":[{"embeddable":true,"href":"https:\/\/elregionaldigital.info\/index.php?rest_route=\/wp\/v2\/media\/4945"}],"wp:attachment":[{"href":"https:\/\/elregionaldigital.info\/index.php?rest_route=%2Fwp%2Fv2%2Fmedia&parent=4944"}],"wp:term":[{"taxonomy":"category","embeddable":true,"href":"https:\/\/elregionaldigital.info\/index.php?rest_route=%2Fwp%2Fv2%2Fcategories&post=4944"},{"taxonomy":"post_tag","embeddable":true,"href":"https:\/\/elregionaldigital.info\/index.php?rest_route=%2Fwp%2Fv2%2Ftags&post=4944"}],"curies":[{"name":"wp","href":"https:\/\/api.w.org\/{rel}","templated":true}]}}