{"id":4903,"date":"2025-08-09T00:15:15","date_gmt":"2025-08-09T00:15:15","guid":{"rendered":"https:\/\/elregionaldigital.info\/?p=4903"},"modified":"2025-08-14T00:16:08","modified_gmt":"2025-08-14T00:16:08","slug":"lanza-la-uat-convocatoria-para-la-publicacion-de-libros-digitales","status":"publish","type":"post","link":"https:\/\/elregionaldigital.info\/?p=4903","title":{"rendered":"Lanza la UAT convocatoria para la publicaci\u00f3n de libros digitales"},"content":{"rendered":"\n<p>9 de agosto del 2025<\/p>\n\n\n\n<p><strong>&#8220;<\/strong>&nbsp;La Universidad Aut\u00f3noma de Tamaulipas (UAT) dio a conocer la convocatoria \u201ceLibros UAT 2025&#8243;, una iniciativa dirigida a fomentar la publicaci\u00f3n digital de libros universitarios, y a fortalecer la producci\u00f3n acad\u00e9mica con sentido humanista y socialmente responsable.&nbsp;<strong>&#8220;<\/strong><\/p>\n\n\n\n<p>\u200b<\/p>\n\n\n\n<p>Ciudad Victoria, Tam.; 9 de agosto de 2025.<\/p>\n\n\n\n<p>La convocatoria est\u00e1 dirigida al personal acad\u00e9mico de la UAT, tanto de tiempo completo como de horario libre, que cuente con propuestas originales e in\u00e9ditas que contribuyan al desarrollo de las ciencias, la cultura, las artes y las humanidades.<\/p>\n\n\n\n<p>Las y los interesados deber\u00e1n enviar sus propuestas a m\u00e1s tardar el 30 de septiembre de 2025 a trav\u00e9s de la plataforma institucional: https:\/\/sipconvocatorias.uat.edu.mx\/, utilizando su cuenta de correo institucional. Cada propuesta debe estar acompa\u00f1ada del oficio de aprobaci\u00f3n del Comit\u00e9 Local de Publicaciones, un reporte de similitud, y el aval de la direcci\u00f3n de su dependencia acad\u00e9mica.<\/p>\n\n\n\n<p>Una vez recibidas, las propuestas ser\u00e1n sometidas a un proceso de dictaminaci\u00f3n que incluye la revisi\u00f3n de contenido, originalidad, pertinencia, calidad y confiabilidad de las obras. Posteriormente, se gestionar\u00e1 el tr\u00e1mite del ISBN ante el Instituto Nacional del Derecho de Autor.<\/p>\n\n\n\n<p>De acuerdo con lo establecido en la convocatoria, las obras que cumplan satisfactoriamente con las etapas del proceso ser\u00e1n programadas para su publicaci\u00f3n digital a partir del a\u00f1o 2026, y solo aquellas que sean aprobadas por el Consejo de Publicaciones podr\u00e1n ostentar el sello editorial de la UAT.<\/p>\n\n\n\n<p>Con esta acci\u00f3n, la Universidad Aut\u00f3noma de Tamaulipas refuerza su vocaci\u00f3n institucional hacia la divulgaci\u00f3n cient\u00edfica y acad\u00e9mica, al tiempo que ofrece a su planta docente herramientas para fortalecer su productividad acad\u00e9mica, incrementar su visibilidad y contribuir al acceso universal al conocimiento.<\/p>\n\n\n\n<p>Para m\u00e1s informaci\u00f3n, las personas interesadas pueden comunicarse a la Direcci\u00f3n de Investigaci\u00f3n de la Secretar\u00eda de Investigaci\u00f3n y Posgrado de la UAT al correo electr\u00f3nico cpublicaciones@uat.edu.mx, o a los tel\u00e9fonos 834 318 1800, extensiones 2905 y 2912. Tambi\u00e9n se ofrece soporte t\u00e9cnico en las extensiones 2925 y 2943, adem\u00e1s del contacto a trav\u00e9s de las redes sociales de esta dependencia universitaria.<\/p>\n\n\n\n<p>\u200b&nbsp;<\/p>\n\n\n\n<p><img decoding=\"async\" src=\"https:\/\/www.uat.edu.mx\/noticias\/PublishingImages\/2024\/05\/1%20(32)_DVZ770.jpg\"><\/p>\n\n\n\n<p>\u200b\u200b\u200b<\/p>\n\n\n\n<p><\/p>\n","protected":false},"excerpt":{"rendered":"<p>9 de agosto del 2025 &#8220;&nbsp;La Universidad Aut\u00f3noma de Tamaulipas (UAT) dio a conocer la convocatoria \u201ceLibros UAT 2025&#8243;, una iniciativa dirigida a fomentar la publicaci\u00f3n digital de libros universitarios, y a fortalecer la producci\u00f3n acad\u00e9mica con sentido humanista y socialmente responsable.&nbsp;&#8220; \u200b Ciudad Victoria, Tam.; 9 de agosto de 2025. La convocatoria est\u00e1 dirigida [&hellip;]<\/p>\n","protected":false},"author":1,"featured_media":4904,"comment_status":"open","ping_status":"open","sticky":false,"template":"","format":"standard","meta":{"footnotes":""},"categories":[4],"tags":[],"class_list":["post-4903","post","type-post","status-publish","format-standard","has-post-thumbnail","hentry","category-universidades"],"blog_post_layout_featured_media_urls":{"thumbnail":["https:\/\/elregionaldigital.info\/wp-content\/uploads\/2025\/08\/1-32_DVZ770-8-150x150.jpg",150,150,true],"full":["https:\/\/elregionaldigital.info\/wp-content\/uploads\/2025\/08\/1-32_DVZ770-8.jpg",900,600,false]},"categories_names":{"4":{"name":"Universidades","link":"https:\/\/elregionaldigital.info\/?cat=4"}},"tags_names":[],"comments_number":"0","wpmagazine_modules_lite_featured_media_urls":{"thumbnail":["https:\/\/elregionaldigital.info\/wp-content\/uploads\/2025\/08\/1-32_DVZ770-8-150x150.jpg",150,150,true],"cvmm-medium":["https:\/\/elregionaldigital.info\/wp-content\/uploads\/2025\/08\/1-32_DVZ770-8-300x300.jpg",300,300,true],"cvmm-medium-plus":["https:\/\/elregionaldigital.info\/wp-content\/uploads\/2025\/08\/1-32_DVZ770-8-305x207.jpg",305,207,true],"cvmm-portrait":["https:\/\/elregionaldigital.info\/wp-content\/uploads\/2025\/08\/1-32_DVZ770-8-400x600.jpg",400,600,true],"cvmm-medium-square":["https:\/\/elregionaldigital.info\/wp-content\/uploads\/2025\/08\/1-32_DVZ770-8-600x600.jpg",600,600,true],"cvmm-large":["https:\/\/elregionaldigital.info\/wp-content\/uploads\/2025\/08\/1-32_DVZ770-8.jpg",900,600,false],"cvmm-small":["https:\/\/elregionaldigital.info\/wp-content\/uploads\/2025\/08\/1-32_DVZ770-8-130x95.jpg",130,95,true],"full":["https:\/\/elregionaldigital.info\/wp-content\/uploads\/2025\/08\/1-32_DVZ770-8.jpg",900,600,false]},"_links":{"self":[{"href":"https:\/\/elregionaldigital.info\/index.php?rest_route=\/wp\/v2\/posts\/4903","targetHints":{"allow":["GET"]}}],"collection":[{"href":"https:\/\/elregionaldigital.info\/index.php?rest_route=\/wp\/v2\/posts"}],"about":[{"href":"https:\/\/elregionaldigital.info\/index.php?rest_route=\/wp\/v2\/types\/post"}],"author":[{"embeddable":true,"href":"https:\/\/elregionaldigital.info\/index.php?rest_route=\/wp\/v2\/users\/1"}],"replies":[{"embeddable":true,"href":"https:\/\/elregionaldigital.info\/index.php?rest_route=%2Fwp%2Fv2%2Fcomments&post=4903"}],"version-history":[{"count":1,"href":"https:\/\/elregionaldigital.info\/index.php?rest_route=\/wp\/v2\/posts\/4903\/revisions"}],"predecessor-version":[{"id":4905,"href":"https:\/\/elregionaldigital.info\/index.php?rest_route=\/wp\/v2\/posts\/4903\/revisions\/4905"}],"wp:featuredmedia":[{"embeddable":true,"href":"https:\/\/elregionaldigital.info\/index.php?rest_route=\/wp\/v2\/media\/4904"}],"wp:attachment":[{"href":"https:\/\/elregionaldigital.info\/index.php?rest_route=%2Fwp%2Fv2%2Fmedia&parent=4903"}],"wp:term":[{"taxonomy":"category","embeddable":true,"href":"https:\/\/elregionaldigital.info\/index.php?rest_route=%2Fwp%2Fv2%2Fcategories&post=4903"},{"taxonomy":"post_tag","embeddable":true,"href":"https:\/\/elregionaldigital.info\/index.php?rest_route=%2Fwp%2Fv2%2Ftags&post=4903"}],"curies":[{"name":"wp","href":"https:\/\/api.w.org\/{rel}","templated":true}]}}