{"id":4900,"date":"2025-08-08T00:14:17","date_gmt":"2025-08-08T00:14:17","guid":{"rendered":"https:\/\/elregionaldigital.info\/?p=4900"},"modified":"2025-08-14T00:15:12","modified_gmt":"2025-08-14T00:15:12","slug":"invita-la-uat-a-participar-en-el-encuentro-nacional-de-biocombustibles","status":"publish","type":"post","link":"https:\/\/elregionaldigital.info\/?p=4900","title":{"rendered":"Invita la UAT a participar en el encuentro nacional de biocombustibles"},"content":{"rendered":"\n<p>8 de agosto del 2025<\/p>\n\n\n\n<p><strong>&#8220;<\/strong>&nbsp;La Universidad Aut\u00f3noma de Tamaulipas (UAT), a trav\u00e9s de su Instituto de Energ\u00eda, y la Secretar\u00eda de Desarrollo Energ\u00e9tico del Gobierno de Tamaulipas, llevar\u00e1n a cabo el Encuentro Nacional de Biocombustibles y sus Mezclas 2025, los d\u00edas 4 y 5 de septiembre, en las instalaciones del Campus Tampico.&nbsp;<strong>&#8220;<\/strong><\/p>\n\n\n\n<p>\u200b<\/p>\n\n\n\n<p>Ciudad Victoria, Tam., 8 de agosto de 2025.<\/p>\n\n\n\n<p>Este encuentro est\u00e1 dirigido a la iniciativa privada, a la comunidad estudiantil y la ciudadan\u00eda en general, para que conozcan el futuro de los biocombustibles en nuestro estado.<\/p>\n\n\n\n<p>Con ese motivo, las instituciones organizadoras hacen extensiva la invitaci\u00f3n para asistir y participar en este evento que tiene como objetivo visibilizar soluciones tecnol\u00f3gicas, analizar modelos de negocio innovadores y revisar proyectos exitosos en materia de biocombustibles y bioenerg\u00e9ticos, con miras a promover el desarrollo sostenible del sector energ\u00e9tico en Tamaulipas y en el pa\u00eds.<\/p>\n\n\n\n<p>Participan tambi\u00e9n como aliados estrat\u00e9gicos el Instituto Mexicano del Petr\u00f3leo, la Secretar\u00eda de Agricultura y Desarrollo Rural (SADER), el Comit\u00e9 Nacional para el Desarrollo Sustentable de la Ca\u00f1a de Az\u00facar y la plataforma CNBIOGAS.<\/p>\n\n\n\n<p>Se espera la asistencia de m\u00e1s de 300 representantes de los sectores p\u00fablico, privado y social involucrados en el desarrollo de energ\u00edas alternativas, as\u00ed como acad\u00e9micos, estudiantes, investigadores, empresas e instituciones interesadas en proyectos y modelos de negocio sustentables.<\/p>\n\n\n\n<p>El primer d\u00eda de actividades incluye tres conferencias magistrales, dos paneles tem\u00e1ticos y una serie de talleres enfocados en procesos innovadores y sostenibles dentro del sector. El segundo d\u00eda ofrecer\u00e1 la continuidad de los paneles, espacios colaborativos y una sesi\u00f3n de conclusiones, con el prop\u00f3sito de consolidar estrategias conjuntas para el fortalecimiento de los biocombustibles en M\u00e9xico.<\/p>\n\n\n\n<p>El banner informativo y el enlace de registro de asistencia est\u00e1 publicado en la p\u00e1gina de Facebook de la Secretar\u00eda de Desarrollo Energ\u00e9tico de Tamaulipas. Para m\u00e1s informaci\u00f3n, comunicarse al tel\u00e9fono 834-318-9354 Ext. 56707 o al 55-4348-5214, as\u00ed como al correo electr\u00f3nico matilde.aleman@tamaulipas.gob.mx.<\/p>\n\n\n\n<p>\u200b&nbsp;<\/p>\n\n\n\n<figure class=\"wp-block-image\"><img decoding=\"async\" src=\"https:\/\/www.uat.edu.mx\/noticias\/PublishingImages\/2024\/05\/foto%201%20combustibles%2008%2008%202025_GVY091.jpg\" alt=\"\"\/><\/figure>\n","protected":false},"excerpt":{"rendered":"<p>8 de agosto del 2025 &#8220;&nbsp;La Universidad Aut\u00f3noma de Tamaulipas (UAT), a trav\u00e9s de su Instituto de Energ\u00eda, y la Secretar\u00eda de Desarrollo Energ\u00e9tico del Gobierno de Tamaulipas, llevar\u00e1n a cabo el Encuentro Nacional de Biocombustibles y sus Mezclas 2025, los d\u00edas 4 y 5 de septiembre, en las instalaciones del Campus Tampico.&nbsp;&#8220; \u200b Ciudad [&hellip;]<\/p>\n","protected":false},"author":1,"featured_media":4901,"comment_status":"open","ping_status":"open","sticky":false,"template":"","format":"standard","meta":{"footnotes":""},"categories":[4],"tags":[],"class_list":["post-4900","post","type-post","status-publish","format-standard","has-post-thumbnail","hentry","category-universidades"],"blog_post_layout_featured_media_urls":{"thumbnail":["https:\/\/elregionaldigital.info\/wp-content\/uploads\/2025\/08\/foto-1-combustibles-08-08-2025_GVY091-10-150x150.jpg",150,150,true],"full":["https:\/\/elregionaldigital.info\/wp-content\/uploads\/2025\/08\/foto-1-combustibles-08-08-2025_GVY091-10.jpg",900,600,false]},"categories_names":{"4":{"name":"Universidades","link":"https:\/\/elregionaldigital.info\/?cat=4"}},"tags_names":[],"comments_number":"0","wpmagazine_modules_lite_featured_media_urls":{"thumbnail":["https:\/\/elregionaldigital.info\/wp-content\/uploads\/2025\/08\/foto-1-combustibles-08-08-2025_GVY091-10-150x150.jpg",150,150,true],"cvmm-medium":["https:\/\/elregionaldigital.info\/wp-content\/uploads\/2025\/08\/foto-1-combustibles-08-08-2025_GVY091-10-300x300.jpg",300,300,true],"cvmm-medium-plus":["https:\/\/elregionaldigital.info\/wp-content\/uploads\/2025\/08\/foto-1-combustibles-08-08-2025_GVY091-10-305x207.jpg",305,207,true],"cvmm-portrait":["https:\/\/elregionaldigital.info\/wp-content\/uploads\/2025\/08\/foto-1-combustibles-08-08-2025_GVY091-10-400x600.jpg",400,600,true],"cvmm-medium-square":["https:\/\/elregionaldigital.info\/wp-content\/uploads\/2025\/08\/foto-1-combustibles-08-08-2025_GVY091-10-600x600.jpg",600,600,true],"cvmm-large":["https:\/\/elregionaldigital.info\/wp-content\/uploads\/2025\/08\/foto-1-combustibles-08-08-2025_GVY091-10.jpg",900,600,false],"cvmm-small":["https:\/\/elregionaldigital.info\/wp-content\/uploads\/2025\/08\/foto-1-combustibles-08-08-2025_GVY091-10-130x95.jpg",130,95,true],"full":["https:\/\/elregionaldigital.info\/wp-content\/uploads\/2025\/08\/foto-1-combustibles-08-08-2025_GVY091-10.jpg",900,600,false]},"_links":{"self":[{"href":"https:\/\/elregionaldigital.info\/index.php?rest_route=\/wp\/v2\/posts\/4900","targetHints":{"allow":["GET"]}}],"collection":[{"href":"https:\/\/elregionaldigital.info\/index.php?rest_route=\/wp\/v2\/posts"}],"about":[{"href":"https:\/\/elregionaldigital.info\/index.php?rest_route=\/wp\/v2\/types\/post"}],"author":[{"embeddable":true,"href":"https:\/\/elregionaldigital.info\/index.php?rest_route=\/wp\/v2\/users\/1"}],"replies":[{"embeddable":true,"href":"https:\/\/elregionaldigital.info\/index.php?rest_route=%2Fwp%2Fv2%2Fcomments&post=4900"}],"version-history":[{"count":1,"href":"https:\/\/elregionaldigital.info\/index.php?rest_route=\/wp\/v2\/posts\/4900\/revisions"}],"predecessor-version":[{"id":4902,"href":"https:\/\/elregionaldigital.info\/index.php?rest_route=\/wp\/v2\/posts\/4900\/revisions\/4902"}],"wp:featuredmedia":[{"embeddable":true,"href":"https:\/\/elregionaldigital.info\/index.php?rest_route=\/wp\/v2\/media\/4901"}],"wp:attachment":[{"href":"https:\/\/elregionaldigital.info\/index.php?rest_route=%2Fwp%2Fv2%2Fmedia&parent=4900"}],"wp:term":[{"taxonomy":"category","embeddable":true,"href":"https:\/\/elregionaldigital.info\/index.php?rest_route=%2Fwp%2Fv2%2Fcategories&post=4900"},{"taxonomy":"post_tag","embeddable":true,"href":"https:\/\/elregionaldigital.info\/index.php?rest_route=%2Fwp%2Fv2%2Ftags&post=4900"}],"curies":[{"name":"wp","href":"https:\/\/api.w.org\/{rel}","templated":true}]}}