{"id":4897,"date":"2025-08-07T00:13:24","date_gmt":"2025-08-07T00:13:24","guid":{"rendered":"https:\/\/elregionaldigital.info\/?p=4897"},"modified":"2025-08-14T00:14:14","modified_gmt":"2025-08-14T00:14:14","slug":"reafirma-rector-compromiso-con-la-transformacion-de-la-uat","status":"publish","type":"post","link":"https:\/\/elregionaldigital.info\/?p=4897","title":{"rendered":"Reafirma rector compromiso con la transformaci\u00f3n de la UAT"},"content":{"rendered":"\n<p>7 de agosto del 2025<\/p>\n\n\n\n<p><strong>&#8220;<\/strong>&nbsp;El rector de la Universidad Aut\u00f3noma de Tamaulipas (UAT), D\u00e1maso Anaya Alvarado, expres\u00f3 su agradecimiento a la comunidad universitaria, pues su respaldo y compromiso ha sido fundamental en los avances conseguidos por la casa de estudios para posicionarse entre las mejores instituciones de educaci\u00f3n superior del pa\u00eds.&nbsp;<strong>&#8220;<\/strong><\/p>\n\n\n\n<p>\u200b<\/p>\n\n\n\n<p>Ciudad Victoria, Tam.; 7 de agosto de 2025.<\/p>\n\n\n\n<p>En su mensaje, ante personal administrativo, directivos, funcionarios y docentes de las dependencias de la UAT, el rector destac\u00f3 el crecimiento que ha experimentado la instituci\u00f3n en t\u00e9rminos de presencia y reconocimiento, tanto en el contexto nacional, como internacional.<\/p>\n\n\n\n<p>Dijo que este avance es reflejo de un trabajo constante y coordinado entre todas las \u00e1reas que integran la Universidad, luego de resaltar que, detr\u00e1s de cada logro hay un esfuerzo colectivo que involucra a docentes comprometidos, personal administrativo eficiente, personal de apoyo dedicado y una comunidad estudiantil que responde con entusiasmo a los retos acad\u00e9micos.<\/p>\n\n\n\n<p>Puntualiz\u00f3 que los buenos resultados que hoy distinguen a la UAT se deben tambi\u00e9n a la vinculaci\u00f3n estrat\u00e9gica con actores clave del entorno externo, y, en este sentido, reconoci\u00f3 que la colaboraci\u00f3n institucional con los gobiernos estatal, federal y municipales, as\u00ed como con organizaciones del sector productivo, ha abierto nuevas oportunidades para la participaci\u00f3n de la UAT en proyectos relevantes para el desarrollo regional.<\/p>\n\n\n\n<p>Reiter\u00f3 que uno de los objetivos centrales de su gesti\u00f3n es consolidar una universidad que forme mejores ciudadanos, con valores, compromiso social y preparaci\u00f3n integral, luego de enfatizar que la transformaci\u00f3n de la UAT no es un eslogan, sino una ruta de trabajo que se construye todos los d\u00edas con peque\u00f1as y grandes acciones.<\/p>\n\n\n\n<p>Puso en relieve tambi\u00e9n el compromiso de mantener una gesti\u00f3n con cercan\u00eda, apertura y di\u00e1logo, donde las ideas y propuestas que contribuyan al bienestar institucional sean escuchadas y valoradas.<\/p>\n\n\n\n<p>Acompa\u00f1ado por su esposa Isolda Rend\u00f3n de Anaya, el rector salud\u00f3 al personal y directivos con motivo de reanudar esta semana, luego del receso vacacional, las actividades administrativas en la UAT, adem\u00e1s de aprovechar para compartir la celebraci\u00f3n de su cumplea\u00f1os y estrechar los lazos de amistad y compa\u00f1erismo en un ambiente de cordialidad y cercan\u00eda.<\/p>\n\n\n\n<figure class=\"wp-block-image\"><img decoding=\"async\" src=\"https:\/\/www.uat.edu.mx\/noticias\/PublishingImages\/2024\/05\/2_RWY572.jpg\" alt=\"\"\/><\/figure>\n\n\n\n<figure class=\"wp-block-image\"><img decoding=\"async\" src=\"https:\/\/www.uat.edu.mx\/noticias\/PublishingImages\/2024\/05\/1_RWY572.jpg\" alt=\"\"\/><\/figure>\n","protected":false},"excerpt":{"rendered":"<p>7 de agosto del 2025 &#8220;&nbsp;El rector de la Universidad Aut\u00f3noma de Tamaulipas (UAT), D\u00e1maso Anaya Alvarado, expres\u00f3 su agradecimiento a la comunidad universitaria, pues su respaldo y compromiso ha sido fundamental en los avances conseguidos por la casa de estudios para posicionarse entre las mejores instituciones de educaci\u00f3n superior del pa\u00eds.&nbsp;&#8220; \u200b Ciudad Victoria, [&hellip;]<\/p>\n","protected":false},"author":1,"featured_media":4898,"comment_status":"open","ping_status":"open","sticky":false,"template":"","format":"standard","meta":{"footnotes":""},"categories":[4],"tags":[],"class_list":["post-4897","post","type-post","status-publish","format-standard","has-post-thumbnail","hentry","category-universidades"],"blog_post_layout_featured_media_urls":{"thumbnail":["https:\/\/elregionaldigital.info\/wp-content\/uploads\/2025\/08\/1_RWY572-2-150x150.jpg",150,150,true],"full":["https:\/\/elregionaldigital.info\/wp-content\/uploads\/2025\/08\/1_RWY572-2.jpg",900,599,false]},"categories_names":{"4":{"name":"Universidades","link":"https:\/\/elregionaldigital.info\/?cat=4"}},"tags_names":[],"comments_number":"0","wpmagazine_modules_lite_featured_media_urls":{"thumbnail":["https:\/\/elregionaldigital.info\/wp-content\/uploads\/2025\/08\/1_RWY572-2-150x150.jpg",150,150,true],"cvmm-medium":["https:\/\/elregionaldigital.info\/wp-content\/uploads\/2025\/08\/1_RWY572-2-300x300.jpg",300,300,true],"cvmm-medium-plus":["https:\/\/elregionaldigital.info\/wp-content\/uploads\/2025\/08\/1_RWY572-2-305x207.jpg",305,207,true],"cvmm-portrait":["https:\/\/elregionaldigital.info\/wp-content\/uploads\/2025\/08\/1_RWY572-2-400x599.jpg",400,599,true],"cvmm-medium-square":["https:\/\/elregionaldigital.info\/wp-content\/uploads\/2025\/08\/1_RWY572-2-600x599.jpg",600,599,true],"cvmm-large":["https:\/\/elregionaldigital.info\/wp-content\/uploads\/2025\/08\/1_RWY572-2.jpg",900,599,false],"cvmm-small":["https:\/\/elregionaldigital.info\/wp-content\/uploads\/2025\/08\/1_RWY572-2-130x95.jpg",130,95,true],"full":["https:\/\/elregionaldigital.info\/wp-content\/uploads\/2025\/08\/1_RWY572-2.jpg",900,599,false]},"_links":{"self":[{"href":"https:\/\/elregionaldigital.info\/index.php?rest_route=\/wp\/v2\/posts\/4897","targetHints":{"allow":["GET"]}}],"collection":[{"href":"https:\/\/elregionaldigital.info\/index.php?rest_route=\/wp\/v2\/posts"}],"about":[{"href":"https:\/\/elregionaldigital.info\/index.php?rest_route=\/wp\/v2\/types\/post"}],"author":[{"embeddable":true,"href":"https:\/\/elregionaldigital.info\/index.php?rest_route=\/wp\/v2\/users\/1"}],"replies":[{"embeddable":true,"href":"https:\/\/elregionaldigital.info\/index.php?rest_route=%2Fwp%2Fv2%2Fcomments&post=4897"}],"version-history":[{"count":1,"href":"https:\/\/elregionaldigital.info\/index.php?rest_route=\/wp\/v2\/posts\/4897\/revisions"}],"predecessor-version":[{"id":4899,"href":"https:\/\/elregionaldigital.info\/index.php?rest_route=\/wp\/v2\/posts\/4897\/revisions\/4899"}],"wp:featuredmedia":[{"embeddable":true,"href":"https:\/\/elregionaldigital.info\/index.php?rest_route=\/wp\/v2\/media\/4898"}],"wp:attachment":[{"href":"https:\/\/elregionaldigital.info\/index.php?rest_route=%2Fwp%2Fv2%2Fmedia&parent=4897"}],"wp:term":[{"taxonomy":"category","embeddable":true,"href":"https:\/\/elregionaldigital.info\/index.php?rest_route=%2Fwp%2Fv2%2Fcategories&post=4897"},{"taxonomy":"post_tag","embeddable":true,"href":"https:\/\/elregionaldigital.info\/index.php?rest_route=%2Fwp%2Fv2%2Ftags&post=4897"}],"curies":[{"name":"wp","href":"https:\/\/api.w.org\/{rel}","templated":true}]}}