{"id":4880,"date":"2025-08-03T15:07:29","date_gmt":"2025-08-03T15:07:29","guid":{"rendered":"https:\/\/elregionaldigital.info\/?p=4880"},"modified":"2025-08-04T15:08:09","modified_gmt":"2025-08-04T15:08:09","slug":"reanuda-la-uat-labor-administrativa","status":"publish","type":"post","link":"https:\/\/elregionaldigital.info\/?p=4880","title":{"rendered":"Reanuda la UAT labor administrativa"},"content":{"rendered":"\n<p>3 de agosto del 2025<\/p>\n\n\n\n<p><strong>&#8220;<\/strong>&nbsp;Las \u00e1reas de la rector\u00eda y las dependencias universitarias en todos los campus regresan este lunes a sus actividades administrativas; las clases del ciclo escolar de la UAT 2025-3 (per\u00edodo de Oto\u00f1o) dar\u00e1n inicio el pr\u00f3ximo lunes 11 de agosto.&nbsp;<strong>&#8220;<\/strong><\/p>\n\n\n\n<p>\u200b<\/p>\n\n\n\n<p>Ciudad Victoria, Tam.; 3 de agosto de 2025.<\/p>\n\n\n\n<p>Luego de concluir el per\u00edodo vacacional de verano, la Universidad Aut\u00f3noma de Tamaulipas (UAT) reanuda, este lunes 4 de agosto, las actividades administrativas en todas las oficinas dependientes de la rector\u00eda, as\u00ed como en las facultades, unidades acad\u00e9micas y escuelas con la finalidad de preparar el inicio del pr\u00f3ximo ciclo escolar universitario 2025-3.<\/p>\n\n\n\n<p>De acuerdo con el calendario escolar\/administrativo de la UAT, el periodo de inscripciones y reinscripciones se desarrollar\u00e1 del 5 al 18 de agosto; mientras que las clases comenzar\u00e1n el lunes 11 de agosto, concluyendo el pr\u00f3ximo 28 de noviembre.<\/p>\n\n\n\n<p>Asimismo, se recuerda a la comunidad estudiantil que la fecha l\u00edmite para la realizaci\u00f3n de pagos de inscripciones ser\u00e1 el 1 de septiembre de 2025, cuyo procedimiento se lleva a cabo mediante el sistema de pagos en l\u00ednea, con acceso a trav\u00e9s del portal oficial www.uat.edu.mx, sin necesidad de hacer filas en bancos u otras dependencias.<\/p>\n\n\n\n<p>De igual manera, todas las personas aspirantes que participaron en el proceso de admisi\u00f3n al periodo de oto\u00f1o deber\u00e1n mantenerse atentas a las indicaciones que emitan sus respectivas facultades y unidades acad\u00e9micas para la consulta de resultados y los tr\u00e1mites de inscripci\u00f3n a fin de integrarse en tiempo y forma a las actividades acad\u00e9micas.<\/p>\n\n\n\n<p>Cabe destacar que, en este nuevo periodo escolar, se pondr\u00e1n en marcha trece nuevos programas acad\u00e9micos que forman parte del fortalecimiento y expansi\u00f3n de la oferta educativa que impulsa el rector de la UAT, D\u00e1maso Anaya Alvarado, con carreras de alta pertinencia social y cient\u00edfica, entre las que se encuentran: Ingenier\u00eda en Ciencia de Datos e Inteligencia Artificial, Ingenier\u00eda Biom\u00e9dica, Desarrollo Sostenible, Ciencias Aplicadas al Deporte y Ejercicio, Atenci\u00f3n Profesional de la Salud y Autotransporte de Carga.<\/p>\n\n\n\n<p>Y, como parte tambi\u00e9n de su estrategia para garantizar el acceso equitativo a la educaci\u00f3n superior, se ponen en operaci\u00f3n trece nuevas unidades de transporte universitario gratuito al servicio de las y los estudiantes de los planteles universitarios distribuidos en las zonas centro, norte y sur del estado.<\/p>\n\n\n\n<p>Estas unidades cubrir\u00e1n rutas espec\u00edficas que faciliten el traslado seguro, moderno y accesible de la comunidad estudiantil hacia sus espacios acad\u00e9micos, priorizando las zonas de mayor concentraci\u00f3n y demanda estudiantil.<\/p>\n\n\n\n<p>\u200b&nbsp;<\/p>\n\n\n\n<figure class=\"wp-block-image\"><img decoding=\"async\" src=\"https:\/\/www.uat.edu.mx\/noticias\/PublishingImages\/2024\/05\/regreso_ZLT025.jpg\" alt=\"\"\/><\/figure>\n","protected":false},"excerpt":{"rendered":"<p>3 de agosto del 2025 &#8220;&nbsp;Las \u00e1reas de la rector\u00eda y las dependencias universitarias en todos los campus regresan este lunes a sus actividades administrativas; las clases del ciclo escolar de la UAT 2025-3 (per\u00edodo de Oto\u00f1o) dar\u00e1n inicio el pr\u00f3ximo lunes 11 de agosto.&nbsp;&#8220; \u200b Ciudad Victoria, Tam.; 3 de agosto de 2025. Luego [&hellip;]<\/p>\n","protected":false},"author":1,"featured_media":4881,"comment_status":"open","ping_status":"open","sticky":false,"template":"","format":"standard","meta":{"footnotes":""},"categories":[4],"tags":[],"class_list":["post-4880","post","type-post","status-publish","format-standard","has-post-thumbnail","hentry","category-universidades"],"blog_post_layout_featured_media_urls":{"thumbnail":["https:\/\/elregionaldigital.info\/wp-content\/uploads\/2025\/08\/regreso_ZLT025-10-150x150.jpg",150,150,true],"full":["https:\/\/elregionaldigital.info\/wp-content\/uploads\/2025\/08\/regreso_ZLT025-10.jpg",900,600,false]},"categories_names":{"4":{"name":"Universidades","link":"https:\/\/elregionaldigital.info\/?cat=4"}},"tags_names":[],"comments_number":"0","wpmagazine_modules_lite_featured_media_urls":{"thumbnail":["https:\/\/elregionaldigital.info\/wp-content\/uploads\/2025\/08\/regreso_ZLT025-10-150x150.jpg",150,150,true],"cvmm-medium":["https:\/\/elregionaldigital.info\/wp-content\/uploads\/2025\/08\/regreso_ZLT025-10-300x300.jpg",300,300,true],"cvmm-medium-plus":["https:\/\/elregionaldigital.info\/wp-content\/uploads\/2025\/08\/regreso_ZLT025-10-305x207.jpg",305,207,true],"cvmm-portrait":["https:\/\/elregionaldigital.info\/wp-content\/uploads\/2025\/08\/regreso_ZLT025-10-400x600.jpg",400,600,true],"cvmm-medium-square":["https:\/\/elregionaldigital.info\/wp-content\/uploads\/2025\/08\/regreso_ZLT025-10-600x600.jpg",600,600,true],"cvmm-large":["https:\/\/elregionaldigital.info\/wp-content\/uploads\/2025\/08\/regreso_ZLT025-10.jpg",900,600,false],"cvmm-small":["https:\/\/elregionaldigital.info\/wp-content\/uploads\/2025\/08\/regreso_ZLT025-10-130x95.jpg",130,95,true],"full":["https:\/\/elregionaldigital.info\/wp-content\/uploads\/2025\/08\/regreso_ZLT025-10.jpg",900,600,false]},"_links":{"self":[{"href":"https:\/\/elregionaldigital.info\/index.php?rest_route=\/wp\/v2\/posts\/4880","targetHints":{"allow":["GET"]}}],"collection":[{"href":"https:\/\/elregionaldigital.info\/index.php?rest_route=\/wp\/v2\/posts"}],"about":[{"href":"https:\/\/elregionaldigital.info\/index.php?rest_route=\/wp\/v2\/types\/post"}],"author":[{"embeddable":true,"href":"https:\/\/elregionaldigital.info\/index.php?rest_route=\/wp\/v2\/users\/1"}],"replies":[{"embeddable":true,"href":"https:\/\/elregionaldigital.info\/index.php?rest_route=%2Fwp%2Fv2%2Fcomments&post=4880"}],"version-history":[{"count":1,"href":"https:\/\/elregionaldigital.info\/index.php?rest_route=\/wp\/v2\/posts\/4880\/revisions"}],"predecessor-version":[{"id":4882,"href":"https:\/\/elregionaldigital.info\/index.php?rest_route=\/wp\/v2\/posts\/4880\/revisions\/4882"}],"wp:featuredmedia":[{"embeddable":true,"href":"https:\/\/elregionaldigital.info\/index.php?rest_route=\/wp\/v2\/media\/4881"}],"wp:attachment":[{"href":"https:\/\/elregionaldigital.info\/index.php?rest_route=%2Fwp%2Fv2%2Fmedia&parent=4880"}],"wp:term":[{"taxonomy":"category","embeddable":true,"href":"https:\/\/elregionaldigital.info\/index.php?rest_route=%2Fwp%2Fv2%2Fcategories&post=4880"},{"taxonomy":"post_tag","embeddable":true,"href":"https:\/\/elregionaldigital.info\/index.php?rest_route=%2Fwp%2Fv2%2Ftags&post=4880"}],"curies":[{"name":"wp","href":"https:\/\/api.w.org\/{rel}","templated":true}]}}