{"id":4871,"date":"2025-08-01T17:47:44","date_gmt":"2025-08-01T17:47:44","guid":{"rendered":"https:\/\/elregionaldigital.info\/?p=4871"},"modified":"2025-08-03T17:48:25","modified_gmt":"2025-08-03T17:48:25","slug":"prepara-la-uat-el-congreso-de-investigadoras-de-iberoamerica","status":"publish","type":"post","link":"https:\/\/elregionaldigital.info\/?p=4871","title":{"rendered":"Prepara la UAT el congreso de investigadoras de Iberoam\u00e9rica"},"content":{"rendered":"\n<p>1 de agosto del 2025<\/p>\n\n\n\n<p><strong>&#8220;<\/strong>&nbsp;La Universidad Aut\u00f3noma de Tamaulipas (UAT), en colaboraci\u00f3n con la Benem\u00e9rita Universidad Aut\u00f3noma de Puebla (BUAP) y el Consejo Tamaulipeco de Ciencia y Tecnolog\u00eda (COTACYT), convocan al VI Congreso de Investigadoras del Sistema Nacional de Investigadoras e Investigadores (SNII) y de Iberoam\u00e9rica 2025, que tendr\u00e1 lugar del 13 al 15 de noviembre en la sede de la Facultad de Ingenier\u00eda Tampico.&nbsp;<strong>&#8220;<\/strong><\/p>\n\n\n\n<p>\u200b<\/p>\n\n\n\n<p>Ciudad Victoria, Tam.; 1 de agosto de 2025.<\/p>\n\n\n\n<p>Este evento tiene como prop\u00f3sito consolidar un espacio internacional de reflexi\u00f3n y colaboraci\u00f3n entre investigadoras de Iberoam\u00e9rica para fortalecer redes acad\u00e9micas, propiciar el intercambio de conocimientos, socializar resultados de investigaci\u00f3n y compartir experiencias en torno a los desaf\u00edos que enfrenta la ciencia en la actualidad.<\/p>\n\n\n\n<p>El evento contempla conferencias magistrales, paneles de expertas, mesas de trabajo y la presentaci\u00f3n de carteles de investigaci\u00f3n en modalidad digital.<\/p>\n\n\n\n<p>Tiene como objetivo ser un espacio de di\u00e1logo en temas de relevancia para el desarrollo de la ciencia y la tecnolog\u00eda, as\u00ed como visibilizar el papel de las mujeres en la generaci\u00f3n de conocimiento y fomentar las vocaciones cient\u00edficas entre las nuevas generaciones.<\/p>\n\n\n\n<p>Las tem\u00e1ticas estar\u00e1n organizadas en seis l\u00edneas principales: Innovaci\u00f3n y aportaciones cient\u00edficas con perspectiva de g\u00e9nero en todas las \u00e1reas del conocimiento; Colaboraci\u00f3n internacional y redes de investigaci\u00f3n; Desaf\u00edos y oportunidades en la investigaci\u00f3n cient\u00edfica y tecnol\u00f3gica; Buenas pr\u00e1cticas en investigaci\u00f3n aplicada y transferencia tecnol\u00f3gica; Educaci\u00f3n, formaci\u00f3n y desarrollo de talento en disciplinas STEAM+H; as\u00ed como propuestas libres en ciencia, tecnolog\u00eda, ingenier\u00eda, artes y matem\u00e1ticas.<\/p>\n\n\n\n<p>En este marco, las ponencias podr\u00e1n ser presentadas por acad\u00e9micas reconocidas por el Sistema Nacional de Investigadoras e Investigadores (SNII) de M\u00e9xico, o su equivalente en otros pa\u00edses, mientras que los carteles de investigaci\u00f3n estar\u00e1n abiertos tambi\u00e9n a profesoras que no pertenezcan a dichos sistemas y a estudiantes de posgrado.<\/p>\n\n\n\n<p>El registro y la recepci\u00f3n de res\u00famenes tiene como fecha l\u00edmite el 30 de agosto de 2025. La convocatoria est\u00e1 disponible en el portal oficial del evento https:\/\/ainvestigadores.org\/ y en la p\u00e1gina de Facebook: Congreso de Investigadoras del SNII y de Iberoam\u00e9rica, o bien comunicarse al correo&nbsp;<a href=\"mailto:congresosni2025@gmail.com\">congresosni2025@gmail.com<\/a>&nbsp;del comit\u00e9 organizador.<\/p>\n\n\n\n<p>\u200b&nbsp;<\/p>\n\n\n\n<figure class=\"wp-block-image\"><img decoding=\"async\" src=\"https:\/\/www.uat.edu.mx\/noticias\/PublishingImages\/2024\/05\/ibero_AMA246.jpg\" alt=\"\"\/><\/figure>\n","protected":false},"excerpt":{"rendered":"<p>1 de agosto del 2025 &#8220;&nbsp;La Universidad Aut\u00f3noma de Tamaulipas (UAT), en colaboraci\u00f3n con la Benem\u00e9rita Universidad Aut\u00f3noma de Puebla (BUAP) y el Consejo Tamaulipeco de Ciencia y Tecnolog\u00eda (COTACYT), convocan al VI Congreso de Investigadoras del Sistema Nacional de Investigadoras e Investigadores (SNII) y de Iberoam\u00e9rica 2025, que tendr\u00e1 lugar del 13 al 15 [&hellip;]<\/p>\n","protected":false},"author":1,"featured_media":4872,"comment_status":"open","ping_status":"open","sticky":false,"template":"","format":"standard","meta":{"footnotes":""},"categories":[4],"tags":[],"class_list":["post-4871","post","type-post","status-publish","format-standard","has-post-thumbnail","hentry","category-universidades"],"blog_post_layout_featured_media_urls":{"thumbnail":["https:\/\/elregionaldigital.info\/wp-content\/uploads\/2025\/08\/ibero_AMA246-9-150x150.jpg",150,150,true],"full":["https:\/\/elregionaldigital.info\/wp-content\/uploads\/2025\/08\/ibero_AMA246-9.jpg",900,600,false]},"categories_names":{"4":{"name":"Universidades","link":"https:\/\/elregionaldigital.info\/?cat=4"}},"tags_names":[],"comments_number":"0","wpmagazine_modules_lite_featured_media_urls":{"thumbnail":["https:\/\/elregionaldigital.info\/wp-content\/uploads\/2025\/08\/ibero_AMA246-9-150x150.jpg",150,150,true],"cvmm-medium":["https:\/\/elregionaldigital.info\/wp-content\/uploads\/2025\/08\/ibero_AMA246-9-300x300.jpg",300,300,true],"cvmm-medium-plus":["https:\/\/elregionaldigital.info\/wp-content\/uploads\/2025\/08\/ibero_AMA246-9-305x207.jpg",305,207,true],"cvmm-portrait":["https:\/\/elregionaldigital.info\/wp-content\/uploads\/2025\/08\/ibero_AMA246-9-400x600.jpg",400,600,true],"cvmm-medium-square":["https:\/\/elregionaldigital.info\/wp-content\/uploads\/2025\/08\/ibero_AMA246-9-600x600.jpg",600,600,true],"cvmm-large":["https:\/\/elregionaldigital.info\/wp-content\/uploads\/2025\/08\/ibero_AMA246-9.jpg",900,600,false],"cvmm-small":["https:\/\/elregionaldigital.info\/wp-content\/uploads\/2025\/08\/ibero_AMA246-9-130x95.jpg",130,95,true],"full":["https:\/\/elregionaldigital.info\/wp-content\/uploads\/2025\/08\/ibero_AMA246-9.jpg",900,600,false]},"_links":{"self":[{"href":"https:\/\/elregionaldigital.info\/index.php?rest_route=\/wp\/v2\/posts\/4871","targetHints":{"allow":["GET"]}}],"collection":[{"href":"https:\/\/elregionaldigital.info\/index.php?rest_route=\/wp\/v2\/posts"}],"about":[{"href":"https:\/\/elregionaldigital.info\/index.php?rest_route=\/wp\/v2\/types\/post"}],"author":[{"embeddable":true,"href":"https:\/\/elregionaldigital.info\/index.php?rest_route=\/wp\/v2\/users\/1"}],"replies":[{"embeddable":true,"href":"https:\/\/elregionaldigital.info\/index.php?rest_route=%2Fwp%2Fv2%2Fcomments&post=4871"}],"version-history":[{"count":1,"href":"https:\/\/elregionaldigital.info\/index.php?rest_route=\/wp\/v2\/posts\/4871\/revisions"}],"predecessor-version":[{"id":4873,"href":"https:\/\/elregionaldigital.info\/index.php?rest_route=\/wp\/v2\/posts\/4871\/revisions\/4873"}],"wp:featuredmedia":[{"embeddable":true,"href":"https:\/\/elregionaldigital.info\/index.php?rest_route=\/wp\/v2\/media\/4872"}],"wp:attachment":[{"href":"https:\/\/elregionaldigital.info\/index.php?rest_route=%2Fwp%2Fv2%2Fmedia&parent=4871"}],"wp:term":[{"taxonomy":"category","embeddable":true,"href":"https:\/\/elregionaldigital.info\/index.php?rest_route=%2Fwp%2Fv2%2Fcategories&post=4871"},{"taxonomy":"post_tag","embeddable":true,"href":"https:\/\/elregionaldigital.info\/index.php?rest_route=%2Fwp%2Fv2%2Ftags&post=4871"}],"curies":[{"name":"wp","href":"https:\/\/api.w.org\/{rel}","templated":true}]}}