{"id":4859,"date":"2025-07-28T17:44:00","date_gmt":"2025-07-28T17:44:00","guid":{"rendered":"https:\/\/elregionaldigital.info\/?p=4859"},"modified":"2025-08-03T17:45:15","modified_gmt":"2025-08-03T17:45:15","slug":"dara-la-uat-nuevo-rostro-a-edificios-historicos-del-centro-de-tampico","status":"publish","type":"post","link":"https:\/\/elregionaldigital.info\/?p=4859","title":{"rendered":"Dar\u00e1 la UAT nuevo rostro a edificios hist\u00f3ricos del centro de Tampico"},"content":{"rendered":"\n<p>28 de julio del 2025<\/p>\n\n\n\n<p><strong>&#8220;<\/strong>&nbsp;La Universidad Aut\u00f3noma de Tamaulipas (UAT) fortalecer\u00e1 la conservaci\u00f3n del patrimonio del Centro Hist\u00f3rico de Tampico, mediante un proyecto a cargo de la Dra. Rebeca Isadora Lozano Castro, responsable t\u00e9cnica e investigadora de la Facultad de Arquitectura, Dise\u00f1o y Urbanismo (FADU), cuya propuesta fue aprobada por la Secretar\u00eda de Ciencias, Humanidades, Tecnolog\u00eda e Innovaci\u00f3n (SECIHTI).&nbsp;<strong>&#8220;<\/strong><\/p>\n\n\n\n<p>\u200b<\/p>\n\n\n\n<p>Ciudad Victoria, Tam.; 28 de julio de 2025.<\/p>\n\n\n\n<p>El proyecto titulado \u201cIntervenci\u00f3n arquigr\u00e1fica y crom\u00e1tica para conservaci\u00f3n hist\u00f3rica patrimonial. Caso de estudio en edificaci\u00f3n registrada del Centro Hist\u00f3rico de Tampico&#8221;, es una iniciativa acad\u00e9mica que fue seleccionada en la Convocatoria de Humanidades 2025 emitida por la SECIHTI, dentro del Programa de Impulso a la Investigaci\u00f3n Cient\u00edfica B\u00e1sica y de Frontera.<\/p>\n\n\n\n<p>El objetivo central es intervenir de manera t\u00e9cnica y respetuosa la fachada de varios inmuebles con valor hist\u00f3rico en el centro de Tampico, incorporando una propuesta de restauraci\u00f3n gr\u00e1fica y crom\u00e1tica que permita su conservaci\u00f3n integral, priorizando la autenticidad material, la armon\u00eda visual urbana y el resguardo de su valor patrimonial.<\/p>\n\n\n\n<p>La iniciativa contempla tambi\u00e9n la realizaci\u00f3n de un taller participativo con la comunidad, mediante el cual se busca involucrar a propietarios, habitantes y actores sociales en el conocimiento y preservaci\u00f3n del patrimonio arquitect\u00f3nico de su entorno.<\/p>\n\n\n\n<p>Esta acci\u00f3n contribuir\u00e1 a fortalecer el sentido de pertenencia, la apropiaci\u00f3n social del patrimonio y la continuidad de saberes identitarios ligados a la memoria urbana.<\/p>\n\n\n\n<p>El proyecto se desarrollar\u00e1 entre 2025 y 2027, con una metodolog\u00eda dividida en tres etapas: diagn\u00f3stico situacional, generaci\u00f3n de acciones formativas y la intervenci\u00f3n directa en un caso de estudio representativo, acompa\u00f1ado por la producci\u00f3n de resultados acad\u00e9micos, informes t\u00e9cnicos, formaci\u00f3n de recursos humanos y participaci\u00f3n en congresos internacionales. En este proceso se integrar\u00e1 tambi\u00e9n a estudiantes de dise\u00f1o gr\u00e1fico, quienes participar\u00e1n activamente en labores de investigaci\u00f3n y aplicaci\u00f3n profesional.<\/p>\n\n\n\n<p>La propuesta forma parte del trabajo del cuerpo acad\u00e9mico \u201cArte, teor\u00eda y conservaci\u00f3n del patrimonio&#8221;, y se ejecuta en colaboraci\u00f3n con el Instituto Tecnol\u00f3gico Jos\u00e9 Mario Molina Pasquel y Henr\u00edquez, Unidad Puerto Vallarta, as\u00ed como con instituciones aliadas nacionales e internacionales.<\/p>\n\n\n\n<p>\u200b&nbsp;<\/p>\n\n\n\n<p><img decoding=\"async\" src=\"https:\/\/www.uat.edu.mx\/noticias\/PublishingImages\/2024\/05\/fadu_GJD759.jpg\"><\/p>\n\n\n\n<p>\u200b\u200b\u200b<\/p>\n","protected":false},"excerpt":{"rendered":"<p>28 de julio del 2025 &#8220;&nbsp;La Universidad Aut\u00f3noma de Tamaulipas (UAT) fortalecer\u00e1 la conservaci\u00f3n del patrimonio del Centro Hist\u00f3rico de Tampico, mediante un proyecto a cargo de la Dra. Rebeca Isadora Lozano Castro, responsable t\u00e9cnica e investigadora de la Facultad de Arquitectura, Dise\u00f1o y Urbanismo (FADU), cuya propuesta fue aprobada por la Secretar\u00eda de Ciencias, [&hellip;]<\/p>\n","protected":false},"author":1,"featured_media":4860,"comment_status":"open","ping_status":"open","sticky":false,"template":"","format":"standard","meta":{"footnotes":""},"categories":[4],"tags":[],"class_list":["post-4859","post","type-post","status-publish","format-standard","has-post-thumbnail","hentry","category-universidades"],"blog_post_layout_featured_media_urls":{"thumbnail":["https:\/\/elregionaldigital.info\/wp-content\/uploads\/2025\/08\/fadu_GJD759-10-150x150.jpg",150,150,true],"full":["https:\/\/elregionaldigital.info\/wp-content\/uploads\/2025\/08\/fadu_GJD759-10.jpg",900,600,false]},"categories_names":{"4":{"name":"Universidades","link":"https:\/\/elregionaldigital.info\/?cat=4"}},"tags_names":[],"comments_number":"0","wpmagazine_modules_lite_featured_media_urls":{"thumbnail":["https:\/\/elregionaldigital.info\/wp-content\/uploads\/2025\/08\/fadu_GJD759-10-150x150.jpg",150,150,true],"cvmm-medium":["https:\/\/elregionaldigital.info\/wp-content\/uploads\/2025\/08\/fadu_GJD759-10-300x300.jpg",300,300,true],"cvmm-medium-plus":["https:\/\/elregionaldigital.info\/wp-content\/uploads\/2025\/08\/fadu_GJD759-10-305x207.jpg",305,207,true],"cvmm-portrait":["https:\/\/elregionaldigital.info\/wp-content\/uploads\/2025\/08\/fadu_GJD759-10-400x600.jpg",400,600,true],"cvmm-medium-square":["https:\/\/elregionaldigital.info\/wp-content\/uploads\/2025\/08\/fadu_GJD759-10-600x600.jpg",600,600,true],"cvmm-large":["https:\/\/elregionaldigital.info\/wp-content\/uploads\/2025\/08\/fadu_GJD759-10.jpg",900,600,false],"cvmm-small":["https:\/\/elregionaldigital.info\/wp-content\/uploads\/2025\/08\/fadu_GJD759-10-130x95.jpg",130,95,true],"full":["https:\/\/elregionaldigital.info\/wp-content\/uploads\/2025\/08\/fadu_GJD759-10.jpg",900,600,false]},"_links":{"self":[{"href":"https:\/\/elregionaldigital.info\/index.php?rest_route=\/wp\/v2\/posts\/4859","targetHints":{"allow":["GET"]}}],"collection":[{"href":"https:\/\/elregionaldigital.info\/index.php?rest_route=\/wp\/v2\/posts"}],"about":[{"href":"https:\/\/elregionaldigital.info\/index.php?rest_route=\/wp\/v2\/types\/post"}],"author":[{"embeddable":true,"href":"https:\/\/elregionaldigital.info\/index.php?rest_route=\/wp\/v2\/users\/1"}],"replies":[{"embeddable":true,"href":"https:\/\/elregionaldigital.info\/index.php?rest_route=%2Fwp%2Fv2%2Fcomments&post=4859"}],"version-history":[{"count":1,"href":"https:\/\/elregionaldigital.info\/index.php?rest_route=\/wp\/v2\/posts\/4859\/revisions"}],"predecessor-version":[{"id":4861,"href":"https:\/\/elregionaldigital.info\/index.php?rest_route=\/wp\/v2\/posts\/4859\/revisions\/4861"}],"wp:featuredmedia":[{"embeddable":true,"href":"https:\/\/elregionaldigital.info\/index.php?rest_route=\/wp\/v2\/media\/4860"}],"wp:attachment":[{"href":"https:\/\/elregionaldigital.info\/index.php?rest_route=%2Fwp%2Fv2%2Fmedia&parent=4859"}],"wp:term":[{"taxonomy":"category","embeddable":true,"href":"https:\/\/elregionaldigital.info\/index.php?rest_route=%2Fwp%2Fv2%2Fcategories&post=4859"},{"taxonomy":"post_tag","embeddable":true,"href":"https:\/\/elregionaldigital.info\/index.php?rest_route=%2Fwp%2Fv2%2Ftags&post=4859"}],"curies":[{"name":"wp","href":"https:\/\/api.w.org\/{rel}","templated":true}]}}