{"id":4843,"date":"2025-07-23T02:44:45","date_gmt":"2025-07-23T02:44:45","guid":{"rendered":"https:\/\/elregionaldigital.info\/?p=4843"},"modified":"2025-07-25T02:45:22","modified_gmt":"2025-07-25T02:45:22","slug":"ofrece-la-uat-centro-de-mediacion-para-la-solucion-pacifica-de-conflictos","status":"publish","type":"post","link":"https:\/\/elregionaldigital.info\/?p=4843","title":{"rendered":"Ofrece la UAT centro de mediaci\u00f3n para la soluci\u00f3n pac\u00edfica de conflictos"},"content":{"rendered":"\n<p>Ciudad Victoria, Tam.; 23 de julio de 2025.<\/p>\n\n\n\n<p id=\"block-cbc543b6-cf0f-4782-920c-4150a2050a0c\">Como parte de su compromiso institucional por fortalecer la convivencia arm\u00f3nica y fomentar la<br>cultura de la paz, la Universidad Aut\u00f3noma de Tamaulipas (UAT), a trav\u00e9s de la Facultad de<br>Derecho y Ciencias Sociales (FADYCS), promueve los servicios del Centro de Mediaci\u00f3n<br>Universitario en el Campus Tampico.<br>Este espacio cuenta con la certificaci\u00f3n oficial otorgada por la Direcci\u00f3n de Mediaci\u00f3n del<br>Gobierno del Estado de Tamaulipas, que lo faculta no solo para atender a la comunidad<br>universitaria, sino tambi\u00e9n para ofrecer sus servicios a la sociedad en general.<br>En entrevista, la coordinadora del Centro de Mediaci\u00f3n de la UAT, Dra. Gracia Elena Medina<br>L\u00f3pez, destac\u00f3 el prop\u00f3sito de ofrecer alternativas pac\u00edficas para la soluci\u00f3n de conflictos que<br>puedan surgir entre estudiantes, docentes, personal administrativo, e incluso con personas ajenas<br>a la instituci\u00f3n, evitando que las diferencias escalen hacia situaciones de confrontaci\u00f3n al brindar<br>un entorno seguro y propicio para el di\u00e1logo constructivo.<br>En ese sentido, coment\u00f3 que se ha brindado atenci\u00f3n a particulares ajenos a la UAT que buscan<br>apoyo para resolver sus diferencias mediante mecanismos alternativos, reforzando as\u00ed la presencia<br>social de la Universidad como promotora de la paz y la cultura del di\u00e1logo.<br>Indic\u00f3 que, en apego a la nueva Ley General de Mecanismos Alternativos de Soluci\u00f3n de<br>Controversias, la UAT trabaja en esquemas que permitan a sus estudiantes continuar su formaci\u00f3n<br>y colaborar con mediadores certificados.<br>Agreg\u00f3 que este centro, adem\u00e1s de las sesiones de mediaci\u00f3n, desarrolla, de manera permanente,<br>cursos, talleres, diplomados y actividades relacionadas con la resoluci\u00f3n pac\u00edfica de conflictos,<br>procesos restaurativos, c\u00edrculos de di\u00e1logo y cultura de la paz.<br>Entre otras acciones, mencion\u00f3 que se ha capacitado a servidores p\u00fablicos de los municipios de<br>Tampico, Ciudad Madero y Altamira, fortaleciendo la profesionalizaci\u00f3n en el manejo de conflictos<br>y fomentando el uso de la comunicaci\u00f3n asertiva y la validaci\u00f3n emocional como herramientas<br>clave para la convivencia social.<br>Apunt\u00f3 que, adem\u00e1s, se han organizado concursos estatales de mediaci\u00f3n en los que estudiantes<br>universitarios han demostrado su capacidad para aplicar los principios de esta disciplina, logrando<br>incluso participar en instancias profesionales dentro del Poder Judicial, lo que ha enriquecido su<br>formaci\u00f3n y perfil profesional.<br>Las personas interesadas en este servicio pueden acudir directamente al Centro de Mediaci\u00f3n,<br>ubicado en las instalaciones de la Facultad de Derecho y Ciencias Sociales de Tampico, donde se<br>les orienta para detallar la situaci\u00f3n que desean resolver, as\u00ed como a la persona con la que buscan<br>mediar, hasta concretar la reuni\u00f3n en la sala de mediaci\u00f3n.<br>Finalmente, la Dra. Gracia Elena Medina L\u00f3pez reiter\u00f3 la invitaci\u00f3n a toda la comunidad<br>universitaria y a la ciudadan\u00eda en general a acercarse a este servicio que ofrece la UAT, recordando<br>que se trata de un espacio seguro, confiable y profesional, pensado para facilitar la resoluci\u00f3n<br>pac\u00edfica de conflictos sin recurrir a procesos judiciales largos, costosos y desgastantes.<\/p>\n\n\n\n<figure class=\"wp-block-image\" id=\"block-7604b775-cb62-4f18-8a11-9881b5a6027e\"><img decoding=\"async\" src=\"https:\/\/diarioelcuerudo.info\/wp-content\/uploads\/2025\/07\/conflic-1024x683.jpg\" alt=\"Esta imagen tiene un atributo ALT vac\u00edo; su nombre de archivo es conflic-1024x683.jpg\"\/><\/figure>\n\n\n\n<p><\/p>\n","protected":false},"excerpt":{"rendered":"<p>Ciudad Victoria, Tam.; 23 de julio de 2025. Como parte de su compromiso institucional por fortalecer la convivencia arm\u00f3nica y fomentar lacultura de la paz, la Universidad Aut\u00f3noma de Tamaulipas (UAT), a trav\u00e9s de la Facultad deDerecho y Ciencias Sociales (FADYCS), promueve los servicios del Centro de Mediaci\u00f3nUniversitario en el Campus Tampico.Este espacio cuenta con [&hellip;]<\/p>\n","protected":false},"author":1,"featured_media":4844,"comment_status":"open","ping_status":"open","sticky":false,"template":"","format":"standard","meta":{"footnotes":""},"categories":[4],"tags":[],"class_list":["post-4843","post","type-post","status-publish","format-standard","has-post-thumbnail","hentry","category-universidades"],"blog_post_layout_featured_media_urls":{"thumbnail":["https:\/\/elregionaldigital.info\/wp-content\/uploads\/2025\/07\/conflic-150x150.jpg",150,150,true],"full":["https:\/\/elregionaldigital.info\/wp-content\/uploads\/2025\/07\/conflic-scaled.jpg",2560,1707,false]},"categories_names":{"4":{"name":"Universidades","link":"https:\/\/elregionaldigital.info\/?cat=4"}},"tags_names":[],"comments_number":"0","wpmagazine_modules_lite_featured_media_urls":{"thumbnail":["https:\/\/elregionaldigital.info\/wp-content\/uploads\/2025\/07\/conflic-150x150.jpg",150,150,true],"cvmm-medium":["https:\/\/elregionaldigital.info\/wp-content\/uploads\/2025\/07\/conflic-300x300.jpg",300,300,true],"cvmm-medium-plus":["https:\/\/elregionaldigital.info\/wp-content\/uploads\/2025\/07\/conflic-305x207.jpg",305,207,true],"cvmm-portrait":["https:\/\/elregionaldigital.info\/wp-content\/uploads\/2025\/07\/conflic-400x600.jpg",400,600,true],"cvmm-medium-square":["https:\/\/elregionaldigital.info\/wp-content\/uploads\/2025\/07\/conflic-600x600.jpg",600,600,true],"cvmm-large":["https:\/\/elregionaldigital.info\/wp-content\/uploads\/2025\/07\/conflic-1024x1024.jpg",1024,1024,true],"cvmm-small":["https:\/\/elregionaldigital.info\/wp-content\/uploads\/2025\/07\/conflic-130x95.jpg",130,95,true],"full":["https:\/\/elregionaldigital.info\/wp-content\/uploads\/2025\/07\/conflic-scaled.jpg",2560,1707,false]},"_links":{"self":[{"href":"https:\/\/elregionaldigital.info\/index.php?rest_route=\/wp\/v2\/posts\/4843","targetHints":{"allow":["GET"]}}],"collection":[{"href":"https:\/\/elregionaldigital.info\/index.php?rest_route=\/wp\/v2\/posts"}],"about":[{"href":"https:\/\/elregionaldigital.info\/index.php?rest_route=\/wp\/v2\/types\/post"}],"author":[{"embeddable":true,"href":"https:\/\/elregionaldigital.info\/index.php?rest_route=\/wp\/v2\/users\/1"}],"replies":[{"embeddable":true,"href":"https:\/\/elregionaldigital.info\/index.php?rest_route=%2Fwp%2Fv2%2Fcomments&post=4843"}],"version-history":[{"count":1,"href":"https:\/\/elregionaldigital.info\/index.php?rest_route=\/wp\/v2\/posts\/4843\/revisions"}],"predecessor-version":[{"id":4845,"href":"https:\/\/elregionaldigital.info\/index.php?rest_route=\/wp\/v2\/posts\/4843\/revisions\/4845"}],"wp:featuredmedia":[{"embeddable":true,"href":"https:\/\/elregionaldigital.info\/index.php?rest_route=\/wp\/v2\/media\/4844"}],"wp:attachment":[{"href":"https:\/\/elregionaldigital.info\/index.php?rest_route=%2Fwp%2Fv2%2Fmedia&parent=4843"}],"wp:term":[{"taxonomy":"category","embeddable":true,"href":"https:\/\/elregionaldigital.info\/index.php?rest_route=%2Fwp%2Fv2%2Fcategories&post=4843"},{"taxonomy":"post_tag","embeddable":true,"href":"https:\/\/elregionaldigital.info\/index.php?rest_route=%2Fwp%2Fv2%2Ftags&post=4843"}],"curies":[{"name":"wp","href":"https:\/\/api.w.org\/{rel}","templated":true}]}}