{"id":4834,"date":"2025-07-20T15:49:31","date_gmt":"2025-07-20T15:49:31","guid":{"rendered":"https:\/\/elregionaldigital.info\/?p=4834"},"modified":"2025-07-23T15:48:59","modified_gmt":"2025-07-23T15:48:59","slug":"inicia-la-uat-periodo-vacacional-de-verano-2025","status":"publish","type":"post","link":"https:\/\/elregionaldigital.info\/?p=4834","title":{"rendered":"Inicia la UAT periodo vacacional de verano 2025"},"content":{"rendered":"\n<p>20 de julio del 2025<\/p>\n\n\n\n<p><strong>&#8220;<\/strong>&nbsp;La Universidad Aut\u00f3noma de Tamaulipas (UAT) da inicio al periodo vacacional oficial conforme al Calendario Escolar\/Administrativo y en apego a las disposiciones establecidas en los contratos colectivos de trabajo vigentes con las organizaciones sindicales de esta casa de estudios.&nbsp;<strong>&#8220;<\/strong><\/p>\n\n\n\n<p>\u200b<\/p>\n\n\n\n<p>Ciudad Victoria, Tam.; 20 de julio de 2025.<\/p>\n\n\n\n<p>Dicho periodo vacacional comprender\u00e1 del 21 de julio al 1 de agosto, reanudando las actividades administrativas a partir del 4 de agosto de 2025, en que tambi\u00e9n se organiza el trabajo en las diferentes dependencias acad\u00e9micas previo al inicio del ciclo escolar 2025-3 (Oto\u00f1o).<\/p>\n\n\n\n<p>El periodo de inscripciones y reinscripciones se llevar\u00e1 a cabo del 5 al 18 de agosto de 2025, mientras que las clases dar\u00e1n inicio el lunes 11 de agosto, concluyendo el ciclo escolar el 28 de noviembre del presente a\u00f1o. Asimismo, se recuerda a la comunidad estudiantil que la fecha l\u00edmite para el pago de inscripciones y reinscripciones ser\u00e1 el 1 de septiembre de 2025.<br>Cabe mencionar que, en cumplimiento a su compromiso con el desarrollo educativo del estado, la UAT ha dado apertura a trece nuevos programas de licenciatura, dise\u00f1ados para dar respuesta a las necesidades del sector productivo y social, y consolidar su presencia en las diferentes regiones de Tamaulipas.<br>Entre las nuevas carreras destacan las ingenier\u00edas en Ciencia de Datos e Inteligencia Artificial, Biom\u00e9dica, Energ\u00edas Renovables y Desarrollo Sostenible; as\u00ed como las licenciaturas en Ciencias Aplicadas al Deporte y Ejercicio, Atenci\u00f3n Profesional de la Salud, Autotransporte de Carga, Psicolog\u00eda, Derecho, Enfermer\u00eda y Agronom\u00eda, estas \u00faltimas extendi\u00e9ndose a sedes donde anteriormente no se ofrec\u00edan dichas opciones.<br>De igual forma, se anuncia la incorporaci\u00f3n de nuevos programas en modalidad en l\u00ednea, como la Ingenier\u00eda en Ciencia de Datos, con lo que se ampl\u00eda el acceso a la educaci\u00f3n superior a estudiantes de distintas regiones, reafirmando el car\u00e1cter inclusivo y vanguardista de esta casa de estudios.\u200b<\/p>\n\n\n\n<figure class=\"wp-block-image\"><img decoding=\"async\" src=\"https:\/\/www.uat.edu.mx\/noticias\/PublishingImages\/2024\/05\/1_JHO805_HBD826.jpg\" alt=\"\"\/><\/figure>\n","protected":false},"excerpt":{"rendered":"<p>20 de julio del 2025 &#8220;&nbsp;La Universidad Aut\u00f3noma de Tamaulipas (UAT) da inicio al periodo vacacional oficial conforme al Calendario Escolar\/Administrativo y en apego a las disposiciones establecidas en los contratos colectivos de trabajo vigentes con las organizaciones sindicales de esta casa de estudios.&nbsp;&#8220; \u200b Ciudad Victoria, Tam.; 20 de julio de 2025. Dicho periodo [&hellip;]<\/p>\n","protected":false},"author":1,"featured_media":4835,"comment_status":"open","ping_status":"open","sticky":false,"template":"","format":"standard","meta":{"footnotes":""},"categories":[4],"tags":[],"class_list":["post-4834","post","type-post","status-publish","format-standard","has-post-thumbnail","hentry","category-universidades"],"blog_post_layout_featured_media_urls":{"thumbnail":["https:\/\/elregionaldigital.info\/wp-content\/uploads\/2025\/07\/1_JHO805_HBD826-150x150.jpg",150,150,true],"full":["https:\/\/elregionaldigital.info\/wp-content\/uploads\/2025\/07\/1_JHO805_HBD826.jpg",900,600,false]},"categories_names":{"4":{"name":"Universidades","link":"https:\/\/elregionaldigital.info\/?cat=4"}},"tags_names":[],"comments_number":"0","wpmagazine_modules_lite_featured_media_urls":{"thumbnail":["https:\/\/elregionaldigital.info\/wp-content\/uploads\/2025\/07\/1_JHO805_HBD826-150x150.jpg",150,150,true],"cvmm-medium":["https:\/\/elregionaldigital.info\/wp-content\/uploads\/2025\/07\/1_JHO805_HBD826-300x300.jpg",300,300,true],"cvmm-medium-plus":["https:\/\/elregionaldigital.info\/wp-content\/uploads\/2025\/07\/1_JHO805_HBD826-305x207.jpg",305,207,true],"cvmm-portrait":["https:\/\/elregionaldigital.info\/wp-content\/uploads\/2025\/07\/1_JHO805_HBD826-400x600.jpg",400,600,true],"cvmm-medium-square":["https:\/\/elregionaldigital.info\/wp-content\/uploads\/2025\/07\/1_JHO805_HBD826-600x600.jpg",600,600,true],"cvmm-large":["https:\/\/elregionaldigital.info\/wp-content\/uploads\/2025\/07\/1_JHO805_HBD826.jpg",900,600,false],"cvmm-small":["https:\/\/elregionaldigital.info\/wp-content\/uploads\/2025\/07\/1_JHO805_HBD826-130x95.jpg",130,95,true],"full":["https:\/\/elregionaldigital.info\/wp-content\/uploads\/2025\/07\/1_JHO805_HBD826.jpg",900,600,false]},"_links":{"self":[{"href":"https:\/\/elregionaldigital.info\/index.php?rest_route=\/wp\/v2\/posts\/4834","targetHints":{"allow":["GET"]}}],"collection":[{"href":"https:\/\/elregionaldigital.info\/index.php?rest_route=\/wp\/v2\/posts"}],"about":[{"href":"https:\/\/elregionaldigital.info\/index.php?rest_route=\/wp\/v2\/types\/post"}],"author":[{"embeddable":true,"href":"https:\/\/elregionaldigital.info\/index.php?rest_route=\/wp\/v2\/users\/1"}],"replies":[{"embeddable":true,"href":"https:\/\/elregionaldigital.info\/index.php?rest_route=%2Fwp%2Fv2%2Fcomments&post=4834"}],"version-history":[{"count":2,"href":"https:\/\/elregionaldigital.info\/index.php?rest_route=\/wp\/v2\/posts\/4834\/revisions"}],"predecessor-version":[{"id":4842,"href":"https:\/\/elregionaldigital.info\/index.php?rest_route=\/wp\/v2\/posts\/4834\/revisions\/4842"}],"wp:featuredmedia":[{"embeddable":true,"href":"https:\/\/elregionaldigital.info\/index.php?rest_route=\/wp\/v2\/media\/4835"}],"wp:attachment":[{"href":"https:\/\/elregionaldigital.info\/index.php?rest_route=%2Fwp%2Fv2%2Fmedia&parent=4834"}],"wp:term":[{"taxonomy":"category","embeddable":true,"href":"https:\/\/elregionaldigital.info\/index.php?rest_route=%2Fwp%2Fv2%2Fcategories&post=4834"},{"taxonomy":"post_tag","embeddable":true,"href":"https:\/\/elregionaldigital.info\/index.php?rest_route=%2Fwp%2Fv2%2Ftags&post=4834"}],"curies":[{"name":"wp","href":"https:\/\/api.w.org\/{rel}","templated":true}]}}