{"id":4803,"date":"2025-07-11T17:46:39","date_gmt":"2025-07-11T17:46:39","guid":{"rendered":"https:\/\/elregionaldigital.info\/?p=4803"},"modified":"2025-07-14T17:47:36","modified_gmt":"2025-07-14T17:47:36","slug":"forma-la-uat-tecnicos-en-inteligencia-artificial-y-ciberseguridad","status":"publish","type":"post","link":"https:\/\/elregionaldigital.info\/?p=4803","title":{"rendered":"Forma la UAT t\u00e9cnicos en inteligencia artificial y ciberseguridad"},"content":{"rendered":"\n<p>11 de julio del 2025<\/p>\n\n\n\n<p><strong>&#8220;<\/strong>&nbsp;La Universidad Aut\u00f3noma de Tamaulipas (UAT) particip\u00f3 en el Foro de Inteligencia Artificial, Semiconductores y Microelectr\u00f3nica, evento que reuni\u00f3 a representantes del sector educativo, industrial y gubernamental para delinear acciones concretas hacia una transformaci\u00f3n educativa con visi\u00f3n de futuro.&nbsp;<strong>&#8220;<\/strong><\/p>\n\n\n\n<p>\u200b<\/p>\n\n\n\n<p>Ciudad Victoria, Tam.; 11 de julio de 2025.<\/p>\n\n\n\n<p>Como parte del foro, organizado por el Instituto Tamaulipeco de Capacitaci\u00f3n para el Empleo (ITACE), se entregaron 19 constancias a estudiantes y 6 reconocimientos a instructores que concluyeron el Diplomado en Ciberseguridad, impartido por la Universidad Aut\u00f3noma de Tamaulipas, reafirmando as\u00ed su compromiso con la capacitaci\u00f3n continua en \u00e1reas de alta demanda y relevancia para el desarrollo econ\u00f3mico y social de la entidad.<br>Durante el evento, se ofrecieron conferencias magistrales sobre inteligencia artificial generativa, ciberseguridad y an\u00e1lisis de datos, impartidas por especialistas del Centro de Investigaci\u00f3n y de Estudios Avanzados (CINVESTAV) y de la UAT.<br>En este marco, particip\u00f3 el Dr. Juan Carlos Elizondo Leal, catedr\u00e1tico de la Facultad de Ingenier\u00eda y Ciencias de la UAT, quien imparti\u00f3 la ponencia \u201cInteligencia artificial generativa para docentes: tendencias y aplicaciones para transformar el aprendizaje&#8221;, en la que comparti\u00f3 herramientas y enfoques innovadores para la incorporaci\u00f3n de estas tecnolog\u00edas en la pr\u00e1ctica educativa.<br>El foro cont\u00f3 con la destacada presencia de autoridades estatales, especialistas y acad\u00e9micos, entre ellos, la directora del ITACE, Claudia Anaya Alvarado; el secretario de Educaci\u00f3n en Tamaulipas, Miguel \u00c1ngel Valdez Garc\u00eda; el secretario del Trabajo, Luis Gerardo Illoldi Reyes; la secretaria acad\u00e9mica de la UAT, Rosa Issel Acosta Gonz\u00e1lez, en representaci\u00f3n del rector D\u00e1maso Anaya Alvarado; y el vicepresidente de la C\u00e1mara Nacional de la Industria Electr\u00f3nica de Telecomunicaciones y Tecnolog\u00edas de la Informaci\u00f3n (CANIETI), Manuel Roche Rangel.\u200b<\/p>\n\n\n\n<figure class=\"wp-block-image\"><img decoding=\"async\" src=\"https:\/\/www.uat.edu.mx\/noticias\/PublishingImages\/2024\/05\/foto%201%20ciberseguridad%2011%2007%202025_YXG338.jpg\" alt=\"\"\/><\/figure>\n","protected":false},"excerpt":{"rendered":"<p>11 de julio del 2025 &#8220;&nbsp;La Universidad Aut\u00f3noma de Tamaulipas (UAT) particip\u00f3 en el Foro de Inteligencia Artificial, Semiconductores y Microelectr\u00f3nica, evento que reuni\u00f3 a representantes del sector educativo, industrial y gubernamental para delinear acciones concretas hacia una transformaci\u00f3n educativa con visi\u00f3n de futuro.&nbsp;&#8220; \u200b Ciudad Victoria, Tam.; 11 de julio de 2025. Como parte [&hellip;]<\/p>\n","protected":false},"author":1,"featured_media":4804,"comment_status":"open","ping_status":"open","sticky":false,"template":"","format":"standard","meta":{"footnotes":""},"categories":[4],"tags":[],"class_list":["post-4803","post","type-post","status-publish","format-standard","has-post-thumbnail","hentry","category-universidades"],"blog_post_layout_featured_media_urls":{"thumbnail":["https:\/\/elregionaldigital.info\/wp-content\/uploads\/2025\/07\/foto-1-ciberseguridad-11-07-2025_YXG338-10-150x150.jpg",150,150,true],"full":["https:\/\/elregionaldigital.info\/wp-content\/uploads\/2025\/07\/foto-1-ciberseguridad-11-07-2025_YXG338-10.jpg",900,600,false]},"categories_names":{"4":{"name":"Universidades","link":"https:\/\/elregionaldigital.info\/?cat=4"}},"tags_names":[],"comments_number":"0","wpmagazine_modules_lite_featured_media_urls":{"thumbnail":["https:\/\/elregionaldigital.info\/wp-content\/uploads\/2025\/07\/foto-1-ciberseguridad-11-07-2025_YXG338-10-150x150.jpg",150,150,true],"cvmm-medium":["https:\/\/elregionaldigital.info\/wp-content\/uploads\/2025\/07\/foto-1-ciberseguridad-11-07-2025_YXG338-10-300x300.jpg",300,300,true],"cvmm-medium-plus":["https:\/\/elregionaldigital.info\/wp-content\/uploads\/2025\/07\/foto-1-ciberseguridad-11-07-2025_YXG338-10-305x207.jpg",305,207,true],"cvmm-portrait":["https:\/\/elregionaldigital.info\/wp-content\/uploads\/2025\/07\/foto-1-ciberseguridad-11-07-2025_YXG338-10-400x600.jpg",400,600,true],"cvmm-medium-square":["https:\/\/elregionaldigital.info\/wp-content\/uploads\/2025\/07\/foto-1-ciberseguridad-11-07-2025_YXG338-10-600x600.jpg",600,600,true],"cvmm-large":["https:\/\/elregionaldigital.info\/wp-content\/uploads\/2025\/07\/foto-1-ciberseguridad-11-07-2025_YXG338-10.jpg",900,600,false],"cvmm-small":["https:\/\/elregionaldigital.info\/wp-content\/uploads\/2025\/07\/foto-1-ciberseguridad-11-07-2025_YXG338-10-130x95.jpg",130,95,true],"full":["https:\/\/elregionaldigital.info\/wp-content\/uploads\/2025\/07\/foto-1-ciberseguridad-11-07-2025_YXG338-10.jpg",900,600,false]},"_links":{"self":[{"href":"https:\/\/elregionaldigital.info\/index.php?rest_route=\/wp\/v2\/posts\/4803","targetHints":{"allow":["GET"]}}],"collection":[{"href":"https:\/\/elregionaldigital.info\/index.php?rest_route=\/wp\/v2\/posts"}],"about":[{"href":"https:\/\/elregionaldigital.info\/index.php?rest_route=\/wp\/v2\/types\/post"}],"author":[{"embeddable":true,"href":"https:\/\/elregionaldigital.info\/index.php?rest_route=\/wp\/v2\/users\/1"}],"replies":[{"embeddable":true,"href":"https:\/\/elregionaldigital.info\/index.php?rest_route=%2Fwp%2Fv2%2Fcomments&post=4803"}],"version-history":[{"count":1,"href":"https:\/\/elregionaldigital.info\/index.php?rest_route=\/wp\/v2\/posts\/4803\/revisions"}],"predecessor-version":[{"id":4805,"href":"https:\/\/elregionaldigital.info\/index.php?rest_route=\/wp\/v2\/posts\/4803\/revisions\/4805"}],"wp:featuredmedia":[{"embeddable":true,"href":"https:\/\/elregionaldigital.info\/index.php?rest_route=\/wp\/v2\/media\/4804"}],"wp:attachment":[{"href":"https:\/\/elregionaldigital.info\/index.php?rest_route=%2Fwp%2Fv2%2Fmedia&parent=4803"}],"wp:term":[{"taxonomy":"category","embeddable":true,"href":"https:\/\/elregionaldigital.info\/index.php?rest_route=%2Fwp%2Fv2%2Fcategories&post=4803"},{"taxonomy":"post_tag","embeddable":true,"href":"https:\/\/elregionaldigital.info\/index.php?rest_route=%2Fwp%2Fv2%2Ftags&post=4803"}],"curies":[{"name":"wp","href":"https:\/\/api.w.org\/{rel}","templated":true}]}}