{"id":4783,"date":"2025-07-06T19:26:34","date_gmt":"2025-07-06T19:26:34","guid":{"rendered":"https:\/\/elregionaldigital.info\/?p=4783"},"modified":"2025-07-07T19:27:08","modified_gmt":"2025-07-07T19:27:08","slug":"estudiantes-de-la-uat-inician-estancia-academica-en-canada","status":"publish","type":"post","link":"https:\/\/elregionaldigital.info\/?p=4783","title":{"rendered":"Estudiantes de la UAT inician estancia acad\u00e9mica en Canad\u00e1"},"content":{"rendered":"\n<p>6 de julio del 2025<\/p>\n\n\n\n<p><strong>&#8220;<\/strong>&nbsp;En un emotivo encuentro, el rector de la Universidad Aut\u00f3noma de Tamaulipas (UAT), D\u00e1maso Anaya Alvarado y su esposa, Lic. Isolda Rend\u00f3n de Anaya, presidenta de Familia UAT, despidieron al grupo de 18 estudiantes del Centro de Idiomas para la Ni\u00f1ez y la Adolescencia (CeINA) que participan en el programa de movilidad Verano en Canad\u00e1, una iniciativa que promueve la formaci\u00f3n internacional desde edades tempranas.&nbsp;<strong>&#8220;<\/strong><\/p>\n\n\n\n<p>\u200b<\/p>\n\n\n\n<p>Ciudad Victoria, Tam.; 6 de julio de 2025.<\/p>\n\n\n\n<p>Durante la convivencia previa al inicio del viaje, el rector y su esposa agradecieron la confianza depositada por las familias en la universidad y reiteraron su compromiso por seguir generando oportunidades de movilidad acad\u00e9mica, fortaleciendo el aprendizaje de lenguas extranjeras, as\u00ed como consolidando convenios internacionales que beneficien directamente a estudiantes y sus familias.<\/p>\n\n\n\n<p>El grupo, conformado por estudiantes de entre 14 y 18 a\u00f1os, fue despedido entre mensajes de aliento y muestras de entusiasmo. Con maletas en mano, abordaron el autob\u00fas universitario que marc\u00f3 el inicio de esta experiencia de inmersi\u00f3n cultural y ling\u00fc\u00edstica como parte del programa que se realiza con la Universidad de Victoria en Canad\u00e1.<\/p>\n\n\n\n<p>Durante la ceremonia tambi\u00e9n estuvieron presentes la directora del CeINA, Edith Maldonado D\u00edaz y personal docente del centro, as\u00ed como los instructores universitarios que acompa\u00f1ar\u00e1n al grupo durante toda su estancia, brindando acompa\u00f1amiento acad\u00e9mico y atenci\u00f3n permanente.<\/p>\n\n\n\n<p>Las madres, padres y familiares de los estudiantes agradecieron el respaldo institucional brindado por la Universidad mediante Familia UAT, el cual ha facilitado la participaci\u00f3n de sus hijas e hijos en esta experiencia internacional que enriquecer\u00e1 su formaci\u00f3n y ampliar\u00e1 su visi\u00f3n del mundo.<\/p>\n\n\n\n<p>Con este programa, la UAT reafirma su vocaci\u00f3n educativa de formar ciudadanos globales, capaces de desenvolverse en contextos multiculturales y comprometidos con su desarrollo acad\u00e9mico desde una perspectiva integral.<\/p>\n\n\n\n<figure class=\"wp-block-image\"><img decoding=\"async\" src=\"https:\/\/www.uat.edu.mx\/noticias\/PublishingImages\/2024\/05\/4_QOE423.jpg\" alt=\"\"\/><\/figure>\n","protected":false},"excerpt":{"rendered":"<p>6 de julio del 2025 &#8220;&nbsp;En un emotivo encuentro, el rector de la Universidad Aut\u00f3noma de Tamaulipas (UAT), D\u00e1maso Anaya Alvarado y su esposa, Lic. Isolda Rend\u00f3n de Anaya, presidenta de Familia UAT, despidieron al grupo de 18 estudiantes del Centro de Idiomas para la Ni\u00f1ez y la Adolescencia (CeINA) que participan en el programa [&hellip;]<\/p>\n","protected":false},"author":1,"featured_media":4784,"comment_status":"open","ping_status":"open","sticky":false,"template":"","format":"standard","meta":{"footnotes":""},"categories":[4],"tags":[],"class_list":["post-4783","post","type-post","status-publish","format-standard","has-post-thumbnail","hentry","category-universidades"],"blog_post_layout_featured_media_urls":{"thumbnail":["https:\/\/elregionaldigital.info\/wp-content\/uploads\/2025\/07\/5_QOE423-150x150.jpg",150,150,true],"full":["https:\/\/elregionaldigital.info\/wp-content\/uploads\/2025\/07\/5_QOE423.jpg",900,599,false]},"categories_names":{"4":{"name":"Universidades","link":"https:\/\/elregionaldigital.info\/?cat=4"}},"tags_names":[],"comments_number":"0","wpmagazine_modules_lite_featured_media_urls":{"thumbnail":["https:\/\/elregionaldigital.info\/wp-content\/uploads\/2025\/07\/5_QOE423-150x150.jpg",150,150,true],"cvmm-medium":["https:\/\/elregionaldigital.info\/wp-content\/uploads\/2025\/07\/5_QOE423-300x300.jpg",300,300,true],"cvmm-medium-plus":["https:\/\/elregionaldigital.info\/wp-content\/uploads\/2025\/07\/5_QOE423-305x207.jpg",305,207,true],"cvmm-portrait":["https:\/\/elregionaldigital.info\/wp-content\/uploads\/2025\/07\/5_QOE423-400x599.jpg",400,599,true],"cvmm-medium-square":["https:\/\/elregionaldigital.info\/wp-content\/uploads\/2025\/07\/5_QOE423-600x599.jpg",600,599,true],"cvmm-large":["https:\/\/elregionaldigital.info\/wp-content\/uploads\/2025\/07\/5_QOE423.jpg",900,599,false],"cvmm-small":["https:\/\/elregionaldigital.info\/wp-content\/uploads\/2025\/07\/5_QOE423-130x95.jpg",130,95,true],"full":["https:\/\/elregionaldigital.info\/wp-content\/uploads\/2025\/07\/5_QOE423.jpg",900,599,false]},"_links":{"self":[{"href":"https:\/\/elregionaldigital.info\/index.php?rest_route=\/wp\/v2\/posts\/4783","targetHints":{"allow":["GET"]}}],"collection":[{"href":"https:\/\/elregionaldigital.info\/index.php?rest_route=\/wp\/v2\/posts"}],"about":[{"href":"https:\/\/elregionaldigital.info\/index.php?rest_route=\/wp\/v2\/types\/post"}],"author":[{"embeddable":true,"href":"https:\/\/elregionaldigital.info\/index.php?rest_route=\/wp\/v2\/users\/1"}],"replies":[{"embeddable":true,"href":"https:\/\/elregionaldigital.info\/index.php?rest_route=%2Fwp%2Fv2%2Fcomments&post=4783"}],"version-history":[{"count":1,"href":"https:\/\/elregionaldigital.info\/index.php?rest_route=\/wp\/v2\/posts\/4783\/revisions"}],"predecessor-version":[{"id":4785,"href":"https:\/\/elregionaldigital.info\/index.php?rest_route=\/wp\/v2\/posts\/4783\/revisions\/4785"}],"wp:featuredmedia":[{"embeddable":true,"href":"https:\/\/elregionaldigital.info\/index.php?rest_route=\/wp\/v2\/media\/4784"}],"wp:attachment":[{"href":"https:\/\/elregionaldigital.info\/index.php?rest_route=%2Fwp%2Fv2%2Fmedia&parent=4783"}],"wp:term":[{"taxonomy":"category","embeddable":true,"href":"https:\/\/elregionaldigital.info\/index.php?rest_route=%2Fwp%2Fv2%2Fcategories&post=4783"},{"taxonomy":"post_tag","embeddable":true,"href":"https:\/\/elregionaldigital.info\/index.php?rest_route=%2Fwp%2Fv2%2Ftags&post=4783"}],"curies":[{"name":"wp","href":"https:\/\/api.w.org\/{rel}","templated":true}]}}