{"id":4780,"date":"2025-07-05T19:23:16","date_gmt":"2025-07-05T19:23:16","guid":{"rendered":"https:\/\/elregionaldigital.info\/?p=4780"},"modified":"2025-07-06T19:23:53","modified_gmt":"2025-07-06T19:23:53","slug":"obtiene-la-uat-segundo-lugar-nacional-en-competencia-de-escoltas-y-bandas-de-guerra","status":"publish","type":"post","link":"https:\/\/elregionaldigital.info\/?p=4780","title":{"rendered":"Obtiene la UAT segundo lugar nacional en competencia de escoltas y bandas de guerra"},"content":{"rendered":"\n<p>Ciudad Victoria, Tam.; 5 de julio de 2025.<\/p>\n\n\n\n<p>Estudiantes de la Universidad Aut\u00f3noma de Tamaulipas (UAT) obtuvieron el segundo<br>lugar nacional en el Abierto de Bandas de Guerra y Escoltas de Bandera, consolid\u00e1ndose<br>entre los mejores equipos del pa\u00eds en esta disciplina.<br>La representaci\u00f3n universitaria estuvo integrada por siete estudiantes de la Facultad de<br>Enfermer\u00eda Victoria (FEV), quienes participaron en este evento nacional con un alto nivel<br>de compromiso, disciplina y trabajo en equipo, cualidades que les permitieron destacar<br>entre los contingentes de distintas regiones del pa\u00eds.<br>Este resultado fue alcanzado durante este abierto, el cual es una de las competencias c\u00edvico-<br>militares m\u00e1s relevantes del pa\u00eds, organizada por la Federaci\u00f3n Mexicana de Bandas de<br>Marcha, Escoltas y Guiones A. C. (FEMEXBAM), y realizada en la Ciudad de M\u00e9xico, en<br>el emblem\u00e1tico Bosque de Chapultepec.<br>El grupo representativo de la UAT estuvo conformado por las y los estudiantes Jacqueline<br>Castillo Hern\u00e1ndez, Derek Andre Echartea Sierra, Regina Joleth Garc\u00eda Carre\u00f3n, Christian<br>Alexis Maldonado Delgado, Ceshia Sarah\u00ed M\u00e9ndez Escobar, Orlando Jes\u00fas Moya<br>Maldonado y Jos\u00e9 Antonio Villanueva Porras, quienes demostraron un destacado nivel de<br>preparaci\u00f3n, disciplina y compromiso durante su participaci\u00f3n.<br>Su desempe\u00f1o fue respaldado por el trabajo formativo y t\u00e9cnico de los instructores Jos\u00e9<br>Emmanuel Requena Cumpe\u00e1n y Ricardo Puente Ju\u00e1rez, quienes brindaron<br>acompa\u00f1amiento constante en el proceso de preparaci\u00f3n y competencia.<br>Este logro cont\u00f3 con el respaldo institucional del rector de la UAT, D\u00e1maso Anaya<br>Alvarado, y de la directora de la Facultad de Enfermer\u00eda Victoria, Laura Roxana de los<br>Reyes Nieto, quienes expresaron su felicitaci\u00f3n, destacando el impulso de iniciativas que<br>fortalecen la disciplina, el trabajo en equipo y los valores c\u00edvicos entre la comunidad<br>estudiantil.<\/p>\n\n\n\n<figure class=\"wp-block-image\"><img decoding=\"async\" src=\"https:\/\/diarioelcuerudo.info\/wp-content\/uploads\/2025\/07\/foto-1-bandas-de-guerra-05-07-2025-1-1024x722.jpg\" alt=\"\" class=\"wp-image-3269\"\/><\/figure>\n","protected":false},"excerpt":{"rendered":"<p>Ciudad Victoria, Tam.; 5 de julio de 2025. Estudiantes de la Universidad Aut\u00f3noma de Tamaulipas (UAT) obtuvieron el segundolugar nacional en el Abierto de Bandas de Guerra y Escoltas de Bandera, consolid\u00e1ndoseentre los mejores equipos del pa\u00eds en esta disciplina.La representaci\u00f3n universitaria estuvo integrada por siete estudiantes de la Facultad deEnfermer\u00eda Victoria (FEV), quienes participaron [&hellip;]<\/p>\n","protected":false},"author":1,"featured_media":4781,"comment_status":"open","ping_status":"open","sticky":false,"template":"","format":"standard","meta":{"footnotes":""},"categories":[4],"tags":[],"class_list":["post-4780","post","type-post","status-publish","format-standard","has-post-thumbnail","hentry","category-universidades"],"blog_post_layout_featured_media_urls":{"thumbnail":["https:\/\/elregionaldigital.info\/wp-content\/uploads\/2025\/07\/foto-1-bandas-de-guerra-05-07-2025-150x150.jpg",150,150,true],"full":["https:\/\/elregionaldigital.info\/wp-content\/uploads\/2025\/07\/foto-1-bandas-de-guerra-05-07-2025.jpg",1170,825,false]},"categories_names":{"4":{"name":"Universidades","link":"https:\/\/elregionaldigital.info\/?cat=4"}},"tags_names":[],"comments_number":"0","wpmagazine_modules_lite_featured_media_urls":{"thumbnail":["https:\/\/elregionaldigital.info\/wp-content\/uploads\/2025\/07\/foto-1-bandas-de-guerra-05-07-2025-150x150.jpg",150,150,true],"cvmm-medium":["https:\/\/elregionaldigital.info\/wp-content\/uploads\/2025\/07\/foto-1-bandas-de-guerra-05-07-2025-300x300.jpg",300,300,true],"cvmm-medium-plus":["https:\/\/elregionaldigital.info\/wp-content\/uploads\/2025\/07\/foto-1-bandas-de-guerra-05-07-2025-305x207.jpg",305,207,true],"cvmm-portrait":["https:\/\/elregionaldigital.info\/wp-content\/uploads\/2025\/07\/foto-1-bandas-de-guerra-05-07-2025-400x600.jpg",400,600,true],"cvmm-medium-square":["https:\/\/elregionaldigital.info\/wp-content\/uploads\/2025\/07\/foto-1-bandas-de-guerra-05-07-2025-600x600.jpg",600,600,true],"cvmm-large":["https:\/\/elregionaldigital.info\/wp-content\/uploads\/2025\/07\/foto-1-bandas-de-guerra-05-07-2025-1024x825.jpg",1024,825,true],"cvmm-small":["https:\/\/elregionaldigital.info\/wp-content\/uploads\/2025\/07\/foto-1-bandas-de-guerra-05-07-2025-130x95.jpg",130,95,true],"full":["https:\/\/elregionaldigital.info\/wp-content\/uploads\/2025\/07\/foto-1-bandas-de-guerra-05-07-2025.jpg",1170,825,false]},"_links":{"self":[{"href":"https:\/\/elregionaldigital.info\/index.php?rest_route=\/wp\/v2\/posts\/4780","targetHints":{"allow":["GET"]}}],"collection":[{"href":"https:\/\/elregionaldigital.info\/index.php?rest_route=\/wp\/v2\/posts"}],"about":[{"href":"https:\/\/elregionaldigital.info\/index.php?rest_route=\/wp\/v2\/types\/post"}],"author":[{"embeddable":true,"href":"https:\/\/elregionaldigital.info\/index.php?rest_route=\/wp\/v2\/users\/1"}],"replies":[{"embeddable":true,"href":"https:\/\/elregionaldigital.info\/index.php?rest_route=%2Fwp%2Fv2%2Fcomments&post=4780"}],"version-history":[{"count":1,"href":"https:\/\/elregionaldigital.info\/index.php?rest_route=\/wp\/v2\/posts\/4780\/revisions"}],"predecessor-version":[{"id":4782,"href":"https:\/\/elregionaldigital.info\/index.php?rest_route=\/wp\/v2\/posts\/4780\/revisions\/4782"}],"wp:featuredmedia":[{"embeddable":true,"href":"https:\/\/elregionaldigital.info\/index.php?rest_route=\/wp\/v2\/media\/4781"}],"wp:attachment":[{"href":"https:\/\/elregionaldigital.info\/index.php?rest_route=%2Fwp%2Fv2%2Fmedia&parent=4780"}],"wp:term":[{"taxonomy":"category","embeddable":true,"href":"https:\/\/elregionaldigital.info\/index.php?rest_route=%2Fwp%2Fv2%2Fcategories&post=4780"},{"taxonomy":"post_tag","embeddable":true,"href":"https:\/\/elregionaldigital.info\/index.php?rest_route=%2Fwp%2Fv2%2Ftags&post=4780"}],"curies":[{"name":"wp","href":"https:\/\/api.w.org\/{rel}","templated":true}]}}