{"id":4777,"date":"2025-07-04T19:21:42","date_gmt":"2025-07-04T19:21:42","guid":{"rendered":"https:\/\/elregionaldigital.info\/?p=4777"},"modified":"2025-07-06T19:23:10","modified_gmt":"2025-07-06T19:23:10","slug":"el-rector-damaso-anaya-y-la-lic-isolda-rendon-presiden-graduacion-de-cendis-de-la-uat","status":"publish","type":"post","link":"https:\/\/elregionaldigital.info\/?p=4777","title":{"rendered":"El rector D\u00e1maso Anaya y la Lic. Isolda Rend\u00f3n presiden graduaci\u00f3n de CENDIS de la UAT"},"content":{"rendered":"\n<p>Ciudad Victoria, Tam.; 4 de julio de 2025.<\/p>\n\n\n\n<p>Con gran j\u00fabilo la UAT celebra el egreso de la primera generaci\u00f3n del CENDI E0004; de la<br>generaci\u00f3n 41 del CENDI Victoria; y la tercera del C\u00edrculo de Desarrollo Infantil del Campus<br>Victoria.<br>El rector de la Universidad Aut\u00f3noma de Tamaulipas, D\u00e1maso Anaya Alvarado y su esposa, Lic.<br>Isolda Rend\u00f3n de Anaya, presidenta de Familia UAT, encabezaron la ceremonia de graduaci\u00f3n de<br>m\u00e1s de 130 ni\u00f1as y ni\u00f1os que egresaron de los centros de atenci\u00f3n infantil que forman parte de la<br>m\u00e1xima casa de estudios del estado.<br>La emotiva celebraci\u00f3n marc\u00f3 el egreso de la generaci\u00f3n n\u00famero 41 de Preescolar 3 del CENDI<br>UAT Victoria; la tercera generaci\u00f3n del C\u00edrculo de Desarrollo Infantil (CDIN) del Campus Victoria; y<br>la primera generaci\u00f3n de la Guarder\u00eda CENDI UAT E-0004.<br>En su mensaje, el rector D\u00e1maso Anaya record\u00f3 los or\u00edgenes del primer CENDI de la Universidad,<br>creado en los a\u00f1os ochenta, y subray\u00f3 que estos espacios no solo brindan atenci\u00f3n y cuidado, sino<br>que forman parte de una visi\u00f3n educativa centrada en el desarrollo integral desde la primera<br>infancia.<br>Asimismo, reconoci\u00f3 el esfuerzo de las familias, el profesionalismo del personal docente y la<br>entrega de quienes hacen posible estos programas, luego de reafirmar que la UAT es una<br>comunidad que acompa\u00f1a, educa y transforma. Agradeci\u00f3 especialmente a su esposa, Isolda<br>Rend\u00f3n, por su compromiso cercano y constante con la ni\u00f1ez.<br>Finalmente, reafirm\u00f3 que el modelo de universidad que promueve es uno que pone al ser humano<br>en el centro y que, cuando se educa desde el amor y en comunidad, no hay l\u00edmites para lo que se<br>puede lograr.<br>Por su parte, la presidenta de Familia UAT, Lic. Isolda Rend\u00f3n de Anaya, dirigi\u00f3 un emotivo<br>mensaje en el que agradeci\u00f3 la confianza de madres y padres, a la vez que reconoci\u00f3 el<br>profesionalismo del personal docente y administrativo de cada centro. A su vez, subray\u00f3 la<br>importancia de fomentar una educaci\u00f3n basada en el afecto, la inclusi\u00f3n y los valores desde las<br>etapas tempranas, reiterando su respaldo y cercan\u00eda para seguir fortaleciendo estos espacios de<br>atenci\u00f3n, educaci\u00f3n y cuidado de la ni\u00f1ez universitaria.<br>El evento, celebrado en el Gimnasio Multidisciplinario Victoria, incluy\u00f3 el acto protocolario de<br>honores a la Bandera Nacional, presentaciones art\u00edsticas y mensajes de despedida en espa\u00f1ol e<br>ingl\u00e9s a cargo de los infantes.<br>Acompa\u00f1aron en la entrega de constancias, las directoras de cada plantel: Juana Mar\u00eda Escalante<br>Ruiz, Olivia Carolina Orteg\u00f3n Ram\u00edrez y Claudia Ver\u00f3nica Cedillo de los Santos, quienes despidieron<br>a sus respectivas generaciones, dese\u00e1ndoles \u00e9xito en su camino.<br>As\u00ed, con m\u00e1s de 130 infancias egresadas y m\u00e1s de sesenta familias universitarias directamente<br>beneficiadas, la UAT reafirma su vocaci\u00f3n como una instituci\u00f3n que inspira y transforma desde la<br>educaci\u00f3n temprana, acompa\u00f1ada del afecto, el conocimiento y el compromiso con el futuro de<br>Tamaulipas.<\/p>\n\n\n\n<figure class=\"wp-block-image\"><img decoding=\"async\" src=\"https:\/\/diarioelcuerudo.info\/wp-content\/uploads\/2025\/07\/6-6-1-1024x682.jpeg\" alt=\"\" class=\"wp-image-3265\"\/><\/figure>\n","protected":false},"excerpt":{"rendered":"<p>Ciudad Victoria, Tam.; 4 de julio de 2025. Con gran j\u00fabilo la UAT celebra el egreso de la primera generaci\u00f3n del CENDI E0004; de lageneraci\u00f3n 41 del CENDI Victoria; y la tercera del C\u00edrculo de Desarrollo Infantil del CampusVictoria.El rector de la Universidad Aut\u00f3noma de Tamaulipas, D\u00e1maso Anaya Alvarado y su esposa, Lic.Isolda Rend\u00f3n de [&hellip;]<\/p>\n","protected":false},"author":1,"featured_media":4778,"comment_status":"open","ping_status":"open","sticky":false,"template":"","format":"standard","meta":{"footnotes":""},"categories":[4],"tags":[],"class_list":["post-4777","post","type-post","status-publish","format-standard","has-post-thumbnail","hentry","category-universidades"],"blog_post_layout_featured_media_urls":{"thumbnail":["https:\/\/elregionaldigital.info\/wp-content\/uploads\/2025\/07\/6-6-150x150.jpeg",150,150,true],"full":["https:\/\/elregionaldigital.info\/wp-content\/uploads\/2025\/07\/6-6.jpeg",2560,1706,false]},"categories_names":{"4":{"name":"Universidades","link":"https:\/\/elregionaldigital.info\/?cat=4"}},"tags_names":[],"comments_number":"0","wpmagazine_modules_lite_featured_media_urls":{"thumbnail":["https:\/\/elregionaldigital.info\/wp-content\/uploads\/2025\/07\/6-6-150x150.jpeg",150,150,true],"cvmm-medium":["https:\/\/elregionaldigital.info\/wp-content\/uploads\/2025\/07\/6-6-300x300.jpeg",300,300,true],"cvmm-medium-plus":["https:\/\/elregionaldigital.info\/wp-content\/uploads\/2025\/07\/6-6-305x207.jpeg",305,207,true],"cvmm-portrait":["https:\/\/elregionaldigital.info\/wp-content\/uploads\/2025\/07\/6-6-400x600.jpeg",400,600,true],"cvmm-medium-square":["https:\/\/elregionaldigital.info\/wp-content\/uploads\/2025\/07\/6-6-600x600.jpeg",600,600,true],"cvmm-large":["https:\/\/elregionaldigital.info\/wp-content\/uploads\/2025\/07\/6-6-1024x1024.jpeg",1024,1024,true],"cvmm-small":["https:\/\/elregionaldigital.info\/wp-content\/uploads\/2025\/07\/6-6-130x95.jpeg",130,95,true],"full":["https:\/\/elregionaldigital.info\/wp-content\/uploads\/2025\/07\/6-6.jpeg",2560,1706,false]},"_links":{"self":[{"href":"https:\/\/elregionaldigital.info\/index.php?rest_route=\/wp\/v2\/posts\/4777","targetHints":{"allow":["GET"]}}],"collection":[{"href":"https:\/\/elregionaldigital.info\/index.php?rest_route=\/wp\/v2\/posts"}],"about":[{"href":"https:\/\/elregionaldigital.info\/index.php?rest_route=\/wp\/v2\/types\/post"}],"author":[{"embeddable":true,"href":"https:\/\/elregionaldigital.info\/index.php?rest_route=\/wp\/v2\/users\/1"}],"replies":[{"embeddable":true,"href":"https:\/\/elregionaldigital.info\/index.php?rest_route=%2Fwp%2Fv2%2Fcomments&post=4777"}],"version-history":[{"count":1,"href":"https:\/\/elregionaldigital.info\/index.php?rest_route=\/wp\/v2\/posts\/4777\/revisions"}],"predecessor-version":[{"id":4779,"href":"https:\/\/elregionaldigital.info\/index.php?rest_route=\/wp\/v2\/posts\/4777\/revisions\/4779"}],"wp:featuredmedia":[{"embeddable":true,"href":"https:\/\/elregionaldigital.info\/index.php?rest_route=\/wp\/v2\/media\/4778"}],"wp:attachment":[{"href":"https:\/\/elregionaldigital.info\/index.php?rest_route=%2Fwp%2Fv2%2Fmedia&parent=4777"}],"wp:term":[{"taxonomy":"category","embeddable":true,"href":"https:\/\/elregionaldigital.info\/index.php?rest_route=%2Fwp%2Fv2%2Fcategories&post=4777"},{"taxonomy":"post_tag","embeddable":true,"href":"https:\/\/elregionaldigital.info\/index.php?rest_route=%2Fwp%2Fv2%2Ftags&post=4777"}],"curies":[{"name":"wp","href":"https:\/\/api.w.org\/{rel}","templated":true}]}}